{"id":151227,"date":"2025-12-15T02:28:09","date_gmt":"2025-12-15T02:28:09","guid":{"rendered":"https:\/\/www.europesays.com\/pl\/151227\/"},"modified":"2025-12-15T02:28:09","modified_gmt":"2025-12-15T02:28:09","slug":"fatalne-wiesci-dla-polakow-ws-turnieju-czterech-skoczni","status":"publish","type":"post","link":"https:\/\/www.europesays.com\/pl\/151227\/","title":{"rendered":"Fatalne wie\u015bci dla Polak\u00f3w ws. Turnieju Czterech Skoczni"},"content":{"rendered":"\n<p class=\"contentpart contentpart--default contentpart--text\" data-position=\"0\">Tym razem w kadrze reprezentacji Polski na Puchar Kontynentalny znalaz\u0142 si\u0119 Aleksander Zniszczo\u0142. Wszystko z uwagi na to, \u017ce straci\u0142 miejsce w Pucharze \u015awiata, a w przypadku udanych wyst\u0119p\u00f3w w fi\u0144skiej Ruce mia\u0142 szans\u0119 zapewni\u0107 sobie wyst\u0119p w 74. Turnieju Czterech Skoczni.<\/p>\n<p class=\"contentpart contentpart--default contentpart--text\" data-position=\"1\">Tymczasem po sobotnim konkursie najbli\u017cej celu, je\u017celi chodzi o Bia\u0142o-Czerwonych, by\u0142 Klemens Joniak. Traci\u0142 on jednak 15 punkt\u00f3w do Junshiro Kobayashiego, wobec czego jasne by\u0142o, \u017ce w niedziel\u0119 czeka go bardzo trudne zadanie.<\/p>\n<p> <img role=\"presentation\" src=\"https:\/\/std.wpcdn.pl\/images\/adv\/placeholder_wp.svg\" loading=\"lazy\" alt=\"\" decoding=\"async\"\/>  <\/p>\n<p class=\"contentpart contentpart--default contentpart--text\" data-position=\"2\">Po pierwszej serii drugiego konkursu indywidualnego Joniak zajmowa\u0142 4. miejsce, natomiast Japo\u0144czyk by\u0142 8. W tym czasie nasz reprezentant znajdowa\u0142 si\u0119 w gronie skoczk\u00f3w, kt\u00f3rzy mieli zapewnione dodatkowe miejsce na nadchodz\u0105cy TCS.<\/p>\n<p class=\"contentpart contentpart--default contentpart--text\" data-position=\"3\">Polski skoczek nie by\u0142 jednak w stanie utrzyma\u0107 swojego miejsca. Gorsza pr\u00f3ba w drugiej serii doprowadzi\u0142a do tego, \u017ce zanotowa\u0142 spadek i ostatecznie zako\u0144czy\u0142 zawody na 7. miejscu. Tymczasem Kobayashi awansowa\u0142 na 4. pozycj\u0119.<\/p>\n<p class=\"contentpart contentpart--default contentpart--text\" data-position=\"4\">Wobec tego w 74. Turnieju Czterech Skoczni wyst\u0105pi 5 zawodnik\u00f3w z naszego kraju. Dodatkowe miejsca wywalczy\u0142y reprezentacje Austrii, Norwegii oraz Japonii. Najlepszy z Polak\u00f3w, Joniak, straci\u0142 ostatecznie 29 punkt\u00f3w do Kobayashiego, kt\u00f3ry zaj\u0105\u0142 ostatni\u0105 lokat\u0119 gwarantuj\u0105c\u0105 wyst\u0119p w TCS.<\/p>\n<p class=\"contentpart contentpart--default contentpart--text\" data-position=\"5\">ZOBACZ WIDEO: Oto jakie zdanie o trenerze polskich skoczk\u00f3w maj\u0105 kibice<\/p>\n","protected":false},"excerpt":{"rendered":"Tym razem w kadrze reprezentacji Polski na Puchar Kontynentalny znalaz\u0142 si\u0119 Aleksander Zniszczo\u0142. Wszystko z uwagi na to,&hellip;\n","protected":false},"author":2,"featured_media":151228,"comment_status":"","ping_status":"","sticky":false,"template":"","format":"standard","meta":{"footnotes":""},"categories":[24],"tags":[17244,6800,42,38,40,39,41,1538,127,126,447,29423],"class_list":{"0":"post-151227","1":"post","2":"type-post","3":"status-publish","4":"format-standard","5":"has-post-thumbnail","7":"category-sport","8":"tag-aleksander-zniszczol","9":"tag-klemens-joniak","10":"tag-pl","11":"tag-poland","12":"tag-polish","13":"tag-polska","14":"tag-polski","15":"tag-skoki-narciarskie","16":"tag-sport","17":"tag-sports","18":"tag-sporty-zimowe","19":"tag-turniej-czterech-skoczni"},"share_on_mastodon":{"url":"https:\/\/pubeurope.com\/@pl\/115721228085937059","error":""},"_links":{"self":[{"href":"https:\/\/www.europesays.com\/pl\/wp-json\/wp\/v2\/posts\/151227","targetHints":{"allow":["GET"]}}],"collection":[{"href":"https:\/\/www.europesays.com\/pl\/wp-json\/wp\/v2\/posts"}],"about":[{"href":"https:\/\/www.europesays.com\/pl\/wp-json\/wp\/v2\/types\/post"}],"author":[{"embeddable":true,"href":"https:\/\/www.europesays.com\/pl\/wp-json\/wp\/v2\/users\/2"}],"replies":[{"embeddable":true,"href":"https:\/\/www.europesays.com\/pl\/wp-json\/wp\/v2\/comments?post=151227"}],"version-history":[{"count":0,"href":"https:\/\/www.europesays.com\/pl\/wp-json\/wp\/v2\/posts\/151227\/revisions"}],"wp:featuredmedia":[{"embeddable":true,"href":"https:\/\/www.europesays.com\/pl\/wp-json\/wp\/v2\/media\/151228"}],"wp:attachment":[{"href":"https:\/\/www.europesays.com\/pl\/wp-json\/wp\/v2\/media?parent=151227"}],"wp:term":[{"taxonomy":"category","embeddable":true,"href":"https:\/\/www.europesays.com\/pl\/wp-json\/wp\/v2\/categories?post=151227"},{"taxonomy":"post_tag","embeddable":true,"href":"https:\/\/www.europesays.com\/pl\/wp-json\/wp\/v2\/tags?post=151227"}],"curies":[{"name":"wp","href":"https:\/\/api.w.org\/{rel}","templated":true}]}}