{"id":151231,"date":"2025-12-15T02:32:15","date_gmt":"2025-12-15T02:32:15","guid":{"rendered":"https:\/\/www.europesays.com\/pl\/151231\/"},"modified":"2025-12-15T02:32:15","modified_gmt":"2025-12-15T02:32:15","slug":"zbrojna-konfrontacja-tajlandii-i-kambodzy-dobrze-sluzy-elitom-politycznym-obu-krajow","status":"publish","type":"post","link":"https:\/\/www.europesays.com\/pl\/151231\/","title":{"rendered":"Zbrojna konfrontacja Tajlandii i Kambod\u017cy dobrze s\u0142u\u017cy elitom politycznym obu kraj\u00f3w"},"content":{"rendered":"<p>    Przyjacielski telefon i inne przyczyny konfliktu mi\u0119dzy Tajlandi\u0105 a Kambod\u017c\u0105<\/p>\n<p class=\"articleBodyBlock article--paragraph\" id=\"block-id-9P8C2c1llW\">\n    \u2013 Ca\u0142y konflikt obejmuje z\u0142o\u017con\u0105 mieszank\u0119 konkuruj\u0105cych roszcze\u0144 terytorialnych, niedaj\u0105cych si\u0119 pogodzi\u0107 nastroj\u00f3w nacjonalistycznych i wewn\u0119trznej dynamiki politycznej w stolicach obu kraj\u00f3w \u2013 m\u00f3wi \u201eRzeczpospolitej\u201d prof. David Camroux z paryskiej elitarnej uczelni Sciences Po, specjalizuj\u0105cy si\u0119 w sprawach tego regionu.\n<\/p>\n<p class=\"articleBodyBlock article--paragraph\" id=\"block-id-EnDhXDAQEF\">\n    Przypomina, \u017ce Kambod\u017ca czuje si\u0119 pokrzywdzona utrat\u0105 uznawanego za w\u0142asne terytorium w wyniku ustalenia granicy z pocz\u0105tk\u00f3w ubieg\u0142ego wieku. Jednak z ok. 800 km granicy do tej pory nie wyznaczono jej przebiegu na odcinku jednej czwartej. Nie to wydaje si\u0119 by\u0107 jednak zasadnicz\u0105 przyczyn\u0105 kilku star\u0107 w ostatnich latach.\u00a0W Tajlandii sytuacj\u0119 zaostrzy\u0142 przyjacielski telefon, kt\u00f3ry wykona\u0142a w czerwcu <a href=\"https:\/\/www.rp.pl\/polityka\/art40979531-tajlandia-ma-najmlodsza-premier-w-historii-kraju-jej-ojciec-byl-premierem-ciotka-tez\" target=\"_blank\" rel=\"follow nofollow noopener\">premier Paetongtarn Shinawatra<\/a> do jednego z przyw\u00f3dc\u00f3w Kambod\u017cy Hun Sena, by\u0142ego premiera. W rozmowie tej nie tylko skrytykowa\u0142a dzia\u0142ania jednego z tajlandzkich dow\u00f3dc\u00f3w wojskowych w czasie incydentu granicznego wiosn\u0105 tego roku, ale i nazwa\u0142a swego rozm\u00f3wc\u0119 \u201ewujkiem\u201d, nawi\u0105zuj\u0105c do przyja\u017ani, kt\u00f3ra \u0142\u0105czy\u0142a jej ojca, by\u0142ego premiera, z kambod\u017ca\u0144skim przyw\u00f3dc\u0105, ojcem obecnego szefa rz\u0105du.\u00a0\n<\/p>\n<p class=\"articleBodyBlock article--paragraph\" id=\"block-id-9fzwBYq6sK\">\n    W chwili gdy urywki z rozmowy przedosta\u0142y si\u0119 do tajlandzkich medi\u00f3w, w Bangkoku rozp\u0119ta\u0142a si\u0119 burza oskar\u017ce\u0144 pod adresem pani premier za utrzymywanie bliskich kontakt\u00f3w z liderem wrogiego pa\u0144stwa, co zakwalifikowano jako zdrad\u0119.\u00a0\n<\/p>\n<p class=\"articleBodyBlock article--paragraph\" id=\"block-id-QIVGDLk6VG\">\n    \u2013 Rojalistyczny establishment i armia uzna\u0142y to za dogodn\u0105 okazj\u0119, by pozby\u0107 si\u0119 pani premier i raz na zawsze po\u0142o\u017cy\u0107 kres dynastii Shinawatr\u00f3w w tajlandzkiej polityce \u2013 t\u0142umaczy prof. Camroux.\n<\/p>\n<p>                <a data-gtm-trigger=\"image\" href=\"https:\/\/www.rp.pl\/polityka\/art43029961-donald-trump-niecierpliwie-czeka-na-pokojowego-nobla-w-departamencie-wojny\" class=\"contentLink\" rel=\"nofollow noopener\" target=\"_blank\"><\/p>\n<p>            <img loading=\"lazy\" decoding=\"async\" src=\"https:\/\/www.europesays.com\/pl\/wp-content\/uploads\/2025\/12\/donald-trump\"  alt=\"Donald Trump\" class=\"has--dimensions  lazyLoad\" width=\"108\" height=\"108\"\/><\/p>\n<p>                <\/a><\/p>\n<p class=\"articleBodyBlock article--paragraph\" id=\"block-id-ViL2fbHDKf\">\n    R\u00f3wnocze\u015bnie dosz\u0142o do wzajemnych oskar\u017ce\u0144 pomi\u0119dzy stolicami obu pa\u0144stw, co przekszta\u0142ci\u0142o si\u0119\u00a0w otwart\u0105 konfrontacj\u0119 zbrojn\u0105 na granicy w lipcu oraz oko\u0142o 40 ofiar \u015bmiertelnych. <a href=\"https:\/\/www.rp.pl\/konflikty-zbrojne\/art42763601-tajlandia-pogodzi-sie-z-kambodza-jest-porozumienie-o-zawieszeniu-broni\" target=\"_blank\" rel=\"follow nofollow noopener\">Rozejm wynegocjowa\u0142 premier Malezji<\/a> przy pomocy Donalda Trumpa, kt\u00f3ry zawita\u0142 do Kuala Lumpur w czasie azjatyckiej podr\u00f3\u017cy i z\u0142o\u017cy\u0142 podpis pod porozumieniem. Do\u0142\u0105czy\u0142 to wydarzenie do listy swych prawdziwych lub wydumanych sukces\u00f3w pokojowych na \u015bwiecie.\u00a0<\/p>\n","protected":false},"excerpt":{"rendered":"Przyjacielski telefon i inne przyczyny konfliktu mi\u0119dzy Tajlandi\u0105 a Kambod\u017c\u0105 \u2013 Ca\u0142y konflikt obejmuje z\u0142o\u017con\u0105 mieszank\u0119 konkuruj\u0105cych roszcze\u0144&hellip;\n","protected":false},"author":2,"featured_media":151232,"comment_status":"","ping_status":"","sticky":false,"template":"","format":"standard","meta":{"footnotes":""},"categories":[14],"tags":[32,33,27,34,35,28,31,25,40,41,80,29,30,26,82,83,84],"class_list":{"0":"post-151231","1":"post","2":"type-post","3":"status-publish","4":"format-standard","5":"has-post-thumbnail","7":"category-swiat","8":"tag-breaking-news","9":"tag-breakingnews","10":"tag-headlines","11":"tag-latest-news","12":"tag-latestnews","13":"tag-naglowki","14":"tag-najwazniejsze-artykuly","15":"tag-news","16":"tag-polish","17":"tag-polski","18":"tag-swiat","19":"tag-top-stories","20":"tag-topstories","21":"tag-wiadomosci","22":"tag-world","23":"tag-world-news","24":"tag-worldnews"},"share_on_mastodon":{"url":"https:\/\/pubeurope.com\/@pl\/115721243701308747","error":""},"_links":{"self":[{"href":"https:\/\/www.europesays.com\/pl\/wp-json\/wp\/v2\/posts\/151231","targetHints":{"allow":["GET"]}}],"collection":[{"href":"https:\/\/www.europesays.com\/pl\/wp-json\/wp\/v2\/posts"}],"about":[{"href":"https:\/\/www.europesays.com\/pl\/wp-json\/wp\/v2\/types\/post"}],"author":[{"embeddable":true,"href":"https:\/\/www.europesays.com\/pl\/wp-json\/wp\/v2\/users\/2"}],"replies":[{"embeddable":true,"href":"https:\/\/www.europesays.com\/pl\/wp-json\/wp\/v2\/comments?post=151231"}],"version-history":[{"count":0,"href":"https:\/\/www.europesays.com\/pl\/wp-json\/wp\/v2\/posts\/151231\/revisions"}],"wp:featuredmedia":[{"embeddable":true,"href":"https:\/\/www.europesays.com\/pl\/wp-json\/wp\/v2\/media\/151232"}],"wp:attachment":[{"href":"https:\/\/www.europesays.com\/pl\/wp-json\/wp\/v2\/media?parent=151231"}],"wp:term":[{"taxonomy":"category","embeddable":true,"href":"https:\/\/www.europesays.com\/pl\/wp-json\/wp\/v2\/categories?post=151231"},{"taxonomy":"post_tag","embeddable":true,"href":"https:\/\/www.europesays.com\/pl\/wp-json\/wp\/v2\/tags?post=151231"}],"curies":[{"name":"wp","href":"https:\/\/api.w.org\/{rel}","templated":true}]}}