{"id":151239,"date":"2025-12-15T02:48:09","date_gmt":"2025-12-15T02:48:09","guid":{"rendered":"https:\/\/www.europesays.com\/pl\/151239\/"},"modified":"2025-12-15T02:48:09","modified_gmt":"2025-12-15T02:48:09","slug":"donald-trump-wpuszcza-bialoruskie-nawozy-z-powrotem-na-rynek-kto-na-tym-ucierpi-rzeczpospolita","status":"publish","type":"post","link":"https:\/\/www.europesays.com\/pl\/151239\/","title":{"rendered":"Donald Trump wpuszcza bia\u0142oruskie nawozy z powrotem na rynek. Kto na tym ucierpi? &#8211; Rzeczpospolita"},"content":{"rendered":"<ol>\n<li><a href=\"https:\/\/news.google.com\/rss\/articles\/CBMipAFBVV95cUxQdTQtbEw3VjZ6Z0tFUWlCUlpCemtRQ3VIa24xOUpQdGlZZHNQZTNQRERfckhudXZLRkJjUGlDVjRpS3Jta3Z4Q2ZDUmVJaE9CeHJvZGhOa1ZGalp5NFl5U0NZdHlkTHFIVkVueUpYdHdTRHc5RF9rNkJFcksxLXpfU21FNElzNUd0a3F4UV9FV055RXUyZFZmOW1wQ1pBcjZmTi01Tg?oc=5\" target=\"_blank\" rel=\"nofollow noopener\">Donald Trump wpuszcza bia\u0142oruskie nawozy z powrotem na rynek. Kto na tym ucierpi?<\/a>&nbsp;&nbsp;Rzeczpospolita<\/li>\n<li><a href=\"https:\/\/news.google.com\/rss\/articles\/CBMiugFBVV95cUxQQkV3bmw0M1F1NmhsamRaVnBTdWJnY0pmRm9HX2ZoMC1LWnBaaDExY3JQMWdwS3RITHRHdXp3Mk8wQnl1S0ZOS1lwanh6dV9zOGFEdk5aZzhoV2RxQmVZa0JXT1l4S0N3bjhhbVVpWGpQdlpjZ2poc09fYkZWWktOSVF3b0MwbWFXbFcwM3hmX0c3RE1WcnhNaFZzRmRuZDhfcUl6VTgzUWhZaUhVb2hNcXlSbmd3WmZyUmc?oc=5\" target=\"_blank\" rel=\"nofollow noopener\">Wyja\u015bniaj\u0105 &#8222;nieoczekiwany ruch&#8221; Bia\u0142orusi. Zaskoczeni nawet Ukrai\u0144cy. Ze\u0142enski odpowiada<\/a>&nbsp;&nbsp;Wydarzenia w INTERIA.PL<\/li>\n<li><a href=\"https:\/\/news.google.com\/rss\/articles\/CBMiQ0FVX3lxTE1nVmZhX0dUa3M2d0tyWEpzSExHYkFKS0JuZDUzOXJtM09jdE9aWl9kVTVlY0M0dXl4cy16WEsyRTg3X2c?oc=5\" target=\"_blank\" rel=\"nofollow noopener\">Ale\u015b Bialacki: Pokojowa Nagroda Nobla chroni\u0142a mnie przed biciem<\/a>&nbsp;&nbsp;Stooq<\/li>\n<li><a href=\"https:\/\/news.google.com\/rss\/articles\/CBMipgFBVV95cUxOMmVFUmF4WDdYcVRiV0FXUGMxQ0lRQTNFMmt0VFBMUzhGTy1ZMlRiNlBqRXoyVDlSVlNFWWdjNTZEdUdBV0U1TkM4MDA0dF9CZmxNcG1LZElGVURoZmUtdWdoVm5wTjdKY1pueThhWFJCd0FFZW5IUnBET1hRdDNfRlYwSGJCWFEtWHhuVjRkdFZNajhuZV9ZRG41UjY5NGdDUklmWWdn?oc=5\" target=\"_blank\" rel=\"nofollow noopener\">USA zdecydowa\u0142y: zniesienie sankcji. Ekspert t\u0142umaczy, co to oznacza<\/a>&nbsp;&nbsp;Money.pl<\/li>\n<li><a href=\"https:\/\/news.google.com\/rss\/articles\/CBMisgFBVV95cUxOQjNDelREYXFZc2xVeGo5eGc0LXJENkQtZ0RHdFNzX2hkTUFQS3lyZUdJb2otdWNpT3BSOEFUWHZyM25XbXZfM0tWYkdnT1UyN1U5MXYwMTAxV2hEQ09VUW9YNFNfU3hkdkx2NXZIX1BTTVgtQ29tQmNHNUN0S3ZXTXBSR1hRNXdnNHdSOERIVl9UeU94a1RpTmJqODIwcDBWSHRZY0VLRTJEUTRRcS1PUk13?oc=5\" target=\"_blank\" rel=\"nofollow noopener\">Bi\u017cuteria i ikona. Aleksander \u0141ukaszenko przygotowa\u0142 prezenty dla Donalda Trumpa<\/a>&nbsp;&nbsp;Onet Wiadomo\u015bci<\/li>\n<\/ol>\n","protected":false},"excerpt":{"rendered":"Donald Trump wpuszcza bia\u0142oruskie nawozy z powrotem na rynek. Kto na tym ucierpi?&nbsp;&nbsp;Rzeczpospolita Wyja\u015bniaj\u0105 &#8222;nieoczekiwany ruch&#8221; Bia\u0142orusi. Zaskoczeni&hellip;\n","protected":false},"author":2,"featured_media":151240,"comment_status":"","ping_status":"","sticky":false,"template":"","format":"standard","meta":{"footnotes":""},"categories":[5],"tags":[32,33,36,37,27,34,35,28,31,25,42,38,40,39,41,29,30,26],"class_list":{"0":"post-151239","1":"post","2":"type-post","3":"status-publish","4":"format-standard","5":"has-post-thumbnail","7":"category-naglowki","8":"tag-breaking-news","9":"tag-breakingnews","10":"tag-featured-news","11":"tag-featurednews","12":"tag-headlines","13":"tag-latest-news","14":"tag-latestnews","15":"tag-naglowki","16":"tag-najwazniejsze-artykuly","17":"tag-news","18":"tag-pl","19":"tag-poland","20":"tag-polish","21":"tag-polska","22":"tag-polski","23":"tag-top-stories","24":"tag-topstories","25":"tag-wiadomosci"},"share_on_mastodon":{"url":"https:\/\/pubeurope.com\/@pl\/115721306315473955","error":""},"_links":{"self":[{"href":"https:\/\/www.europesays.com\/pl\/wp-json\/wp\/v2\/posts\/151239","targetHints":{"allow":["GET"]}}],"collection":[{"href":"https:\/\/www.europesays.com\/pl\/wp-json\/wp\/v2\/posts"}],"about":[{"href":"https:\/\/www.europesays.com\/pl\/wp-json\/wp\/v2\/types\/post"}],"author":[{"embeddable":true,"href":"https:\/\/www.europesays.com\/pl\/wp-json\/wp\/v2\/users\/2"}],"replies":[{"embeddable":true,"href":"https:\/\/www.europesays.com\/pl\/wp-json\/wp\/v2\/comments?post=151239"}],"version-history":[{"count":0,"href":"https:\/\/www.europesays.com\/pl\/wp-json\/wp\/v2\/posts\/151239\/revisions"}],"wp:featuredmedia":[{"embeddable":true,"href":"https:\/\/www.europesays.com\/pl\/wp-json\/wp\/v2\/media\/151240"}],"wp:attachment":[{"href":"https:\/\/www.europesays.com\/pl\/wp-json\/wp\/v2\/media?parent=151239"}],"wp:term":[{"taxonomy":"category","embeddable":true,"href":"https:\/\/www.europesays.com\/pl\/wp-json\/wp\/v2\/categories?post=151239"},{"taxonomy":"post_tag","embeddable":true,"href":"https:\/\/www.europesays.com\/pl\/wp-json\/wp\/v2\/tags?post=151239"}],"curies":[{"name":"wp","href":"https:\/\/api.w.org\/{rel}","templated":true}]}}