{"id":151241,"date":"2025-12-15T02:50:27","date_gmt":"2025-12-15T02:50:27","guid":{"rendered":"https:\/\/www.europesays.com\/pl\/151241\/"},"modified":"2025-12-15T02:50:27","modified_gmt":"2025-12-15T02:50:27","slug":"maz-ewy-gawryluk-jest-spoza-show-biznesu-oto-jak-sie-poznali","status":"publish","type":"post","link":"https:\/\/www.europesays.com\/pl\/151241\/","title":{"rendered":"M\u0105\u017c Ewy Gawryluk jest spoza show-biznesu. Oto jak si\u0119 poznali"},"content":{"rendered":"<p class=\"ods-c-paragraph \">Chocia\u017c Ewa Gawryluk przez lata nie mog\u0142a narzeka\u0107 na brak popularno\u015bci, media nie opisywa\u0142y szczeg\u00f3\u0142\u00f3w z jej \u017cycia prywatnego. Aktorka by\u0142a zwi\u0105zana z koleg\u0105 po fachu, kt\u00f3ry zreszt\u0105 podobnie, jak ona, gra w serialu &#8222;Na Wsp\u00f3lnej&#8221;. Ewa Gawryluk i Waldemar B\u0142aszczyk byli ma\u0142\u017ce\u0144stwem przez 22 lata, co w show-biznesie nie zdarza si\u0119 tak cz\u0119sto. Para ma c\u00f3rk\u0119, Mari\u0119. Gdy og\u0142osili rozstanie, opinia publiczna by\u0142a w szoku.<\/p>\n<blockquote class=\"ods-o-quota\">\n<p class=\"ods-o-quota__paragraph\">Rozstali\u015bmy si\u0119 w zgodzie i pozostajemy w dobrych relacjach. Zawsze oddzielali\u015bmy prywatne sprawy od zawodowych, tak b\u0119dzie i tym razem<\/p>\n<\/blockquote>\n<p class=\"ods-c-paragraph \">\u2014 mogli\u015bmy przeczyta\u0107 w ich <a href=\"https:\/\/www.onet.pl\/styl-zycia\/plejada\/ewa-gawryluk-i-waldemar-blaszczyk-rozwodza-sie-po-22-latach\/e476hg6,0898b825\" id=\"8d809bbf-24dc-45ee-ac13-a8b2884733d7\" rel=\"nofollow noopener\" target=\"_blank\">wsp\u00f3lnym o\u015bwiadczeniu<\/a>.<\/p>\n<p class=\"ods-c-paragraph \">Aktorzy konsekwentnie nie wypowiadali si\u0119 na temat rozstania. <a href=\"https:\/\/plejada.pl\/newsy\/ewa-gawryluk-gorzko-o-bylym-mezu-nie-mamy-kontaktu\/w53gdxh\" id=\"9ac3289d-bad7-4023-9851-f61789c3bad2\" rel=\"nofollow noopener\" target=\"_blank\">Ewa Gawryluk zrobi\u0142a jednak wyj\u0105tek w programie &#8222;Afryka Express&#8221;<\/a>, gdzie nieco uchyli\u0142a r\u0105bka tajemnicy na temat jej relacji z by\u0142ym ju\u017c m\u0119\u017cem.<\/p>\n<blockquote class=\"ods-o-quota\">\n<p class=\"ods-o-quota__paragraph\">Z pierwszym m\u0119\u017cem mam c\u00f3rk\u0119, ale nie mamy kontaktu. Niefajnych rzeczy si\u0119 nie wspomina dobrze. To jest ten czas, kiedy jest niefajnie, p\u00f3\u017aniej jest jeszcze niefajniej, a p\u00f3\u017aniej trzeba podj\u0105\u0107 decyzj\u0119<\/p>\n<\/blockquote>\n<p class=\"ods-c-paragraph \">Dla Ewy Gawryluk to ju\u017c przesz\u0142o\u015b\u0107. Gwiazda znalaz\u0142a bowiem now\u0105 mi\u0142o\u015b\u0107 i wysz\u0142a ponownie za m\u0105\u017c. Jej drugi m\u0119\u017cem jest Piotr Domaniecki.<\/p>\n<p>Dalszy ci\u0105g artyku\u0142u pod materia\u0142em wideo<\/p>\n<p> Jak d\u0142ugo Ewa Gawryluk by\u0142a w ma\u0142\u017ce\u0144stwie z Waldemarem B\u0142aszczykiem? <\/p>\n<p> Gdzie pozna\u0142a si\u0119 Ewa Gawryluk z Piotrem Domanieckim? <\/p>\n<p> Ile lat ma Ewa Gawryluk? <\/p>\n<p> Gdzie Ewa Gawryluk i Piotr Domaniecki zaj\u0105\u0142 miejsce w programie 'Afryka Express&#8217;? <\/p>\n<p>  M\u0105\u017c Ewy Gawryluk jest spoza show-biznesu. Oto jak si\u0119 poznali<\/p>\n<p class=\"ods-c-paragraph \">Piotr Domaniecki nie jest zwi\u0105zany z show-biznesem. M\u0105\u017c aktorki bowiem pracuje w \u015bwiecie sportu. <a href=\"https:\/\/www.onet.pl\/styl-zycia\/plejada\/kim-jest-nowy-maz-ewy-gawryluk-fani-sportu-moga-go-kojarzyc\/1cldqne,0898b825\" id=\"f88eac75-36c6-4286-8cc9-cbb663db2a40\" rel=\"nofollow noopener\" target=\"_blank\">Jest trenerem bramkarzy w klubie Stal Stalowa Wola. <\/a>Wcze\u015bniej by\u0142 zwi\u0105zany z warszawsk\u0105 Legi\u0105. Fani Ewy Gawryluk mogli jednak go pozna\u0107 za spraw\u0105 programu &#8222;Afryka Express&#8221;, gdzie wyst\u0105pi\u0142a para. Przypomnijmy, \u017ce zaj\u0119li tam czwarte miejsce.<\/p>\n<blockquote class=\"ods-o-quota\">\n<p class=\"ods-o-quota__paragraph\">[C\u00f3rka Ewy Gawryluk \u2014 przyp. red] trzyma\u0142a kciuki jak najbardziej i jak mieli\u015bmy dost\u0119p do telefonu, bo nie mogli\u015bmy mie\u0107 telefonu, tylko by\u0142y takie momenty, kiedy mogli\u015bmy, to od razu pyta\u0142a: &#8222;Gdzie jeste\u015bcie? Co robicie?&#8221; i czy wszystko dobrze<\/p>\n<\/blockquote>\n<p class=\"ods-c-paragraph \">\u2014 opowiada\u0142a aktorka w rozmowie z Plejad\u0105.<\/p>\n<p class=\"ods-c-paragraph \">&#8222;To by\u0142o bardzo mi\u0142e, tym bardziej \u017ce jestem ojczymem, wi\u0119c te\u017c to by\u0142y bardzo mi\u0142e, ciep\u0142e s\u0142owa. Zawsze Marysia nas wspiera\u0142a, pyta\u0142a o nas&#8221; \u2014 doda\u0142 jej m\u0105\u017c.<\/p>\n<p class=\"ods-c-paragraph \">Ewa Gawryluk i Piotr Domaniecki s\u0105 ma\u0142\u017ce\u0144stwem z kr\u00f3tkim sta\u017cem. Pobrali si\u0119 na pocz\u0105tku czerwca 2024 r. Par\u0119 tygodni wcze\u015bniej w mediach pojawi\u0142a si\u0119 pog\u0142oska o tym, \u017ce aktorka zn\u00f3w jest zakochana.<\/p>\n<blockquote class=\"ods-o-quota\">\n<p class=\"ods-o-quota__paragraph\">Zdecydowanie jestem sta\u0142a w uczuciach&#8230; Moje serce obecnie jest zaj\u0119te. Nic nie jest dane na ca\u0142e \u017cycie, wi\u0119c niczego nie mo\u017cna by\u0107 pewnym<\/p>\n<\/blockquote>\n<p class=\"ods-c-paragraph \">\u2014 powiedzia\u0142a tajemniczo na \u0142amach &#8222;Super Expressu&#8221;.<\/p>\n<p class=\"ods-c-paragraph \">Zar\u00f3wno dla niej, jak i dla niego jest to drugie ma\u0142\u017ce\u0144stwo. \u2014 W tym wieku cz\u0142owiek naprawd\u0119 wie, czego nie chce w zwi\u0105zku. Dobieramy si\u0119 pod k\u0105tem tych samych wymaga\u0144 wzgl\u0119dem partnera \u2014 stwierdzi\u0142a w &#8222;Dzie\u0144 dobry TVN&#8221;.<\/p>\n<p>   <img decoding=\"async\" src=\"https:\/\/www.europesays.com\/pl\/wp-content\/uploads\/2025\/12\/0mvk9lBaHR0cHM6Ly9vY2RuLmV1L3B1bHNjbXMvTURBXy84YTQ2N2ZhZDg2ZDlhODg3MGQwNTVhNGZhNzNlMzE4OS5qcGeRlQLNA.jpeg\" height=\"529\" width=\"940\" alt=\"Ewa Gawryluk i Piotr Domaniecki\" loading=\"lazy\" class=\"ods-c-image__img ods-c-image__img--vertical\"\/><\/p>\n<p>Ewa Gawryluk i Piotr DomanieckiMW \/ MW Media<\/p>\n<p class=\"ods-c-paragraph \">Ewa Gawryluk i Piotr Domaniecki poznali si\u0119 przypadkiem&#8230; na lotnisku. Aktorka w programie &#8222;M\u00f3wi\u0119 Wam&#8221; opowiada\u0142a:<\/p>\n<blockquote class=\"ods-o-quota\">\n<p class=\"ods-o-quota__paragraph\">On zobaczy\u0142 mnie w warunkach zupe\u0142nie niesprzyjaj\u0105cych, tym, \u017ce jest si\u0119 znan\u0105 rozpoznawaln\u0105, pi\u0119kn\u0105, u\u015bmiechni\u0119t\u0105 kobiet\u0105. Wysz\u0142a zm\u0119czona kobieta z resztkami makija\u017cu po nocnych zdj\u0119ciach.<\/p>\n<\/blockquote>\n<p class=\"ods-c-paragraph \">&#8222;My\u015bl\u0119, \u017ce ju\u017c w tym wieku, po r\u00f3\u017cnych do\u015bwiadczeniach, to ju\u017c chyba nie ma mi\u0142o\u015bci od pierwszego wejrzenia, to nie jest tak, \u017ce to s\u0105 motyle&#8221; \u2014 doda\u0142a.<\/p>\n<p class=\"ods-c-paragraph \">Gwiazda chroni swoj\u0105 prywatno\u015b\u0107. To jednak nie znaczy, \u017ce nic o jej zwi\u0105zku nie wiemy. Szczeg\u00f3lnie \u017ce Ewa Gawryluk i Piotr Domaniecki pokazywali si\u0119 publicznie i udzielali wywiad\u00f3w w czasie promocji &#8222;Afryka Express&#8221;. Aktorka, b\u0119d\u0105c go\u015bciem &#8222;Dzie\u0144 dobry TVN&#8221;, ujawni\u0142a wtedy, \u017ce do m\u0119\u017ca zbli\u017cy\u0142a j\u0105 mi\u0142o\u015b\u0107 do zwierz\u0105t. \u2014 My\u015bl\u0119, \u017ce trzeba \u017cy\u0107 w porozumieniu, trzeba dba\u0107 o zwierz\u0119ta. Teraz jestem w momencie, \u017ce jestem spe\u0142niona prywatnie, zawodowo nie do ko\u0144ca, mimo \u017ce du\u017co pracuj\u0119. Ale mam spok\u00f3j, kt\u00f3ry znajduj\u0119 w Piotrku. Teraz mam najwi\u0119kszy komfort w \u017cyciu \u2014 t\u0142umaczy\u0142a.<\/p>\n<p class=\"ods-c-paragraph \">Z kolei w mediach spo\u0142eczno\u015bciowych podzieli\u0142a si\u0119 z fanami refleksj\u0105 na temat zwi\u0105zk\u00f3w. Jak wida\u0107, Ewa Gawryluk jest szcz\u0119\u015bliwa w drugim ma\u0142\u017ce\u0144stwie i tego nie ukrywa.<\/p>\n<blockquote class=\"ods-o-quota\">\n<p class=\"ods-o-quota__paragraph\">Zwi\u0105zek to nie tylko wielkie gesty i romantyczne chwile. To codzienno\u015b\u0107 pe\u0142na \u015bmiechu, wsparcia i bycia dla siebie najlepszymi przyjaci\u00f3\u0142mi. Bo kiedy mo\u017cesz z kim\u015b rozmawia\u0107 godzinami, \u015bmia\u0107 si\u0119 do \u0142ez i wyg\u0142upia\u0107, robi\u0105c zdj\u0119cia w windzie \u2014 to znak, \u017ce masz u boku w\u0142a\u015bciw\u0105 osob\u0119.<\/p>\n<\/blockquote>\n<p class=\"ods-c-paragraph \">\u2014 podsumowa\u0142a Ewa Gawryluk na Instagramie.<\/p>\n<p><img decoding=\"async\" src=\"https:\/\/www.europesays.com\/pl\/wp-content\/uploads\/2025\/12\/gQ4k9lBaHR0cHM6Ly9vY2RuLmV1L3B1bHNjbXMvTURBXy80YTkyMGY3NTEwMmNjOGI4NGRhZWNiN2Y1NDZhMTY5My5qcGeRlQLNB.jpeg\" height=\"627\" width=\"940\" alt=\"Ewa Gawryluk i Piotr Domaniecki\" loading=\"lazy\" class=\"ods-c-image__img ods-c-image__img--viewport-width\"\/><\/p>\n<p>Ewa Gawryluk i Piotr DomanieckiAndras Szilagyi \/ MW Media<\/p>\n<p class=\"ods-c-paragraph \">Dzi\u0119kujemy, \u017ce przeczyta\u0142a\u015b\/e\u015b nasz artyku\u0142 do ko\u0144ca. W serwisie Plejada.pl ka\u017cdego dnia piszemy o najwa\u017cniejszych wydarzeniach show-biznesowych. B\u0105d\u017a na bie\u017c\u0105co! <a rel=\"nofollow noopener\" href=\"https:\/\/news.google.com\/publications\/CAAiEF0PeAlb7W1llpV_mwV2rL4qFAgKIhBdD3gJW-1tZZaVf5sFdqy-?hl=pl&amp;gl=PL&amp;ceid=PL%3Apl\" id=\"d659d1c4-6137-4fc5-85a4-1437351b98a0\" target=\"_blank\">Obserwuj<\/a> Plejad\u0119 w Wiadomo\u015bciach Google. Odwied\u017a nas tak\u017ce na <a rel=\"nofollow noopener\" href=\"https:\/\/www.facebook.com\/plejadapl\" id=\"42763a7c-6b4e-479e-9092-2889ccf2356f\" target=\"_blank\">Facebooku<\/a>, <a rel=\"nofollow noopener\" href=\"https:\/\/www.instagram.com\/plejadapl\/\" id=\"bf847fa5-60ad-4c7e-807b-b41891c8c265\" target=\"_blank\">Instagramie<\/a>, <a rel=\"nofollow noopener\" href=\"https:\/\/www.youtube.com\/c\/plejada\" id=\"a540a52a-ff10-4c3a-9b12-1060852e8787\" target=\"_blank\">YouTubie<\/a> oraz <a rel=\"nofollow noopener\" href=\"https:\/\/www.tiktok.com\/@plejada_pl\" id=\"603b5f72-329d-46b9-8e5d-59dce5195746\" target=\"_blank\">TikToku<\/a>.<\/p>\n<p class=\"ods-c-paragraph \">Chcesz podzieli\u0107 si\u0119 ciekawym newsem lub zaproponowa\u0107 temat? Skontaktuj si\u0119 z nami, pisz\u0105c maila na adres: <a rel=\"nofollow noopener\" href=\"https:\/\/plejada.pl\/polscy-celebryci\/maz-ewy-gawryluk-jest-spoza-show-biznesu-oto-jak-sie-poznali\/mailto:plejada@redakcjaonet.pl\" id=\"22cbcb83-d81f-4531-b3f7-68ecd7f7f07a\" target=\"_blank\">plejada@redakcjaonet.<\/a><a rel=\"nofollow noopener\" href=\"https:\/\/plejada.pl\/polscy-celebryci\/maz-ewy-gawryluk-jest-spoza-show-biznesu-oto-jak-sie-poznali\/mailto:pl.plejada@redakcjaonet.pl\" id=\"a741a6a3-161f-4926-aefe-70672d63aa12\" target=\"_blank\">pl.<\/a><\/p>\n<p><script async src=\"\/\/www.instagram.com\/embed.js\"><\/script><script async src=\"\/\/www.tiktok.com\/embed.js\"><\/script><\/p>\n","protected":false},"excerpt":{"rendered":"Chocia\u017c Ewa Gawryluk przez lata nie mog\u0142a narzeka\u0107 na brak popularno\u015bci, media nie opisywa\u0142y szczeg\u00f3\u0142\u00f3w z jej \u017cycia&hellip;\n","protected":false},"author":2,"featured_media":151242,"comment_status":"","ping_status":"","sticky":false,"template":"","format":"standard","meta":{"footnotes":""},"categories":[22],"tags":[122,21445,6674,6673,48,46,42,38,40,3111,39,41,25865,123,47,2115],"class_list":{"0":"post-151241","1":"post","2":"type-post","3":"status-publish","4":"format-standard","5":"has-post-thumbnail","7":"category-rozrywka","8":"tag-entertainment","9":"tag-ewa_gawryluk","10":"tag-malzenstwa_gwiazd","11":"tag-milosc_gwiazd","12":"tag-nat_styl","13":"tag-omp","14":"tag-pl","15":"tag-poland","16":"tag-polish","17":"tag-polscy_celebryci","18":"tag-polska","19":"tag-polski","20":"tag-rebrand_ai_tst0","21":"tag-rozrywka","22":"tag-screening_general","23":"tag-zwiazki_gwiazd"},"share_on_mastodon":{"url":"https:\/\/pubeurope.com\/@pl\/115721314593301911","error":""},"_links":{"self":[{"href":"https:\/\/www.europesays.com\/pl\/wp-json\/wp\/v2\/posts\/151241","targetHints":{"allow":["GET"]}}],"collection":[{"href":"https:\/\/www.europesays.com\/pl\/wp-json\/wp\/v2\/posts"}],"about":[{"href":"https:\/\/www.europesays.com\/pl\/wp-json\/wp\/v2\/types\/post"}],"author":[{"embeddable":true,"href":"https:\/\/www.europesays.com\/pl\/wp-json\/wp\/v2\/users\/2"}],"replies":[{"embeddable":true,"href":"https:\/\/www.europesays.com\/pl\/wp-json\/wp\/v2\/comments?post=151241"}],"version-history":[{"count":0,"href":"https:\/\/www.europesays.com\/pl\/wp-json\/wp\/v2\/posts\/151241\/revisions"}],"wp:featuredmedia":[{"embeddable":true,"href":"https:\/\/www.europesays.com\/pl\/wp-json\/wp\/v2\/media\/151242"}],"wp:attachment":[{"href":"https:\/\/www.europesays.com\/pl\/wp-json\/wp\/v2\/media?parent=151241"}],"wp:term":[{"taxonomy":"category","embeddable":true,"href":"https:\/\/www.europesays.com\/pl\/wp-json\/wp\/v2\/categories?post=151241"},{"taxonomy":"post_tag","embeddable":true,"href":"https:\/\/www.europesays.com\/pl\/wp-json\/wp\/v2\/tags?post=151241"}],"curies":[{"name":"wp","href":"https:\/\/api.w.org\/{rel}","templated":true}]}}