{"id":151243,"date":"2025-12-15T02:55:19","date_gmt":"2025-12-15T02:55:19","guid":{"rendered":"https:\/\/www.europesays.com\/pl\/151243\/"},"modified":"2025-12-15T02:55:19","modified_gmt":"2025-12-15T02:55:19","slug":"na-eurowizji-junior-2025-dosz%c2%b3o-do-wpadki-nie-uwierzycie-co-powiedzia%c2%b3-komentator","status":"publish","type":"post","link":"https:\/\/www.europesays.com\/pl\/151243\/","title":{"rendered":"Na Eurowizji Junior 2025 dosz\u00b3o do wpadki. Nie uwierzycie, co powiedzia\u00b3 komentator"},"content":{"rendered":"<p class=\"art_paragraph\"><a href=\"https:\/\/www.plotek.pl\/eurowizja-junior\" class=\"art_link\" rel=\"dofollow noopener\" target=\"_blank\">Eurowizja Junior 2025<\/a>, kt\u00f3ra tym razem odby\u0142a si\u0119 w Gruzji, dobieg\u0142a ko\u0144ca. Triumfatork\u0105 tegorocznego konkursu zosta\u0142a Lou Deleuze z Francji, a jej utw\u00f3r &#8222;Ce monde&#8221; zdoby\u0142 uznanie zar\u00f3wno widz\u00f3w, jak i juror\u00f3w. Reprezentantka Polski, Marianna K\u0142os, zako\u0144czy\u0142a rywalizacj\u0119 na \u00f3smym miejscu, gromadz\u0105c \u0142\u0105cznie 139 punkt\u00f3w. W trakcie konkursu dosz\u0142o do niewielkiej wpadki na wizji. Wszystko przez pomy\u0142k\u0119 komentatora.<\/p>\n<p>\n    Zobacz wideo Wi\u015bniewski i inni polscy muzycy protestuj\u0105 przeciwko udzia\u0142owi Izraela w Eurowizji\n  <\/p>\n<p> Wpadka na Eurowizji Junior 2025. Komentator si\u0119 pomyli\u0142<\/p>\n<p class=\"art_paragraph\">Polskim komentatorem w TVP2 na Eurowizji Junior 2025 by\u0142 <a href=\"https:\/\/www.plotek.pl\/plotek\/7,154063,31586457,artur-orzech-podzielil-sie-radosna-nowina-zdjecie-mowi-wszystko.html#anchorLink\" rel=\"nofollow noopener\" target=\"_blank\">Artur Orzech<\/a>. W pewnym momencie dosz\u0142o jednak do telewizyjnej <a href=\"https:\/\/www.plotek.pl\/wpadki-gwiazd#anchorLink\" rel=\"nofollow noopener\" target=\"_blank\">wpadki<\/a>. Relacjonuj\u0105c wej\u015bcie m\u0142odych uczestnik\u00f3w na scen\u0119 z narodowymi flagami, b\u0142\u0119dnie za\u0142o\u017cy\u0142, \u017ce prezentuj\u0105 si\u0119 oni zgodnie z kolejno\u015bci\u0105 numer\u00f3w startowych. W efekcie, gdy na scenie pojawi\u0142a si\u0119 reprezentantka Malty, komentator omy\u0142kowo przedstawi\u0142 j\u0105 jako polsk\u0105 uczestniczk\u0119 &#8211; Mariann\u0119 K\u0142os, myl\u0105c flag\u0119 Malty z\u00a0Polski. Zapowiedzia\u0142, \u017ce wyst\u0105pi jako dziewi\u0105ta, gdzie w rzeczywisto\u015bci pojawi\u0142a si\u0119 du\u017co p\u00f3\u017aniej. Artur Orzech szybko si\u0119 zreflektowa\u0142 i poprawi\u0142 sw\u00f3j b\u0142\u0105d.\u00a0Wyt\u0142umaczy\u0142 fanom, \u017ce arty\u015bci wchodz\u0105 na scen\u0119 wed\u0142ug porz\u0105dku alfabetycznego nazw pa\u0144stw, a nie zgodnie z wcze\u015bniej ustalon\u0105 kolejno\u015bci\u0105 wyst\u0119p\u00f3w. Szybka reakcja sprawi\u0142a, \u017ce sytuacja zosta\u0142a opanowana, jednak fani przez chwil\u0119 byli zdezorientowani.<\/p>\n<p> Eurowizja Junior 2025. Marianna K\u0142os zachwyci\u0142a swoim talentem. Fani ubolewaj\u0105 nad wynikiem<\/p>\n<p class=\"art_paragraph\"><a href=\"https:\/\/www.plotek.pl\/plotek\/7,111485,32468926,internauci-w-szoku-po-wynikach-eurowizji-junior-lawina-komentarzy.html\" class=\"art_link\" rel=\"dofollow noopener\" target=\"_blank\">Marianna K\u0142os zebra\u0142a mn\u00f3stwo pozytywnych s\u0142\u00f3w po swoim wyst\u0119pie.<\/a> Wynik ostateczny nie by\u0142 jednak wystarczaj\u0105cy dla Polak\u00f3w. Kr\u00f3tko po og\u0142oszeniu wynik\u00f3w konkursu media spo\u0142eczno\u015bciowe zala\u0142a fala komentarzy internaut\u00f3w. Polscy u\u017cytkownicy nie kryj\u0105 zaskoczenia, \u017ce Marianna nie zaj\u0119\u0142a wy\u017cszego miejsca. Wielu z nich liczy\u0142o, i\u017c m\u0142oda\u00a0wokalistka\u00a0wygra Eurowizj\u0119 Junior. &#8222;Uwa\u017cam, \u017ce zosta\u0142a niedoceniona. Szkoda&#8221;, &#8222;Polska powinna by\u0107 chocia\u017c w TOP3&#8221;, &#8222;Drugi raz w tym roku zostali\u015bmy oszukani&#8221;, &#8222;Niestety, nie docenili Marianki&#8221;, &#8222;Te wyniki to \u017cart. Wyst\u0119p Marianki by\u0142 na co najmniej Top3! By\u0142a prze\u015bwietna!&#8221;, &#8222;Dla nas jeste\u015b wygrana&#8221;, &#8222;Marianka, dla nas zawsze b\u0119dziesz na pierwszym miejscu. Zas\u0142ugiwa\u0142a\u015b na o wiele wy\u017csze&#8221;, &#8222;Dzi\u0119kujemy, by\u0142a\u015b wspania\u0142a Marianna&#8221; &#8211; czytali\u015bmy w\u015br\u00f3d licznych wpis\u00f3w.\u00a0ZOBACZ TE\u017b: <a href=\"https:\/\/www.plotek.pl\/najnowsze-plotki\/7,194210,32468605,polacy-nie-kryja-oburzenia-pisza-o-sabotazu-przed-eurowizja.html\" class=\"art_link\" rel=\"dofollow noopener\" target=\"_blank\">Polacy nie kryj\u0105 oburzenia. Pisz\u0105 o &#8222;sabota\u017cu&#8221; przed Eurowizj\u0105 Junior. Chodzi o nagranie Polki<\/a><\/p>\n","protected":false},"excerpt":{"rendered":"Eurowizja Junior 2025, kt\u00f3ra tym razem odby\u0142a si\u0119 w Gruzji, dobieg\u0142a ko\u0144ca. Triumfatork\u0105 tegorocznego konkursu zosta\u0142a Lou Deleuze&hellip;\n","protected":false},"author":2,"featured_media":151244,"comment_status":"","ping_status":"","sticky":false,"template":"","format":"standard","meta":{"footnotes":""},"categories":[5],"tags":[32,33,36,37,27,34,35,28,31,25,42,38,40,39,41,29,30,26],"class_list":{"0":"post-151243","1":"post","2":"type-post","3":"status-publish","4":"format-standard","5":"has-post-thumbnail","7":"category-naglowki","8":"tag-breaking-news","9":"tag-breakingnews","10":"tag-featured-news","11":"tag-featurednews","12":"tag-headlines","13":"tag-latest-news","14":"tag-latestnews","15":"tag-naglowki","16":"tag-najwazniejsze-artykuly","17":"tag-news","18":"tag-pl","19":"tag-poland","20":"tag-polish","21":"tag-polska","22":"tag-polski","23":"tag-top-stories","24":"tag-topstories","25":"tag-wiadomosci"},"share_on_mastodon":{"url":"https:\/\/pubeurope.com\/@pl\/115721333857190765","error":""},"_links":{"self":[{"href":"https:\/\/www.europesays.com\/pl\/wp-json\/wp\/v2\/posts\/151243","targetHints":{"allow":["GET"]}}],"collection":[{"href":"https:\/\/www.europesays.com\/pl\/wp-json\/wp\/v2\/posts"}],"about":[{"href":"https:\/\/www.europesays.com\/pl\/wp-json\/wp\/v2\/types\/post"}],"author":[{"embeddable":true,"href":"https:\/\/www.europesays.com\/pl\/wp-json\/wp\/v2\/users\/2"}],"replies":[{"embeddable":true,"href":"https:\/\/www.europesays.com\/pl\/wp-json\/wp\/v2\/comments?post=151243"}],"version-history":[{"count":0,"href":"https:\/\/www.europesays.com\/pl\/wp-json\/wp\/v2\/posts\/151243\/revisions"}],"wp:featuredmedia":[{"embeddable":true,"href":"https:\/\/www.europesays.com\/pl\/wp-json\/wp\/v2\/media\/151244"}],"wp:attachment":[{"href":"https:\/\/www.europesays.com\/pl\/wp-json\/wp\/v2\/media?parent=151243"}],"wp:term":[{"taxonomy":"category","embeddable":true,"href":"https:\/\/www.europesays.com\/pl\/wp-json\/wp\/v2\/categories?post=151243"},{"taxonomy":"post_tag","embeddable":true,"href":"https:\/\/www.europesays.com\/pl\/wp-json\/wp\/v2\/tags?post=151243"}],"curies":[{"name":"wp","href":"https:\/\/api.w.org\/{rel}","templated":true}]}}