{"id":151247,"date":"2025-12-15T03:00:04","date_gmt":"2025-12-15T03:00:04","guid":{"rendered":"https:\/\/www.europesays.com\/pl\/151247\/"},"modified":"2025-12-15T03:00:04","modified_gmt":"2025-12-15T03:00:04","slug":"jesli-nie-nato-to-co-kijow-liczy-na-gwarancje-porownywalne-z-tymi-dla-czlonkow-sojuszu","status":"publish","type":"post","link":"https:\/\/www.europesays.com\/pl\/151247\/","title":{"rendered":"Je\u015bli nie NATO, to co. Kij\u00f3w liczy na gwarancje por\u00f3wnywalne z tymi dla cz\u0142onk\u00f3w sojuszu"},"content":{"rendered":"<p>    Ze\u0142enski chce zgody Kongresu USA<\/p>\n<p class=\"articleBodyBlock article--paragraph\" id=\"block-id-6yuZeyiSCf\">\n    W\u0142adimir Putin wielokrotnie podkre\u015bla\u0142, \u017ce ukrai\u0144skie d\u0105\u017cenie do NATO stanowi bezpo\u015brednie zagro\u017cenie dla Rosji i by\u0142o jednym z powod\u00f3w inwazji z lutego 2022 r. Kreml domaga si\u0119, by w ewentualnym pokoju Ukraina ca\u0142kowicie porzuci\u0142a te ambicje.\n<\/p>\n<p class=\"articleBodyBlock article--paragraph\" id=\"block-id-pAtnlmreXa\">\n    Ze\u0142enski zaznaczy\u0142, \u017ce gwarancje musz\u0105 mie\u0107 charakter prawnie wi\u0105\u017c\u0105cy, z zatwierdzeniem przez Kongres USA. Oczekuje te\u017c raportu od swojego zespo\u0142u po konsultacjach wojskowych z Amerykanami w Stuttgarcie.\n<\/p>\n<p class=\"articleBodyBlock article--paragraph\" id=\"block-id-E8AobR9DqM\">\n    Po pi\u0119ciogodzinnym spotkaniu Steve Witkoff w mediach spo\u0142eczno\u015bciowych og\u0142osi\u0142 \u201eznacz\u0105cy post\u0119p\u201d w rozmowach.\n<\/p>\n<p class=\"articleBodyBlock article--paragraph\" id=\"block-id-D80dau-w5J\">\n    \u201ePrzedstawiciele odbyli dog\u0142\u0119bne dyskusje na temat 20-punktowego planu pokojowego, agend gospodarczych i innych kwestii. Osi\u0105gni\u0119to znaczny post\u0119p\u201d \u2013 napisa\u0142 Witkoff.\n<\/p>\n<p>    G\u0142\u00f3wne punkty sporne<\/p>\n<p class=\"articleBodyBlock article--paragraph\" id=\"block-id-VbVwFfBrTA\">\n    Waszyngton od miesi\u0119cy mediuje mi\u0119dzy stronami, cho\u0107 Trump domaga si\u0119 b\u0142yskawicznego fina\u0142u wojny i irytuje si\u0119 op\u00f3\u017anieniami. Kluczowe problemy to m.in. los obwodu donieckiego, w wi\u0119kszo\u015bci pod kontrol\u0105 Rosjan.<\/p>\n","protected":false},"excerpt":{"rendered":"Ze\u0142enski chce zgody Kongresu USA W\u0142adimir Putin wielokrotnie podkre\u015bla\u0142, \u017ce ukrai\u0144skie d\u0105\u017cenie do NATO stanowi bezpo\u015brednie zagro\u017cenie dla&hellip;\n","protected":false},"author":2,"featured_media":151248,"comment_status":"","ping_status":"","sticky":false,"template":"","format":"standard","meta":{"footnotes":""},"categories":[14],"tags":[32,33,27,34,35,28,31,25,40,41,80,29,30,26,82,83,84],"class_list":{"0":"post-151247","1":"post","2":"type-post","3":"status-publish","4":"format-standard","5":"has-post-thumbnail","7":"category-swiat","8":"tag-breaking-news","9":"tag-breakingnews","10":"tag-headlines","11":"tag-latest-news","12":"tag-latestnews","13":"tag-naglowki","14":"tag-najwazniejsze-artykuly","15":"tag-news","16":"tag-polish","17":"tag-polski","18":"tag-swiat","19":"tag-top-stories","20":"tag-topstories","21":"tag-wiadomosci","22":"tag-world","23":"tag-world-news","24":"tag-worldnews"},"share_on_mastodon":{"url":"https:\/\/pubeurope.com\/@pl\/115721353496479715","error":""},"_links":{"self":[{"href":"https:\/\/www.europesays.com\/pl\/wp-json\/wp\/v2\/posts\/151247","targetHints":{"allow":["GET"]}}],"collection":[{"href":"https:\/\/www.europesays.com\/pl\/wp-json\/wp\/v2\/posts"}],"about":[{"href":"https:\/\/www.europesays.com\/pl\/wp-json\/wp\/v2\/types\/post"}],"author":[{"embeddable":true,"href":"https:\/\/www.europesays.com\/pl\/wp-json\/wp\/v2\/users\/2"}],"replies":[{"embeddable":true,"href":"https:\/\/www.europesays.com\/pl\/wp-json\/wp\/v2\/comments?post=151247"}],"version-history":[{"count":0,"href":"https:\/\/www.europesays.com\/pl\/wp-json\/wp\/v2\/posts\/151247\/revisions"}],"wp:featuredmedia":[{"embeddable":true,"href":"https:\/\/www.europesays.com\/pl\/wp-json\/wp\/v2\/media\/151248"}],"wp:attachment":[{"href":"https:\/\/www.europesays.com\/pl\/wp-json\/wp\/v2\/media?parent=151247"}],"wp:term":[{"taxonomy":"category","embeddable":true,"href":"https:\/\/www.europesays.com\/pl\/wp-json\/wp\/v2\/categories?post=151247"},{"taxonomy":"post_tag","embeddable":true,"href":"https:\/\/www.europesays.com\/pl\/wp-json\/wp\/v2\/tags?post=151247"}],"curies":[{"name":"wp","href":"https:\/\/api.w.org\/{rel}","templated":true}]}}