{"id":151249,"date":"2025-12-15T03:02:09","date_gmt":"2025-12-15T03:02:09","guid":{"rendered":"https:\/\/www.europesays.com\/pl\/151249\/"},"modified":"2025-12-15T03:02:09","modified_gmt":"2025-12-15T03:02:09","slug":"rozmowy-w-niemczech-w-sprawie-ukrainy-steve-witkoff-zdradza-szczegoly-onet","status":"publish","type":"post","link":"https:\/\/www.europesays.com\/pl\/151249\/","title":{"rendered":"Rozmowy w Niemczech w sprawie Ukrainy. Steve Witkoff zdradza szczeg\u00f3\u0142y &#8211; Onet"},"content":{"rendered":"<ol>\n<li><a href=\"https:\/\/news.google.com\/rss\/articles\/CBMizAFBVV95cUxNamJuT19RTk5ZcnItUDlkOUxkdGYyT1lpb090R2NQaGx2Vy1hdzJIY2dMM3A4T0Y5bVZvUERJaGUxVXoyRGJjeTJac3QtZUhMTHdLM3ozOEpoanZESDlWYnBQWWt6UlVqS3Jjb252MFpkX0FudnJIN2JycnI5UEp4OVJ0dS14WlBTbjVGN3FSUlNUMVMxVlZ0Nmt0OGR0V0lSY3NYZ2ROREFMbzEtNmo2eDlrT2lMOVh6cWFQY2RXM3NtLUVjYWhETWc0WTE?oc=5\" target=\"_blank\" rel=\"nofollow noopener\">Rozmowy w Niemczech w sprawie Ukrainy. Steve Witkoff zdradza szczeg\u00f3\u0142y<\/a>&nbsp;&nbsp;Onet<\/li>\n<li><a href=\"https:\/\/news.google.com\/rss\/articles\/CBMisAFBVV95cUxNZkVjSHNtdUh5aXRERmdIa0V4ZEdzYlF5V2s5NXUtWlpmWnBtcHhNOHJIXzRsQ2EtZnNjY2V4WG1PMzF0dkduRXlnNU5YZDhPdFdtMlA3NXVpY1ZqTktqMzF3ODZZWE9kdlp1ZGVnVFdYUk0zWktVNFNhX2pSOEl1NXdwVUdPRjJ0YkVPTFFrMGZTWm53WEhBemgxTG9NSjZDMnNKQkNzUFQxbXdoOWV1LQ?oc=5\" target=\"_blank\" rel=\"nofollow noopener\">Wo\u0142odymyr Ze\u0142enski rozmawia\u0142 z Amerykanami. Wyszed\u0142 po pi\u0119ciu godzinach<\/a>&nbsp;&nbsp;Onet Wiadomo\u015bci<\/li>\n<li><a href=\"https:\/\/news.google.com\/rss\/articles\/CBMivwFBVV95cUxQSFluSVJ6NlFiU01ubkxUQWhxYmpJTklOUE5fME9YSzBORTBUdnp2TGd0WXQ5d0NoOHI3SDJiVXRvcWZCZl9XVUZFZVFEeDdaU21ZUHZCR1E4T2hvWVFzdXp1SkhScEJaa1cybnFSNFRnY1gzdmdvc3hZLXdkUi1pOTNzMW1IYnFtbW1nVXF5T3M1cWxsd2kyUldockp3ekJHX2hiUFJicFpsLTE5eFRfbjM0X2VzVkplMGVZNk5xQQ?oc=5\" target=\"_blank\" rel=\"nofollow noopener\">Ostrzegaj\u0105 przed &#8222;koniem troja\u0144skim&#8221; Putina. Ten oddzia\u0142 b\u0119dzie m\u00f3g\u0142 przej\u0105\u0107 kontrol\u0119<\/a>&nbsp;&nbsp;Wydarzenia w INTERIA.PL<\/li>\n<li><a href=\"https:\/\/news.google.com\/rss\/articles\/CBMitgFBVV95cUxOemlTS1YzWnRLbGlpc0N4cE53TERETmFVZy0wQzdoR2V2RThrbjBveVluWXZ2c09lXzlLVlZZSkY1blVLa18wb1gtM0hPNmltZUJveGJQWXZrcHNtYUpfZ3kzWEREREFrSXNyNDZQb0xXb2VrUDJmRE91bGJkWXp0ZTMtb3FXR0c3b21XYkFXNGdBeFE4bFBDZ3hGOEd0ZkNSaDhXSnpfcGppQUFYVE1oS19kWFZ1dw?oc=5\" target=\"_blank\" rel=\"nofollow noopener\">Zwrot ws. Ukrainy. Nieoficjalnie: USA chc\u0105 da\u0107 gwarancje jak z NATO. &#8222;Jeste\u015bmy gotowi&#8221;<\/a>&nbsp;&nbsp;Gazeta<\/li>\n<li><a href=\"https:\/\/news.google.com\/rss\/articles\/CBMiYEFVX3lxTE1jeE1WcmxkVGFrQ1J1RnlqVDFNdThPeXliS3M1eldPeHdEdWhBNXpZQUg4WW54UzYtcGVoZnRkNUtSMVdPaXpGSmtjWTNzTVhWMmJ3eVZZN1RRRFhmLUJHSA?oc=5\" target=\"_blank\" rel=\"nofollow noopener\">Koniec spotkania Ze\u0142enskiego z delegacj\u0105 USA. Wznowienie rozm\u00f3w jutro [NA \u017bYWO]<\/a>&nbsp;&nbsp;Wyborcza.pl<\/li>\n<\/ol>\n","protected":false},"excerpt":{"rendered":"Rozmowy w Niemczech w sprawie Ukrainy. Steve Witkoff zdradza szczeg\u00f3\u0142y&nbsp;&nbsp;Onet Wo\u0142odymyr Ze\u0142enski rozmawia\u0142 z Amerykanami. Wyszed\u0142 po pi\u0119ciu&hellip;\n","protected":false},"author":2,"featured_media":151250,"comment_status":"","ping_status":"","sticky":false,"template":"","format":"standard","meta":{"footnotes":""},"categories":[5],"tags":[2762,32,33,36,37,27,67,64,34,35,28,31,53,25,773,52,68,51,55,42,38,40,39,41,62,47,11050,29,30,390,65,50,26,309],"class_list":{"0":"post-151249","1":"post","2":"type-post","3":"status-publish","4":"format-standard","5":"has-post-thumbnail","7":"category-naglowki","8":"tag-berlin","9":"tag-breaking-news","10":"tag-breakingnews","11":"tag-featured-news","12":"tag-featurednews","13":"tag-headlines","14":"tag-intextvideo_splayer","15":"tag-inwazja_rosji_na_ukraine_2014_","16":"tag-latest-news","17":"tag-latestnews","18":"tag-naglowki","19":"tag-najwazniejsze-artykuly","20":"tag-new_header","21":"tag-news","22":"tag-niemcy_rfn_republika_federalna_niemiec","23":"tag-onet3","24":"tag-onet3d","25":"tag-onet3d_2i","26":"tag-phx","27":"tag-pl","28":"tag-poland","29":"tag-polish","30":"tag-polska","31":"tag-polski","32":"tag-rosja_kraj_rosjanin_rosjanie_rosjanka_rosjanki","33":"tag-screening_general","34":"tag-steve_witkoff","35":"tag-top-stories","36":"tag-topstories","37":"tag-ukraina_ukrainiec_ukrainka_ukraincy_ukrainki","38":"tag-update_me","39":"tag-v2021","40":"tag-wiadomosci","41":"tag-wolodymyr_zelenski"},"share_on_mastodon":{"url":"","error":"Validation failed: Text character limit of 500 exceeded"},"_links":{"self":[{"href":"https:\/\/www.europesays.com\/pl\/wp-json\/wp\/v2\/posts\/151249","targetHints":{"allow":["GET"]}}],"collection":[{"href":"https:\/\/www.europesays.com\/pl\/wp-json\/wp\/v2\/posts"}],"about":[{"href":"https:\/\/www.europesays.com\/pl\/wp-json\/wp\/v2\/types\/post"}],"author":[{"embeddable":true,"href":"https:\/\/www.europesays.com\/pl\/wp-json\/wp\/v2\/users\/2"}],"replies":[{"embeddable":true,"href":"https:\/\/www.europesays.com\/pl\/wp-json\/wp\/v2\/comments?post=151249"}],"version-history":[{"count":0,"href":"https:\/\/www.europesays.com\/pl\/wp-json\/wp\/v2\/posts\/151249\/revisions"}],"wp:featuredmedia":[{"embeddable":true,"href":"https:\/\/www.europesays.com\/pl\/wp-json\/wp\/v2\/media\/151250"}],"wp:attachment":[{"href":"https:\/\/www.europesays.com\/pl\/wp-json\/wp\/v2\/media?parent=151249"}],"wp:term":[{"taxonomy":"category","embeddable":true,"href":"https:\/\/www.europesays.com\/pl\/wp-json\/wp\/v2\/categories?post=151249"},{"taxonomy":"post_tag","embeddable":true,"href":"https:\/\/www.europesays.com\/pl\/wp-json\/wp\/v2\/tags?post=151249"}],"curies":[{"name":"wp","href":"https:\/\/api.w.org\/{rel}","templated":true}]}}