{"id":151253,"date":"2025-12-15T03:08:08","date_gmt":"2025-12-15T03:08:08","guid":{"rendered":"https:\/\/www.europesays.com\/pl\/151253\/"},"modified":"2025-12-15T03:08:08","modified_gmt":"2025-12-15T03:08:08","slug":"czuchnowski-probuje-atakowac-prof-cenckiewicz-cudo","status":"publish","type":"post","link":"https:\/\/www.europesays.com\/pl\/151253\/","title":{"rendered":"Czuchnowski pr\u00f3buje atakowa\u0107. Prof. Cenckiewicz: Cudo!"},"content":{"rendered":"<p>Wojciech Czuchnowski z\u00a0\u201eGazety Wyborczej\u201d og\u0142osi\u0142, \u017ce\u00a0jutro jego medium opublikuje nazwy lek\u00f3w, kt\u00f3re rzekomo mia\u0142 za\u017cywa\u0107 prof. S\u0142awomir Cenckiewicz. Sam szef BBN odni\u00f3s\u0142 si\u0119 do\u00a0sprawy na\u00a0portalu X. Jego wpis jest kr\u00f3tki: \u201eCudo!\u201d \u2013\u00a0napisa\u0142.<\/p>\n<p>Dziennikarz medium Michnika opublikowa\u0142 tekst, w\u00a0kt\u00f3rym\u2026 zapowiada inny tekst. Ten jutrzejszy ma\u00a0dotyczy\u0107 rzekomego zatajenia przed s\u0142u\u017cbami specjalnymi przez prof. Cenckiewicza lek\u00f3w, kt\u00f3re ten mia\u0142\u00a0przyjmowa\u0107. <\/p>\n<blockquote>\n<p>\u201eWyborcza\u201d pozna\u0142a nazwy lek\u00f3w, kt\u00f3rych przyjmowanie S\u0142awomir Cenckiewicz zatai\u0142 przed s\u0142u\u017cbami w\u00a0ankiecie bezpiecze\u0144stwa, przez co\u00a0straci\u0142 dost\u0119p do\u00a0informacji niejawnych. W\u00a0dodatku szef BBN publicznie k\u0142amie w\u00a0tej\u00a0sprawie<\/p>\n<\/blockquote>\n<p>\u2013 czytamy w\u00a0tek\u015bcie\u00a0Czuchnowskiego.<\/p>\n<p>Autor przekonuje, \u017ce\u00a0prof. S\u0142awomir Cenckiewicz nie poda\u0142 nazwy \u201eza\u017cywanych lek\u00f3w\u00a0psychiatrycznych\u201d. <\/p>\n<p> Informator\u00a0Czuchnowskiego <\/p>\n<p>Nast\u0119pnie Czuchnowski przekonuje, \u017ce\u00a0do\u00a0redakcji \u201eGazety Wyborczej\u201d zg\u0142osi\u0142 si\u0119 informator, kt\u00f3ry mia\u0142 zna\u0107 szczeg\u00f3\u0142y ankiety bezpiecze\u0144stwa obecnego szefa Biura Bezpiecze\u0144stwa\u00a0Narodowego. <\/p>\n<blockquote>\n<p>Pod koniec pa\u017adziernika do\u00a0naszej redakcji zg\u0142osi\u0142 si\u0119 informator, twierdz\u0105c, \u017ce\u00a0zna szczeg\u00f3\u0142y wype\u0142nionej przez Cenckiewicza ankiety bezpiecze\u0144stwa. Poda\u0142 nam nazwy dw\u00f3ch lek\u00f3w, kt\u00f3rych za\u017cywanie szef BBN zatai\u0142. Przez kilka tygodni sprawdzali\u015bmy wiarygodno\u015b\u0107 tych informacji i\u00a0mamy pewno\u015b\u0107, \u017ce\u00a0w\u0142a\u015bnie o\u00a0te\u00a0leki chodzi. I\u00a0\u017ce\u00a0Cenckiewicz \u015bwiadomie k\u0142ama\u0142 w\u00a0publicznych wypowiedziach, twierdz\u0105c, \u017ce\u00a0chodzi o\u00a0\u201eleki z\u00a0tej samej grupy\u00a0co\u00a0Apap\u201d<\/p>\n<\/blockquote>\n<p>\u2013\u00a0czytamy.<\/p>\n<p> Odpowied\u017a\u00a0Cenckiewicza <\/p>\n<p>W\u00a0reakcji na\u00a0doniesienia Czuchnowskiego, prof. Cenckewicz napisa\u0142\u00a0kr\u00f3tko: <\/p>\n<blockquote>\n<p>Cudo!<\/p>\n<\/blockquote>\n<p>  Wpisy polityk\u00f3w\u00a0PiS <\/p>\n<p>Do\u00a0sprawy odnie\u015bli si\u0119 politycy Prawa\u00a0i\u00a0Sprawiedliwo\u015bci. <\/p>\n<blockquote>\n<p>Mam nadziej\u0119, \u017ce\u00a0wszyscy ludzie, kt\u00f3rzy gremialnie skrytykowali w\u00a02023 roku Adama Niedzielskiego to\u00a0samo powiedz\u0105 dzi\u015b o\u00a0Wojciechu Czuchnowskim. No\u00a0bo\u00a0to, \u017ce\u00a0Tomasz Siemoniak wyleci z\u00a0hukiem za\u00a0przecieki danych medycznych z\u00a0post\u0119powania w\u00a0s\u0142u\u017cbach, to\u00a0jak rozumiem\u00a0pewne<\/p>\n<\/blockquote>\n<p>\u2013 napisa\u0142 Janusz\u00a0Cieszy\u0144ski.<\/p>\n<blockquote>\n<p>To\u00a0s\u0105\u00a0niebywa\u0142e kanalie, publikuj\u0105 leki pacjenta. To\u00a0jest atak na\u00a0poziomie Mura\u0144skiego i\u00a0sygna\u0142 dla obywatela, \u017ce\u00a0ta\u00a0w\u0142adza mo\u017ce chcie\u0107 zniszczy\u0107\u00a0ka\u017cdego<\/p>\n<\/blockquote>\n<p>\u2013 przekonuje Waldemar\u00a0Buda.<\/p>\n","protected":false},"excerpt":{"rendered":"Wojciech Czuchnowski z\u00a0\u201eGazety Wyborczej\u201d og\u0142osi\u0142, \u017ce\u00a0jutro jego medium opublikuje nazwy lek\u00f3w, kt\u00f3re rzekomo mia\u0142 za\u017cywa\u0107 prof. S\u0142awomir Cenckiewicz.&hellip;\n","protected":false},"author":2,"featured_media":151254,"comment_status":"","ping_status":"","sticky":false,"template":"","format":"standard","meta":{"footnotes":""},"categories":[12],"tags":[32,33,36,37,27,34,35,28,31,25,42,38,40,39,41,29,30,26],"class_list":{"0":"post-151253","1":"post","2":"type-post","3":"status-publish","4":"format-standard","5":"has-post-thumbnail","7":"category-polska","8":"tag-breaking-news","9":"tag-breakingnews","10":"tag-featured-news","11":"tag-featurednews","12":"tag-headlines","13":"tag-latest-news","14":"tag-latestnews","15":"tag-naglowki","16":"tag-najwazniejsze-artykuly","17":"tag-news","18":"tag-pl","19":"tag-poland","20":"tag-polish","21":"tag-polska","22":"tag-polski","23":"tag-top-stories","24":"tag-topstories","25":"tag-wiadomosci"},"share_on_mastodon":{"url":"https:\/\/pubeurope.com\/@pl\/115721385003955842","error":""},"_links":{"self":[{"href":"https:\/\/www.europesays.com\/pl\/wp-json\/wp\/v2\/posts\/151253","targetHints":{"allow":["GET"]}}],"collection":[{"href":"https:\/\/www.europesays.com\/pl\/wp-json\/wp\/v2\/posts"}],"about":[{"href":"https:\/\/www.europesays.com\/pl\/wp-json\/wp\/v2\/types\/post"}],"author":[{"embeddable":true,"href":"https:\/\/www.europesays.com\/pl\/wp-json\/wp\/v2\/users\/2"}],"replies":[{"embeddable":true,"href":"https:\/\/www.europesays.com\/pl\/wp-json\/wp\/v2\/comments?post=151253"}],"version-history":[{"count":0,"href":"https:\/\/www.europesays.com\/pl\/wp-json\/wp\/v2\/posts\/151253\/revisions"}],"wp:featuredmedia":[{"embeddable":true,"href":"https:\/\/www.europesays.com\/pl\/wp-json\/wp\/v2\/media\/151254"}],"wp:attachment":[{"href":"https:\/\/www.europesays.com\/pl\/wp-json\/wp\/v2\/media?parent=151253"}],"wp:term":[{"taxonomy":"category","embeddable":true,"href":"https:\/\/www.europesays.com\/pl\/wp-json\/wp\/v2\/categories?post=151253"},{"taxonomy":"post_tag","embeddable":true,"href":"https:\/\/www.europesays.com\/pl\/wp-json\/wp\/v2\/tags?post=151253"}],"curies":[{"name":"wp","href":"https:\/\/api.w.org\/{rel}","templated":true}]}}