{"id":151259,"date":"2025-12-15T03:15:13","date_gmt":"2025-12-15T03:15:13","guid":{"rendered":"https:\/\/www.europesays.com\/pl\/151259\/"},"modified":"2025-12-15T03:15:13","modified_gmt":"2025-12-15T03:15:13","slug":"rzad-kontra-bbn-jacek-dobrzynski-do-slawomira-cenckiewicza-napluliscie-na-mundury","status":"publish","type":"post","link":"https:\/\/www.europesays.com\/pl\/151259\/","title":{"rendered":"Rz\u0105d kontra BBN. Jacek Dobrzy\u0144ski do S\u0142awomira Cenckiewicza: Napluli\u015bcie na mundury"},"content":{"rendered":"<p>W skr\u00f3cie<\/p>\n<ul class=\"typography ids-typeset-body ids-typeset-body--preset-large list ids-list ids-list--unordered ids-list--size-large \" datatype=\"disc\">\n<li class=\"ids-list-item\">\n<p>Szef BBN S\u0142awomir Cenckiewicz odni\u00f3s\u0142 si\u0119 do zapowiedzi artyku\u0142u po\u015bwi\u0119conego lekom, kt\u00f3rych przyjmowanie mia\u0142 zatai\u0107<\/p>\n<\/li>\n<li class=\"ids-list-item\">\n<p>Pawe\u0142 Szefernaker z gabinetu prezydenta ostrzega, \u017ce publikacja danych z tajnych dokument\u00f3w to zamach na fundamenty pa\u0144stwa.<\/p>\n<\/li>\n<li class=\"ids-list-item\">\n<p>Rzecznik ministra koordynatora s\u0142u\u017cb specjalnych odpiera zarzuty, zapewniaj\u0105c o legalno\u015bci dzia\u0142a\u0144 s\u0142u\u017cb i apeluje do szefa BBN o spok\u00f3j.<\/p>\n<\/li>\n<li class=\"ids-list-item\"><\/li>\n<\/ul>\n<p class=\"typography ids-typeset-body ids-typeset-body--preset-large link paragraph ids-paragraph ids-paragraph--default\">Dziennikarze &#8222;Gazety Wyborczej&#8221; poinformowali, \u017ce\u00a0poznali nazw\u0119 lek\u00f3w, kt\u00f3rych przyjmowanie S\u0142awomir Cenckiewicz mia\u0142 zatai\u0107 przed s\u0142u\u017cbami w ankiecie bezpiecze\u0144stwa. Tekst na temat ma ujrze\u0107 \u015bwiat\u0142o dzienne w poniedzia\u0142ek. Do zapowiedzi publikacji artyku\u0142u odni\u00f3s\u0142 si\u0119 sam zainteresowany.<\/p>\n<p class=\"typography ids-typeset-body ids-typeset-body--preset-large link paragraph ids-paragraph ids-paragraph--default\">&#8222;Pami\u0119tajcie, p\u00f3jdziecie do lekarza, wykupicie recept\u0119 i nie daj B\u00f3g macie konserwatywne pogl\u0105dy &#8211; opisz\u0105 to w gazecie&#8221; &#8211; stwierdzi\u0142.<\/p>\n<p class=\"typography ids-typeset-body ids-typeset-body--preset-large link paragraph ids-paragraph ids-paragraph--default\">&#8222;Prawda zwyci\u0119\u017cy&#8221; &#8211; doda\u0142 na koniec.<\/p>\n<p>Szefernaker: To uderzenie w fundamenty polskiego pa\u0144stwa<\/p>\n<p class=\"typography ids-typeset-body ids-typeset-body--preset-large link paragraph ids-paragraph ids-paragraph--default\">Do zapowiedzi gazety odni\u00f3s\u0142 si\u0119 r\u00f3wnie\u017c szef gabinetu prezydenta <a href=\"https:\/\/wydarzenia.interia.pl\/tematy-karol-nawrocki,gsbi,5330\" rel=\"nofollow noopener\" target=\"_blank\">Karola Nawrockiego<\/a> <a href=\"https:\/\/wydarzenia.interia.pl\/tematy-pawel-szefernaker,gsbi,1646\" rel=\"nofollow noopener\" target=\"_blank\">Pawe\u0142 Szefernaker<\/a>. Stwierdzi\u0142, \u017ce ujawnienie tajnych dokument\u00f3w to\u00a0&#8222;uderzenie w fundamenty polskiego pa\u0144stwa&#8221;.<\/p>\n<p class=\"typography ids-typeset-body ids-typeset-body--preset-large link paragraph ids-paragraph ids-paragraph--default\">&#8222;Ujawnienie informacji z tajnych dokument\u00f3w teczki osobowej ministra to nie tylko uderzenie w politycznych przeciwnik\u00f3w, ale w fundamenty polskiego pa\u0144stwa. Wszyscy wykorzystuj\u0105cy informacje niejawne jako narz\u0119dzie gry politycznej odpowiedz\u0105 za to&#8221; &#8211; napisa\u0142 w mediach spo\u0142eczno\u015bciowych polityk.<\/p>\n<p>Dobrzy\u0144ski do Cenckiewicza: Napluli\u015bcie na mundury<\/p>\n<p class=\"typography ids-typeset-body ids-typeset-body--preset-large link paragraph ids-paragraph ids-paragraph--default\">Do wpisu Cenckiewicza odni\u00f3s\u0142 si\u0119 Jacek Dobrzy\u0144ski. Rzecznik ministra koordynatora s\u0142u\u017cb specjalnych zaapelowa\u0142 do Cenckiewicza o &#8222;spok\u00f3j&#8221;. Zapewni\u0142 te\u017c, \u017ce polskie s\u0142u\u017cby nie przekazuj\u0105 \u017cadnych tajnych informacji.<\/p>\n<p class=\"typography ids-typeset-body ids-typeset-body--preset-large link paragraph ids-paragraph ids-paragraph--default\">&#8222;Polskie s\u0142u\u017cby dzia\u0142aj\u0105 na podstawie obowi\u0105zuj\u0105cych przepis\u00f3w, w ich granicach i przestrzegaj\u0105c zasad prawa. Nikomu nie przekazuj\u0105 \u017cadnych niejawnych informacji&#8221; &#8211; czytamy w po\u015bcie Dobrzy\u0144skiego.<\/p>\n<p class=\"typography ids-typeset-body ids-typeset-body--preset-large link paragraph ids-paragraph ids-paragraph--default\">Rzecznik zaapelowa\u0142 te\u017c o zaprzestanie &#8222;nocnego bombardowania s\u0142u\u017cb k\u0142amstwami i oszczerstwami&#8221;.<\/p>\n<p class=\"typography ids-typeset-body ids-typeset-body--preset-large link paragraph ids-paragraph ids-paragraph--default\">&#8222;W ci\u0105gu ostatnich tygodni ju\u017c wystarczaj\u0105co napluli\u015bcie na mundury funkcjonariuszy, publicznie ich upokarzaj\u0105c&#8221; &#8211; podsumowa\u0142 polityk.<\/p>\n<p>&#8222;\u015aniadanie Rymanowskiego&#8221;. Polska przeka\u017ce MiG-i Ukrainie? &#8222;Oszukiwano nas&#8221;Polsat News<\/p>\n<p><a class=\"ids-undecorated-link source ids-page-info--source__link\" href=\"https:\/\/www.interia.pl\" rel=\"nofollow noopener\" target=\"_blank\"><img decoding=\"async\" class=\"ids-image-holder__img\" loading=\"lazy\" alt=\"\" title=\"\" height=\"24px\" src=\"https:\/\/www.europesays.com\/pl\/wp-content\/uploads\/2025\/12\/1765749733_358_0009A60QQ5I2TYF7-C202-F4.webp.webp\"\/><\/a><\/p>\n<p>Masz sugestie, uwagi albo widzisz b\u0142\u0105d? Napisz do nas<\/p>\n","protected":false},"excerpt":{"rendered":"W skr\u00f3cie Szef BBN S\u0142awomir Cenckiewicz odni\u00f3s\u0142 si\u0119 do zapowiedzi artyku\u0142u po\u015bwi\u0119conego lekom, kt\u00f3rych przyjmowanie mia\u0142 zatai\u0107 Pawe\u0142&hellip;\n","protected":false},"author":2,"featured_media":151260,"comment_status":"","ping_status":"","sticky":false,"template":"","format":"standard","meta":{"footnotes":""},"categories":[12],"tags":[32,33,36,37,27,34,35,28,31,25,42,38,40,39,41,29,30,26],"class_list":{"0":"post-151259","1":"post","2":"type-post","3":"status-publish","4":"format-standard","5":"has-post-thumbnail","7":"category-polska","8":"tag-breaking-news","9":"tag-breakingnews","10":"tag-featured-news","11":"tag-featurednews","12":"tag-headlines","13":"tag-latest-news","14":"tag-latestnews","15":"tag-naglowki","16":"tag-najwazniejsze-artykuly","17":"tag-news","18":"tag-pl","19":"tag-poland","20":"tag-polish","21":"tag-polska","22":"tag-polski","23":"tag-top-stories","24":"tag-topstories","25":"tag-wiadomosci"},"share_on_mastodon":{"url":"https:\/\/pubeurope.com\/@pl\/115721412670036848","error":""},"_links":{"self":[{"href":"https:\/\/www.europesays.com\/pl\/wp-json\/wp\/v2\/posts\/151259","targetHints":{"allow":["GET"]}}],"collection":[{"href":"https:\/\/www.europesays.com\/pl\/wp-json\/wp\/v2\/posts"}],"about":[{"href":"https:\/\/www.europesays.com\/pl\/wp-json\/wp\/v2\/types\/post"}],"author":[{"embeddable":true,"href":"https:\/\/www.europesays.com\/pl\/wp-json\/wp\/v2\/users\/2"}],"replies":[{"embeddable":true,"href":"https:\/\/www.europesays.com\/pl\/wp-json\/wp\/v2\/comments?post=151259"}],"version-history":[{"count":0,"href":"https:\/\/www.europesays.com\/pl\/wp-json\/wp\/v2\/posts\/151259\/revisions"}],"wp:featuredmedia":[{"embeddable":true,"href":"https:\/\/www.europesays.com\/pl\/wp-json\/wp\/v2\/media\/151260"}],"wp:attachment":[{"href":"https:\/\/www.europesays.com\/pl\/wp-json\/wp\/v2\/media?parent=151259"}],"wp:term":[{"taxonomy":"category","embeddable":true,"href":"https:\/\/www.europesays.com\/pl\/wp-json\/wp\/v2\/categories?post=151259"},{"taxonomy":"post_tag","embeddable":true,"href":"https:\/\/www.europesays.com\/pl\/wp-json\/wp\/v2\/tags?post=151259"}],"curies":[{"name":"wp","href":"https:\/\/api.w.org\/{rel}","templated":true}]}}