{"id":151261,"date":"2025-12-15T03:17:09","date_gmt":"2025-12-15T03:17:09","guid":{"rendered":"https:\/\/www.europesays.com\/pl\/151261\/"},"modified":"2025-12-15T03:17:09","modified_gmt":"2025-12-15T03:17:09","slug":"pko-bp-ekstraklasa-rakow-czestochowa-przegral-z-zaglebiem-lubin-i-nie-wykorzystal-szansy-na-fotel-lidera-wideo-sport-tvp-pl","status":"publish","type":"post","link":"https:\/\/www.europesays.com\/pl\/151261\/","title":{"rendered":"PKO BP Ekstraklasa. Rak\u00f3w Cz\u0119stochowa przegra\u0142 z Zag\u0142\u0119biem Lubin i nie wykorzysta\u0142 szansy na fotel lidera [WIDEO] &#8211; sport.tvp.pl"},"content":{"rendered":"<ol>\n<li><a href=\"https:\/\/news.google.com\/rss\/articles\/CBMirgFBVV95cUxQSUFtWmNhcmF3WXo5b2p3b1JOVVVxUWtzWGVNRUNrVi1zZlU5SGk4SUc0Y2RUTGZQRnNnTjl1cU5tcFNUNmtFbkhkSDNWcGM0RHVNUlRVLTZ5cmRxVXhpTWxPcjZTcFlEN3JxRXF5Y3hGb1NJR3BabnJtZGhfc2dlYVZ0UDFybERvUU5JcXFMRmNaMGZaOTFTZlJGOGVkSkRVbS11SERDN1dFb2xkY1HSAbMBQVVfeXFMUFNnRUdIcGl4bmRrYmRhb2ZDblFDanBwYlJnMDBxeFotYXFWYzJTUmlmSXRLRHNYRTlsUnoxSzJSQWktS05hRzQ1Y0d2ZFllLTg4YUNsOEJlcUhOMXZHODEtbGk4TG45UjBRWDZySm81bFNRN3RYWXMwZWplcnYwYUpDLWVTYlpnRFM5U1U0X1dwbzg1UnFpREVUZTlmSDZPRWh3TGtjTmpQTXhWMkNkU1VuRFE?oc=5\" target=\"_blank\" rel=\"nofollow noopener\">PKO BP Ekstraklasa. Rak\u00f3w Cz\u0119stochowa przegra\u0142 z Zag\u0142\u0119biem Lubin i nie wykorzysta\u0142 szansy na fotel lidera [WIDEO]<\/a>&nbsp;&nbsp;sport.tvp.pl<\/li>\n<li><a href=\"https:\/\/news.google.com\/rss\/articles\/CBMi4gFBVV95cUxNZHVuRkFfd1NabFlpVThFRmJxSGpET2hDbWticlI3LW83aTNEdndBeGRNVzFscEI1SG03TjhmOUxhM2dnWFBLRnlXYmhGeUlsWUJhU1R2TDl1ZW1RdGVrVHZzNTZXWFdhM1ktQmZNa1h2T2M5WXJRZ2lUSzQyaHNUV3dTcGN6R2JDUWloV0ZQaUhleDh5QnZjUl96dW5UNERaYUFrNzVsWmZ2d0NzQlFickJXN1hYVkhyUDlIWFd0QXlEUm5ubnlWSzN5TDJVWXk1Z3cyRHJRMkVXWS02Q2F0UGhR?oc=5\" target=\"_blank\" rel=\"nofollow noopener\">Rak\u00f3w Cz\u0119stochowa &#8211; Zag\u0142\u0119bie Lubin: relacja na \u017cywo. Zaleg\u0142y mecz 4. kolejki Ekstraklasy LIVE<\/a>&nbsp;&nbsp;Przegl\u0105d Sportowy Onet<\/li>\n<li><a href=\"https:\/\/news.google.com\/rss\/articles\/CBMiogFBVV95cUxQWVhyWnRkMllXbnRvY0pJUm1pcW9kQTZqS1BVV19zb25PVzNBdEtXdldPSWM4elpCeEtpRWlzbWJfZXlNdnF6RlVtZTUtZWZJTW52U01ZX0tLNTdDNzNwRmt2bHNJNVpGb21KY0pCMTlUMzRrYURYdTVIODlHb2c3TkFOU1lzbVpndlRoQTBDSGlkOVdZU0U4eFBBcUNqdk1ZVEE?oc=5\" target=\"_blank\" rel=\"nofollow noopener\">Sensacyjny wynik w PKO Ekstraklasie<\/a>&nbsp;&nbsp;SportoweFakty<\/li>\n<li><a href=\"https:\/\/news.google.com\/rss\/articles\/CBMiiwFBVV95cUxPSFI2cktQdElwVmRkNHJFZGJKVGQ5SC03QnpBdWZJVmhmZ1hWUUhyQmJ4d0Roa3RCRUxTdDNYRXJ0b1RJV21NaWVWbElCY2xrd05SZll6akctUGtHREJ3MzNLQVg2TFlyTHhCX000ZUtENkhaUFpQTzl3UkhzeFEtWmFhYTRIak1nLUs0?oc=5\" target=\"_blank\" rel=\"nofollow noopener\">Ostatni raz w tym roku \u2013 Zaleg\u0142e mecze<\/a>&nbsp;&nbsp;PKO BP Ekstraklasa<\/li>\n<li><a href=\"https:\/\/news.google.com\/rss\/articles\/CBMitwFBVV95cUxOa1ctNHdCMDhtVkRTbUtiVVRXZ0toY3FiZzVEMGNPalFOTE5YME4xZXZMV0hnbXo0QVh0aUtHeWpOUXI5NzlJVHRFYkRGM3cyR1VTRklOX0hvZ0xPbkd6NjljWXFyWThqT25NY2picnBkR3hKcXRkSkxIOWtqQWxmT1FnT1UxTUxWS0ozQW5JcE9Ca29SVlJwVGhoNkF3V25CaHBMeDFGWXBJcWVSTWhTRXlRaTByNWs?oc=5\" target=\"_blank\" rel=\"nofollow noopener\">Ale\u017c sensacja w Ekstraklasie! Tak Papszun po\u017cegna\u0142 si\u0119 z Cz\u0119stochow\u0105<\/a>&nbsp;&nbsp;Sport.pl<\/li>\n<\/ol>\n","protected":false},"excerpt":{"rendered":"PKO BP Ekstraklasa. Rak\u00f3w Cz\u0119stochowa przegra\u0142 z Zag\u0142\u0119biem Lubin i nie wykorzysta\u0142 szansy na fotel lidera [WIDEO]&nbsp;&nbsp;sport.tvp.pl Rak\u00f3w&hellip;\n","protected":false},"author":2,"featured_media":151262,"comment_status":"","ping_status":"","sticky":false,"template":"","format":"standard","meta":{"footnotes":""},"categories":[24],"tags":[269,2573,42,38,40,39,41,3177,127,334,126,3363],"class_list":{"0":"post-151261","1":"post","2":"type-post","3":"status-publish","4":"format-standard","5":"has-post-thumbnail","7":"category-sport","8":"tag-pilka-nozna","9":"tag-pko-bp-ekstraklasa","10":"tag-pl","11":"tag-poland","12":"tag-polish","13":"tag-polska","14":"tag-polski","15":"tag-rakw-czestochowa","16":"tag-sport","17":"tag-sport-tvp-pl","18":"tag-sports","19":"tag-zaglebie-lubin"},"share_on_mastodon":{"url":"https:\/\/pubeurope.com\/@pl\/115721420355205215","error":""},"_links":{"self":[{"href":"https:\/\/www.europesays.com\/pl\/wp-json\/wp\/v2\/posts\/151261","targetHints":{"allow":["GET"]}}],"collection":[{"href":"https:\/\/www.europesays.com\/pl\/wp-json\/wp\/v2\/posts"}],"about":[{"href":"https:\/\/www.europesays.com\/pl\/wp-json\/wp\/v2\/types\/post"}],"author":[{"embeddable":true,"href":"https:\/\/www.europesays.com\/pl\/wp-json\/wp\/v2\/users\/2"}],"replies":[{"embeddable":true,"href":"https:\/\/www.europesays.com\/pl\/wp-json\/wp\/v2\/comments?post=151261"}],"version-history":[{"count":0,"href":"https:\/\/www.europesays.com\/pl\/wp-json\/wp\/v2\/posts\/151261\/revisions"}],"wp:featuredmedia":[{"embeddable":true,"href":"https:\/\/www.europesays.com\/pl\/wp-json\/wp\/v2\/media\/151262"}],"wp:attachment":[{"href":"https:\/\/www.europesays.com\/pl\/wp-json\/wp\/v2\/media?parent=151261"}],"wp:term":[{"taxonomy":"category","embeddable":true,"href":"https:\/\/www.europesays.com\/pl\/wp-json\/wp\/v2\/categories?post=151261"},{"taxonomy":"post_tag","embeddable":true,"href":"https:\/\/www.europesays.com\/pl\/wp-json\/wp\/v2\/tags?post=151261"}],"curies":[{"name":"wp","href":"https:\/\/api.w.org\/{rel}","templated":true}]}}