{"id":151263,"date":"2025-12-15T03:21:29","date_gmt":"2025-12-15T03:21:29","guid":{"rendered":"https:\/\/www.europesays.com\/pl\/151263\/"},"modified":"2025-12-15T03:21:29","modified_gmt":"2025-12-15T03:21:29","slug":"potezna-fala-mrozow-w-stanach-zjednoczonych-temperatura-otrze-sie-o-rekordy","status":"publish","type":"post","link":"https:\/\/www.europesays.com\/pl\/151263\/","title":{"rendered":"Pot\u0119\u017cna fala mroz\u00f3w w Stanach Zjednoczonych. Temperatura otrze si\u0119 o rekordy"},"content":{"rendered":"<p class=\"Paragraph_desktopParagraph__U31Gm\">Pocz\u0105tek <a href=\"https:\/\/wiadomosci.onet.pl\/zima\" id=\"4755efc1-874b-4c80-bebc-d1bd8c7faca2\" rel=\"nofollow noopener\" target=\"_blank\">zimy<\/a> w Ameryce P\u00f3\u0142nocnej jest w tym roku bardzo ch\u0142odny. Od listopada kontynent co chwil\u0119 jest nawiedzany przez fale mro\u017anego powietrza z dalekiej p\u00f3\u0142nocy. W miejscowo\u015bci Faro w kanadyjskiej prowincji Jukon temperatura spada niemal do -50 st. C. Srogie zimno sp\u0142ywa te\u017c do Stan\u00f3w Zjednoczonych i najbardziej zaznacza\u0107 b\u0119dzie si\u0119 przez ca\u0142y weekend na p\u00f3\u0142nocy i p\u00f3\u0142nocnym wschodzie kraju.<\/p>\n<p>Niebezpieczna fala mro\u017anej pogody w USA. Temperatura spadnie poni\u017cej -30 st. C <\/p>\n<p class=\"Paragraph_desktopParagraph__U31Gm\">Meteorolodzy z Narodowego Centrum Pogodowego (NWS) zapowiadaj\u0105, \u017ce temperatury b\u0119d\u0105 nawet o 20-30 st. C ni\u017csze od normy wieloletniej i mog\u0105 zbli\u017cy\u0107 si\u0119 do rekordowych warto\u015bci. Do tego dojdzie silniejszy wiatr, kt\u00f3ry spot\u0119guje odczucie zimna. Na szcz\u0119\u015bcie nie powinny wyst\u0119powa\u0107 gwa\u0142towne <a href=\"https:\/\/wiadomosci.onet.pl\/snieg\" id=\"69daa753-6515-47c3-b390-948d27bb963a\" rel=\"nofollow noopener\" target=\"_blank\">opady \u015bniegu<\/a> mog\u0105ce jeszcze bardziej pogorszy\u0107 sytuacj\u0119. S\u0142u\u017cby apeluj\u0105 do mieszka\u0144c\u00f3w, aby pomaga\u0107 w przetrwaniu za\u0142amania pogody ludziom potrzebuj\u0105cym i zwierz\u0119tom.<\/p>\n<p class=\"Paragraph_desktopParagraph__U31Gm\">W miejscowo\u015bciach po\u0142o\u017conych przy granicy z Kanad\u0105 temperatura mo\u017ce spada\u0107 poni\u017cej -30\/-35 st. C, natomiast odczuwalnie b\u0119dzie a\u017c -40 st. C. W samym Chicago w niedziel\u0119 maksymalnie prognozowane jest -15 st. C, a w nocy -22 st. C. Silny <a href=\"https:\/\/wiadomosci.onet.pl\/mroz\" id=\"e7b7a28c-1f13-4cbc-8b9b-2ddb12a7f3ab\" rel=\"nofollow noopener\" target=\"_blank\">mr\u00f3z<\/a> dotrze te\u017c na zwykle cieplejsze miasta po\u0142o\u017cone na wschodzie kraju. W Nowym Jorku w nocy z niedzieli na poniedzia\u0142ek termometry wska\u017c\u0105 -11 st. C, a w Waszyngtonie -10 st. C. Przymrozki osi\u0105gn\u0105 r\u00f3wnie\u017c p\u00f3\u0142nocn\u0105 Floryd\u0119 i Luizjan\u0119, w tym le\u017c\u0105cy nad Zatok\u0105 Meksyka\u0144sk\u0105 Nowy Orlean.<\/p>\n<p class=\"VideoPlayerText_videoPlayerText__iDwyz\">Dalszy ci\u0105g materia\u0142u pod wideo<\/p>\n<p class=\"Paragraph_desktopParagraph__U31Gm\">Wed\u0142ug prognoz po weekendzie fala zimna zacznie zanika\u0107, a temperatura mocno wzro\u015bnie. Ocieplenie mo\u017ce by\u0107 na tyle silne, \u017ce pojawi si\u0119 odwil\u017c i nawet na p\u00f3\u0142nocy USA w po\u0142owie przysz\u0142ego tygodnia odnotujemy a\u017c 10 st. C &#8222;na plusie&#8221;. Siarczysty mr\u00f3z pozostanie natomiast w g\u0142\u0119bi Kanady i niewykluczone, \u017ce w kolejnych tygodniach jeszcze niejednokrotnie zst\u0105pi na po\u0142udnie.<\/p>\n<ul class=\"OchatFollowUps_wrapper__1ry7X\">\n<li class=\"OchatFollowUps_item__Dhyly OchatFollowUps_itemDesktop__R6aBv\">Jakie s\u0105 prognozowane maksymalne temperatury w Chicago?<\/li>\n<li class=\"OchatFollowUps_item__Dhyly OchatFollowUps_itemDesktop__R6aBv\">Jakie regiony USA s\u0105 najbardziej dotkni\u0119te mrozem?<\/li>\n<li class=\"OchatFollowUps_item__Dhyly OchatFollowUps_itemDesktop__R6aBv\">Kiedy przewidywane jest ocieplenie w USA?<\/li>\n<li class=\"OchatFollowUps_item__Dhyly OchatFollowUps_itemDesktop__R6aBv\">Jakie temperatury mog\u0105 by\u0107 odczuwalne przy silnym wietrze?<\/li>\n<\/ul>\n<p><img decoding=\"async\" class=\"Image_image__0tuHp Image_autoHeight__f2n87 \" height=\"464\" width=\"682\" src=\"https:\/\/www.europesays.com\/pl\/wp-content\/uploads\/2025\/12\/w2ak9kpTURBXy8zNWMxYjVjODI5YjczNjBiZWQ0NzRmOTc1YzcyMmY4NS5wbmeSlQLNA6wAwsOVAgDNAkvCw94AA6EwAaExAaEzw.jpeg\" alt=\"Na p\u00f3\u0142nocnym wschodzie USA temperatura b\u0119dzie ni\u017csza od normy nawet o 20-30 st. C\" loading=\"lazy\" \/>tropicaltidbits.com<\/p>\n<p>Na p\u00f3\u0142nocnym wschodzie USA temperatura b\u0119dzie ni\u017csza od normy nawet o 20-30 st. C<\/p>\n<p class=\"Paragraph_desktopParagraph__U31Gm\">Niemniej najnowsze prognozy wskazuj\u0105, \u017ce koniec grudnia i stycze\u0144 w Stanach Zjednoczonych b\u0119d\u0105 wyra\u017anie cieplejsze ni\u017c zwykle, a temperatury poni\u017cej normy ogranicz\u0105 si\u0119 do kra\u0144c\u00f3w p\u00f3\u0142nocnych kraju i wi\u0119kszo\u015bci Kanady. <a href=\"https:\/\/wiadomosci.onet.pl\/pogoda\/sniezna-i-mrozna-zima-coraz-blizej-polski-duze-zmiany-juz-w-czasie-swiat\/2xl234v\" id=\"3722433c-66fc-49f4-8383-d25a7ada7f9a\" rel=\"nofollow noopener\" target=\"_blank\">Ocieplenie w wi\u0119kszo\u015bci USA p\u00f3jdzie prawdopodobnie w parze z ozi\u0119bieniem w Europie, w tym w Polsce,<\/a> o czym pisali\u015bmy ju\u017c dzi\u015b rano w Onecie.<\/p>\n","protected":false},"excerpt":{"rendered":"Pocz\u0105tek zimy w Ameryce P\u00f3\u0142nocnej jest w tym roku bardzo ch\u0142odny. Od listopada kontynent co chwil\u0119 jest nawiedzany&hellip;\n","protected":false},"author":2,"featured_media":151264,"comment_status":"","ping_status":"","sticky":false,"template":"","format":"standard","meta":{"footnotes":""},"categories":[14],"tags":[32,33,27,67,34,35,6987,28,31,53,25,52,68,51,55,78,40,41,47,59,80,29,30,65,50,26,82,83,84,7441],"class_list":{"0":"post-151263","1":"post","2":"type-post","3":"status-publish","4":"format-standard","5":"has-post-thumbnail","7":"category-swiat","8":"tag-breaking-news","9":"tag-breakingnews","10":"tag-headlines","11":"tag-intextvideo_splayer","12":"tag-latest-news","13":"tag-latestnews","14":"tag-mroz","15":"tag-naglowki","16":"tag-najwazniejsze-artykuly","17":"tag-new_header","18":"tag-news","19":"tag-onet3","20":"tag-onet3d","21":"tag-onet3d_2i","22":"tag-phx","23":"tag-pogoda","24":"tag-polish","25":"tag-polski","26":"tag-screening_general","27":"tag-stany_zjednoczone_usa","28":"tag-swiat","29":"tag-top-stories","30":"tag-topstories","31":"tag-update_me","32":"tag-v2021","33":"tag-wiadomosci","34":"tag-world","35":"tag-world-news","36":"tag-worldnews","37":"tag-zima"},"share_on_mastodon":{"url":"https:\/\/pubeurope.com\/@pl\/115721436403904708","error":""},"_links":{"self":[{"href":"https:\/\/www.europesays.com\/pl\/wp-json\/wp\/v2\/posts\/151263","targetHints":{"allow":["GET"]}}],"collection":[{"href":"https:\/\/www.europesays.com\/pl\/wp-json\/wp\/v2\/posts"}],"about":[{"href":"https:\/\/www.europesays.com\/pl\/wp-json\/wp\/v2\/types\/post"}],"author":[{"embeddable":true,"href":"https:\/\/www.europesays.com\/pl\/wp-json\/wp\/v2\/users\/2"}],"replies":[{"embeddable":true,"href":"https:\/\/www.europesays.com\/pl\/wp-json\/wp\/v2\/comments?post=151263"}],"version-history":[{"count":0,"href":"https:\/\/www.europesays.com\/pl\/wp-json\/wp\/v2\/posts\/151263\/revisions"}],"wp:featuredmedia":[{"embeddable":true,"href":"https:\/\/www.europesays.com\/pl\/wp-json\/wp\/v2\/media\/151264"}],"wp:attachment":[{"href":"https:\/\/www.europesays.com\/pl\/wp-json\/wp\/v2\/media?parent=151263"}],"wp:term":[{"taxonomy":"category","embeddable":true,"href":"https:\/\/www.europesays.com\/pl\/wp-json\/wp\/v2\/categories?post=151263"},{"taxonomy":"post_tag","embeddable":true,"href":"https:\/\/www.europesays.com\/pl\/wp-json\/wp\/v2\/tags?post=151263"}],"curies":[{"name":"wp","href":"https:\/\/api.w.org\/{rel}","templated":true}]}}