{"id":151267,"date":"2025-12-15T03:24:12","date_gmt":"2025-12-15T03:24:12","guid":{"rendered":"https:\/\/www.europesays.com\/pl\/151267\/"},"modified":"2025-12-15T03:24:12","modified_gmt":"2025-12-15T03:24:12","slug":"damian-zurek-ze-srebrnym-medalem-pucharu-swiata-w-hamar-na-500-metrow-sport-tvp-pl","status":"publish","type":"post","link":"https:\/\/www.europesays.com\/pl\/151267\/","title":{"rendered":"Damian \u017burek ze srebrnym medalem Pucharu \u015awiata w Hamar na 500 metr\u00f3w &#8211; sport.tvp.pl"},"content":{"rendered":"<ol>\n<li><a href=\"https:\/\/news.google.com\/rss\/articles\/CBMioAFBVV95cUxOR282YkQxbEpKSGJfOVZBQjU5TFNxOXRMdWQ0TktPbFdjS0YxdEZQSUF0Yk9SSVNEaXA1a1hIX185b0UxYTZ2MlBaa294RTVqdG5jdTlDSTlIMDl1ampCMWliTWg1T1BkejhNZmxLeDI0QnBtRFM1dkJpaWFDM0ZmdGZRb0xXZm0yU2tNVzBYdFAwVTNVdERndk80UmZ4LWta0gGmAUFVX3lxTE1zd29BRFNpakYybEQtemVyWVM3czBQM1dnTzBwOTFQRDVFbm1JRnB6QUZHWnlnam54d3EwbXBIdEs3U01SRC1BMUw1ellRSmNLNDdKcl9YdlMxdkw4amtCTmJWYkYxS1Ewd3dpa0NUV3d5MTR1SG4yay13Uzd1aWVobHZNTm4wN3pnaVd5MWE2WDVDd2NrWGtUcHNHVldQZFdfcG1yeWc?oc=5\" target=\"_blank\" rel=\"nofollow noopener\">Damian \u017burek ze srebrnym medalem Pucharu \u015awiata w Hamar na 500 metr\u00f3w<\/a>&nbsp;&nbsp;sport.tvp.pl<\/li>\n<li><a href=\"https:\/\/news.google.com\/rss\/articles\/CBMi1AFBVV95cUxOU1kza3VjelU3NlVUTDRscGg2M3dlWUU0S0hWcFNWMV92SkVEWUdObjA4ajFnQnFNTERWOFdqbTFHZFpfM2VQNnpjb0N6eWtyUGhQSjlYRnZZT0hhQWtrb2RuaVZpaVVDT1FBemRnbUVra1J3ZUhld3RhcVZQbkk2ZFlIQ3BqSnhReXRpSGQ5bE9acl9ZYU1jM2R2MXo5Qzd6V1drZWE0eGdkemwzeWVQeUExak1XdUdpUm5XeldfdVN2SEtYZ05hd3pkUS04Zk5UeW5GbA?oc=5\" target=\"_blank\" rel=\"nofollow noopener\">0,001 od z\u0142ota! Polak milimetry od wygranej z wielkim mistrzem. Co za bieg!<\/a>&nbsp;&nbsp;Przegl\u0105d Sportowy Onet<\/li>\n<li><a href=\"https:\/\/news.google.com\/rss\/articles\/CBMiyAFBVV95cUxQcHJieUtPaGtUbVpZc1lDSWZpc3BEMzJFNTY3a2c2VEJ6Q2JNeDgzNWJNQ250Z2laNFhVOGpuanNKN0Z3NGEweG9yM1VhU2xmcUtON1AwMEhlOTZYeVU2eFNrRzJMZnNjWXR2WTZtcU9hbFhwXzhjTm80Wl8zQnN6RW91ZVY0dGFnVWpra0tieDFoMjdHWWtLYjBZaDcycVR4RllSV3Q3c3ZjcHQwbGxZV3JGWkJoSWpuN2xBXzZYYmJFMC1YWjBXR9IBzgFBVV95cUxQcW1qVHZ5MFh0ZlVSbGo3Q1RSMVR2enh6dDZhSFY4VnhlNEx5QkVwd0gwajcyWE1pVGdxcmd6Mnhka2I1bFhYRXNLUzh1ZDJ1RUdLYnRNOXNQVDVIMmxMNWhzVXFIRDJWQ2JoQ3pyRnUzYVNvdW5Lb2kyNC1uempCTS11NWRoWkhyaVZtWVlnaVRidGZjWXlDNEhiOC03ZHdOVTRBS1dfZEtCel9uZldlaTJpUnB3dDl5eEZkUm1ZR0hDcVFvZUstN29CbHZEdw?oc=5\" target=\"_blank\" rel=\"nofollow noopener\">P\u015a w \u0142y\u017cwiarstwie szybkim. Natalia Jabrzyk i Marcin Bachanek ze z\u0142otym medalem w sztafecie mieszanej<\/a>&nbsp;&nbsp;sport.tvp.pl<\/li>\n<li><a href=\"https:\/\/news.google.com\/rss\/articles\/CBMiswFBVV95cUxQUnk5MnJGVFgwM0poaTVPU051b3ZpekZrWFllQWJIRHFEemQ4MVgxM2xnQktRQl92bl8zR0dfTjc1YWdaNTY0QnpHc0d5UGFFQl8wOGRIejJMNzB1d1hJelFyUXV6eUlXQ1Raazg4VU1HZWdCUWZHdGVNSmJtTjRiNjBFZkdNakFZOFNUbktnT3ppaFBYUzFUeThkSFJuajBFVC05VUl2c2hPVWNMaldkdlAxUQ?oc=5\" target=\"_blank\" rel=\"nofollow noopener\">Nie do wiary, ile zabrak\u0142o Polakowi do z\u0142otego medalu. Fotofinisz pokaza\u0142 prawd\u0119<\/a>&nbsp;&nbsp;Sport.pl<\/li>\n<li><a href=\"https:\/\/news.google.com\/rss\/articles\/CBMilAFBVV95cUxOWWtkR3FpMkcxd1NRdUxkOUgxUmpCSWMxWlktZC0tQVpubnNQUGlPUU5zQklldW5PWXVLZFRnSjIyb3ZvZkVCd3VsQ0cyeW5EcU04SWQ4RkpxbVRMOHFINTBVN0FJUER0NV9pWXREcnN5eVFVTFB3YWJHcmdsSTRVOGsxcGpxdV9FMG9MUXlNY0lUbC01?oc=5\" target=\"_blank\" rel=\"nofollow noopener\">Co za wyst\u0119p Polki! Po raz drugi na podium<\/a>&nbsp;&nbsp;www.polsatsport.pl<\/li>\n<\/ol>\n","protected":false},"excerpt":{"rendered":"Damian \u017burek ze srebrnym medalem Pucharu \u015awiata w Hamar na 500 metr\u00f3w&nbsp;&nbsp;sport.tvp.pl 0,001 od z\u0142ota! Polak milimetry od&hellip;\n","protected":false},"author":2,"featured_media":151268,"comment_status":"","ping_status":"","sticky":false,"template":"","format":"standard","meta":{"footnotes":""},"categories":[24],"tags":[30483,23074,30482,18256,30486,30484,30485,42,38,40,39,41,27721,127,334,126],"class_list":{"0":"post-151267","1":"post","2":"type-post","3":"status-publish","4":"format-standard","5":"has-post-thumbnail","7":"category-sport","8":"tag-andzelika-wjcik","9":"tag-damian-zurek","10":"tag-kaja-ziomek-nogal","11":"tag-lyzwiarstwo-szybkie","12":"tag-marek-kania","13":"tag-martyna-baran","14":"tag-piotr-michalski","15":"tag-pl","16":"tag-poland","17":"tag-polish","18":"tag-polska","19":"tag-polski","20":"tag-puchar-swiata","21":"tag-sport","22":"tag-sport-tvp-pl","23":"tag-sports"},"share_on_mastodon":{"url":"https:\/\/pubeurope.com\/@pl\/115721447931087344","error":""},"_links":{"self":[{"href":"https:\/\/www.europesays.com\/pl\/wp-json\/wp\/v2\/posts\/151267","targetHints":{"allow":["GET"]}}],"collection":[{"href":"https:\/\/www.europesays.com\/pl\/wp-json\/wp\/v2\/posts"}],"about":[{"href":"https:\/\/www.europesays.com\/pl\/wp-json\/wp\/v2\/types\/post"}],"author":[{"embeddable":true,"href":"https:\/\/www.europesays.com\/pl\/wp-json\/wp\/v2\/users\/2"}],"replies":[{"embeddable":true,"href":"https:\/\/www.europesays.com\/pl\/wp-json\/wp\/v2\/comments?post=151267"}],"version-history":[{"count":0,"href":"https:\/\/www.europesays.com\/pl\/wp-json\/wp\/v2\/posts\/151267\/revisions"}],"wp:featuredmedia":[{"embeddable":true,"href":"https:\/\/www.europesays.com\/pl\/wp-json\/wp\/v2\/media\/151268"}],"wp:attachment":[{"href":"https:\/\/www.europesays.com\/pl\/wp-json\/wp\/v2\/media?parent=151267"}],"wp:term":[{"taxonomy":"category","embeddable":true,"href":"https:\/\/www.europesays.com\/pl\/wp-json\/wp\/v2\/categories?post=151267"},{"taxonomy":"post_tag","embeddable":true,"href":"https:\/\/www.europesays.com\/pl\/wp-json\/wp\/v2\/tags?post=151267"}],"curies":[{"name":"wp","href":"https:\/\/api.w.org\/{rel}","templated":true}]}}