{"id":15127,"date":"2025-09-25T11:19:07","date_gmt":"2025-09-25T11:19:07","guid":{"rendered":"https:\/\/www.europesays.com\/pl\/15127\/"},"modified":"2025-09-25T11:19:07","modified_gmt":"2025-09-25T11:19:07","slug":"deptula-tyle-jagiellonia-bialstok-wydala-na-transfery","status":"publish","type":"post","link":"https:\/\/www.europesays.com\/pl\/15127\/","title":{"rendered":"Deptu\u0142a: Tyle Jagiellonia Bia\u0142stok wyda\u0142a na transfery"},"content":{"rendered":"<p>Ziemowit Deptu\u0142a by\u0142 go\u015bciem Wesz\u0142oTV w\u00a0programie na\u00a0\u017cywo przed\u00a0\u015brodowymi meczami Ekstraklasy. Prezes Jagiellonii Bia\u0142ystok opowiedzia\u0142 mi\u0119dzy innymi o\u00a0kwocie, jak\u0105 tego lata w\u0142adze klubu wyda\u0142y na\u00a0transfery i\u00a0o\u00a0tym, jakim podej\u015bciem kierowa\u0142y si\u0119 na\u00a0rynku.<\/p>\n<p>Przed\u00a0startem sezonu mo\u017cna by\u0142o mie\u0107 w\u0105tpliwo\u015bci co\u00a0do\u00a0tego, jak poradzi sobie Jagiellonia. Dosz\u0142o bowiem do\u00a0wielu zmian kadrowych \u2013 dru\u017cyn\u0119 opu\u015bci\u0142o wielu istotnych pi\u0142karzy, a\u00a0w\u00a0ich miejsce przyszli nowi. Jak na\u00a0razie zesp\u00f3\u0142 radzi sobie jednak dobrze, udanie \u0142\u0105cz\u0105c gr\u0119 w\u00a0europejskich pucharach z\u00a0lig\u0105.<\/p>\n<p>Ziemowit Deptu\u0142a: Nie\u00a0sztuka wyda\u0107 du\u017co na\u00a0transfery<\/p>\n<p>Tego lata kluby Ekstraklasy wyda\u0142y rekordowe kwoty na\u00a0transfery. Jagiellonia dzia\u0142a\u0142a jednak ostro\u017cnie, co\u00a0podkre\u015bli\u0142 na\u00a0antenie Wesz\u0142oTV Ziemowit Deptu\u0142a.<\/p>\n<p>\u2013 Summa summarum wydali\u015bmy kilkaset tysi\u0119cy euro. Nie\u00a0b\u0119d\u0119 m\u00f3wi\u0142 o\u00a0konkretnych kwotach, ale\u00a0by\u0142o to\u00a0poni\u017cej miliona, w\u00a0okolicach 75 procent tej\u00a0kwoty. Podeszli\u015bmy do\u00a0tematu rozs\u0105dnie \u2013\u00a0wyja\u015bni\u0142 prezes Dumy Podlasia.<\/p>\n<p>Deptu\u0142a nie\u00a0uwa\u017ca, aby wysoka kwota transferu by\u0142a wyznacznikiem jego jako\u015bci.<\/p>\n<p>\u2013 To\u00a0podej\u015bcie troch\u0119 kibicowskie. Nie\u00a0sztuka du\u017co wyda\u0107 na\u00a0transfery. Wa\u017cniejsza jest kwestia oczekiwa\u0144 pi\u0142karzy co\u00a0do\u00a0wynagrodzenia. Op\u0142ata transferowa to\u00a0jednorazowy strza\u0142, mo\u017cna j\u0105\u00a0roz\u0142o\u017cy\u0107 na\u00a0raty, nawet na\u00a0kilka lat. Bardziej to\u00a0kwestia tego, \u017ceby\u00a0sensownie prowadzi\u0107 polityk\u0119 p\u0142acow\u0105: nie\u00a0zrobi\u0107 tak, \u017ce\u00a0masz pi\u0142karza, kt\u00f3ry\u00a0zarabia sto tysi\u0119cy euro miesi\u0119cznie, a\u00a0reszta sze\u015b\u0107dziesi\u0105t, bo\u00a0zaczyna robi\u0107 si\u0119 rozjazd w\u00a0szatni. Trzeba to\u00a0trzyma\u0107 na\u00a0dobrym poziomie, \u017ceby\u00a0nie\u00a0by\u0142o tak, \u017ce\u00a0jedni s\u0105\u00a0bardziej docenieni, a\u00a0inni mniej \u2013\u00a0stwierdzi\u0142 szef Jagiellonii.<\/p>\n<p>Nie\u00a0oznacza to\u00a0jednak, \u017ce\u00a0klubu nie\u00a0by\u0142o sta\u0107 na\u00a0wydanie du\u017cych kwot.<\/p>\n<p>\u2013 Mo\u017cna kupi\u0107 samoch\u00f3d z\u00a0salonu i\u00a0wyda\u0107 okre\u015blon\u0105 sum\u0119 pieni\u0119dzy, mo\u017cna te\u017c z\u00a0drugiej r\u0119ki kupi\u0107 taki samoch\u00f3d za\u00a0du\u017co mniejsze pieni\u0105dze, a\u00a0te\u017c b\u0119dzie w\u00a0dobrym stanie. My\u00a0szukamy pi\u0142karzy z\u00a0jednej strony takich, kt\u00f3ry\u00a0s\u0105\u00a0sensowni cenowo, a\u00a0z\u00a0drugiej pasuj\u0105 do\u00a0dru\u017cyny. Bardziej patrzymy na\u00a0charakterystyk\u0119 pi\u0142karza ni\u017c na\u00a0jego cen\u0119. \u0141ukasz Mas\u0142owski nie\u00a0mia\u0142 g\u00f3rnych wide\u0142ek, nie\u00a0ustalali\u015bmy czego\u015b takiego. Pyta\u0142 mnie przed\u00a0okienkiem: ile b\u0119d\u0119 mia\u0142 na\u00a0transfery? M\u00f3wi\u0142em: tyle, ile trzeba. To\u00a0bardziej kwestia dostosowania si\u0119 do\u00a0potrzeb, do\u00a0odpowiedniej osoby, ni\u017c podej\u015bcia na\u00a0zasadzie: mamy na\u00a0transfery cztery miliony euro, jedziemy z\u00a0koksem. Samo podanie warto\u015bci, jak\u0105 chce si\u0119 wyda\u0107 na\u00a0transfery, to\u00a0b\u0142\u0105d \u2013 oceni\u0142 Ziemowit Deptu\u0142a.<\/p>\n<p>WI\u0118CEJ O\u00a0EKSTRAKLASIE NA\u00a0WESZ\u0141O:<\/p>\n<p>Fot.\u00a0Newspix<\/p>\n","protected":false},"excerpt":{"rendered":"Ziemowit Deptu\u0142a by\u0142 go\u015bciem Wesz\u0142oTV w\u00a0programie na\u00a0\u017cywo przed\u00a0\u015brodowymi meczami Ekstraklasy. Prezes Jagiellonii Bia\u0142ystok opowiedzia\u0142 mi\u0119dzy innymi o\u00a0kwocie, jak\u0105&hellip;\n","protected":false},"author":2,"featured_media":15128,"comment_status":"","ping_status":"","sticky":false,"template":"","format":"standard","meta":{"footnotes":""},"categories":[24],"tags":[2615,42,38,40,39,41,127,126,5500],"class_list":{"0":"post-15127","1":"post","2":"type-post","3":"status-publish","4":"format-standard","5":"has-post-thumbnail","7":"category-sport","8":"tag-jagiellonia-bialystok","9":"tag-pl","10":"tag-poland","11":"tag-polish","12":"tag-polska","13":"tag-polski","14":"tag-sport","15":"tag-sports","16":"tag-ziemowit-deptula"},"share_on_mastodon":{"url":"","error":""},"_links":{"self":[{"href":"https:\/\/www.europesays.com\/pl\/wp-json\/wp\/v2\/posts\/15127","targetHints":{"allow":["GET"]}}],"collection":[{"href":"https:\/\/www.europesays.com\/pl\/wp-json\/wp\/v2\/posts"}],"about":[{"href":"https:\/\/www.europesays.com\/pl\/wp-json\/wp\/v2\/types\/post"}],"author":[{"embeddable":true,"href":"https:\/\/www.europesays.com\/pl\/wp-json\/wp\/v2\/users\/2"}],"replies":[{"embeddable":true,"href":"https:\/\/www.europesays.com\/pl\/wp-json\/wp\/v2\/comments?post=15127"}],"version-history":[{"count":0,"href":"https:\/\/www.europesays.com\/pl\/wp-json\/wp\/v2\/posts\/15127\/revisions"}],"wp:featuredmedia":[{"embeddable":true,"href":"https:\/\/www.europesays.com\/pl\/wp-json\/wp\/v2\/media\/15128"}],"wp:attachment":[{"href":"https:\/\/www.europesays.com\/pl\/wp-json\/wp\/v2\/media?parent=15127"}],"wp:term":[{"taxonomy":"category","embeddable":true,"href":"https:\/\/www.europesays.com\/pl\/wp-json\/wp\/v2\/categories?post=15127"},{"taxonomy":"post_tag","embeddable":true,"href":"https:\/\/www.europesays.com\/pl\/wp-json\/wp\/v2\/tags?post=15127"}],"curies":[{"name":"wp","href":"https:\/\/api.w.org\/{rel}","templated":true}]}}