{"id":151275,"date":"2025-12-15T03:32:15","date_gmt":"2025-12-15T03:32:15","guid":{"rendered":"https:\/\/www.europesays.com\/pl\/151275\/"},"modified":"2025-12-15T03:32:15","modified_gmt":"2025-12-15T03:32:15","slug":"ksiezna-kate-oddala-hold-zmarlym-na-raka-odrecznie-napisana-notatka-porusza","status":"publish","type":"post","link":"https:\/\/www.europesays.com\/pl\/151275\/","title":{"rendered":"Ksi\u0119\u017cna Kate odda\u0142a ho\u0142d zmar\u0142ym na raka. Odr\u0119cznie napisana notatka porusza"},"content":{"rendered":"<p><a class=\"Slot_linkedImage__I6x1q\" target=\"_blank\" href=\"https:\/\/plejada.pl\/temat\/rodziny-krolewskie-rody-royalsi\/rgknq1p\" rel=\"noopener noreferrer nofollow\" data-allow-layer=\"true\"><img decoding=\"async\" class=\"Image_image__0tuHp Image_autoHeight__f2n87 \" height=\"93\" width=\"750\" src=\"https:\/\/www.europesays.com\/pl\/wp-content\/uploads\/2025\/12\/tS5k9kpTURBXy9mMTRkOTIyMDcwYjFjMGI2YzQyMTNkNDYwYWYwNTg3Ni5qcGeSlQLNAu4AwsOVAgDNAu7Cw94AA6EwAaExAaEzw.jpeg\" loading=\"lazy\" \/><\/a><\/p>\n<p class=\"Paragraph_desktopParagraph__U31Gm\"><a href=\"https:\/\/plejada.pl\/temat\/kate-kate-middleton-ksiezna-walii\/1ly19tz\" id=\"35626d53-9f79-4410-8bab-1264dbdb7b6d\" rel=\"nofollow noopener\" target=\"_blank\">Ksi\u0119\u017cna Kate<\/a> od czasu diagnozy raka wspiera osoby, kt\u00f3re tak jak ona, zmagaj\u0105 si\u0119 z t\u0105 chorob\u0105. Niedawno ukochana <a href=\"https:\/\/plejada.pl\/temat\/william-ksiaze-walii-wilhelm\/88m6dtn\" id=\"438812a7-4132-40ea-9399-cc4ca4af5881\" rel=\"nofollow noopener\" target=\"_blank\">ksi\u0119cia Williama<\/a> odwiedzi\u0142a Ogr\u00f3d Ever After, kt\u00f3ry zbiera fundusze dla organizacji charytatywnej The Royal Marsden Cancer Charity.<\/p>\n<ul class=\"OchatFollowUps_wrapper__1ry7X\">\n<li class=\"OchatFollowUps_item__Dhyly OchatFollowUps_itemDesktop__R6aBv\">Co napisa\u0142a ksi\u0119\u017cna Kate w notatce?<\/li>\n<li class=\"OchatFollowUps_item__Dhyly OchatFollowUps_itemDesktop__R6aBv\">Gdzie odby\u0142a si\u0119 wizyta ksi\u0119\u017cnej Kate?<\/li>\n<li class=\"OchatFollowUps_item__Dhyly OchatFollowUps_itemDesktop__R6aBv\">Jak\u0105 organizacj\u0119 wspiera Ever After Garden?<\/li>\n<li class=\"OchatFollowUps_item__Dhyly OchatFollowUps_itemDesktop__R6aBv\">Ile funduszy zebra\u0142 Ever After Garden na rzecz Royal Marsden NHS Foundation Trust?<\/li>\n<\/ul>\n<p>Poruszaj\u0105cy gest ksi\u0119\u017cnej Kate. Tak odda\u0142a ho\u0142d zmar\u0142ym na raka <\/p>\n<p class=\"Paragraph_desktopParagraph__U31Gm\">W sobot\u0119 13 grudnia na oficjalnym profilu na Instagramie pojawi\u0142o si\u0119 nagranie, na kt\u00f3rym zrelacjonowano wizyt\u0119 ksi\u0119\u017cnej Walii w Ever After Garden. Na jej twarzy nie brakowa\u0142o u\u015bmiechu. \u017bona nast\u0119pcy tronu postanowi\u0142a r\u00f3wnie\u017c z\u0142o\u017cy\u0107 ho\u0142d wszystkim tym, kt\u00f3rym nie uda\u0142o si\u0119 wr\u00f3ci\u0107 do zdrowia, zostawiaj\u0105c w ogrodzie odr\u0119cznie napisan\u0105 notatk\u0119. Ten prosty niezwykle poruszaj\u0105cy gest odbi\u0142 si\u0119 szerokim echem w mediach.<\/p>\n<blockquote>\n<p class=\"Paragraph_desktopParagraph__U31Gm\">W mi\u0142osnej pami\u0119ci wszystkich tych, kt\u00f3rzy stracili \u017cycie z powodu raka. C <\/p>\n<\/blockquote>\n<p class=\"Paragraph_desktopParagraph__U31Gm\">\u2013 napisa\u0142a ksi\u0119\u017cna na kartce, kt\u00f3r\u0105 mo\u017cna by\u0142o dostrzec w\u015br\u00f3d trawy w ogrodzie wype\u0142nionym ponad 30 tys. \u015bwiec\u0105cych bia\u0142ych r\u00f3\u017c.<\/p>\n<p><img decoding=\"async\" class=\"Image_image__0tuHp Image_autoHeight__f2n87 \" height=\"529\" width=\"940\" src=\"https:\/\/www.europesays.com\/pl\/wp-content\/uploads\/2025\/12\/WOfk9kpTURBXy9hNTQyMGJiMGI4NGU4ZjEzZTFiNTRjMDJjOTY5ZmUzZC5qcGeSlQLNA6wAwsOVAgDNAkvCw94AA6EwAaExAaEzw.jpeg\" alt=\"Screeny z instagramowego profilu ksi\u0119\u017cnej i ksi\u0119cia Walii\" loading=\"lazy\" \/>instagram.com\/princeandprincessofwales\/ \/ Matria\u0142y &#8222;Na prawach cytatu&#8221;<\/p>\n<p>Screeny z instagramowego profilu ksi\u0119\u017cnej i ksi\u0119cia Walii<\/p>\n<p class=\"Paragraph_desktopParagraph__U31Gm\">Ever After Garden, stworzony we wsp\u00f3\u0142pracy z projektantk\u0105 Any\u0105 Hindmarch i pisark\u0105 Camill\u0105 Morton, od 2019 r. wspiera Royal Marsden Cancer Charity. Instalacja artystyczna, kt\u00f3ra co roku przyci\u0105ga rzesze odwiedzaj\u0105cych, zebra\u0142a ju\u017c ponad 1,6 mln dol. na rzecz Royal Marsden NHS Foundation Trust \u2013 jednego z wiod\u0105cych o\u015brodk\u00f3w onkologicznych w Wielkiej Brytanii.<\/p>\n<p class=\"Paragraph_desktopParagraph__U31Gm\">&#8222;Dzi\u0119kuj\u0119 wszystkim, kt\u00f3rzy przyczynili si\u0119 do powstania Ever After Garden, kt\u00f3ry zbiera wa\u017cne fundusze dla The Royal Marsden Cancer Charity. Ka\u017cdy kwiat, ka\u017cde \u015bwiat\u0142o to wsp\u00f3lne wspomnienie, iluminacja wsp\u00f3lnej mi\u0142o\u015bci, pami\u0119ci i nadziei&#8221; \u2013 czytamy w po\u015bcie na Instagramie.<\/p>\n<p class=\"Paragraph_desktopParagraph__U31Gm\">Dzi\u0119kujemy, \u017ce przeczyta\u0142a\u015b\/e\u015b nasz artyku\u0142 do ko\u0144ca. W serwisie Plejada.pl ka\u017cdego dnia piszemy o najwa\u017cniejszych wydarzeniach show-biznesowych. B\u0105d\u017a na bie\u017c\u0105co! <a rel=\"nofollow noopener\" href=\"https:\/\/profile.google.com\/cp\/Cg0vZy8xMWJ6X19wdHBx\" id=\"d393231b-26ef-4e3b-a3f6-6db54306445e\" target=\"_blank\">Obserwuj<\/a> Plejad\u0119 w Google. Odwied\u017a nas tak\u017ce na <a rel=\"nofollow noopener\" href=\"https:\/\/www.facebook.com\/plejadapl\" id=\"50e43ea8-94e4-47f2-87b3-853c5dc7c5ec\" target=\"_blank\">Facebooku<\/a>, <a rel=\"nofollow noopener\" href=\"https:\/\/www.instagram.com\/plejadapl\/\" id=\"9e60fc21-8cc8-4b79-815c-c7b0a0fed1be\" target=\"_blank\">Instagramie<\/a>, <a rel=\"nofollow noopener\" href=\"https:\/\/www.youtube.com\/c\/plejada\" id=\"6a411807-0988-40ac-9acc-020cda37b1a2\" target=\"_blank\">YouTubie<\/a> oraz <a rel=\"nofollow noopener\" href=\"https:\/\/www.tiktok.com\/@plejada_pl\" id=\"f45dde15-1931-446a-a1da-78e09357a590\" target=\"_blank\">TikToku<\/a>.<\/p>\n<p class=\"Paragraph_desktopParagraph__U31Gm\">Chcesz podzieli\u0107 si\u0119 ciekawym newsem lub zaproponowa\u0107 temat? Skontaktuj si\u0119 z nami, pisz\u0105c maila na adres: <a href=\"https:\/\/www.onet.pl\/styl-zycia\/plejada\/ksiezna-kate-oddala-hold-zmarlym-na-raka-odrecznie-napisana-notatka-porusza\/mailto:plejada@redakcjaonet.pl\" id=\"46fb4f10-0f02-417f-bc73-43b40b594290\" rel=\"nofollow noopener\" target=\"_blank\">plejada@redakcjaon<\/a><a rel=\"nofollow noopener\" href=\"http:\/\/et.pl\" id=\"85e8ff92-c771-4f25-99ab-6d8d25efceb1\" target=\"_blank\">et.pl<\/a>.<\/p>\n<p><script async src=\"\/\/www.instagram.com\/embed.js\"><\/script><script async src=\"\/\/www.tiktok.com\/embed.js\"><\/script><\/p>\n","protected":false},"excerpt":{"rendered":"Ksi\u0119\u017cna Kate od czasu diagnozy raka wspiera osoby, kt\u00f3re tak jak ona, zmagaj\u0105 si\u0119 z t\u0105 chorob\u0105. Niedawno&hellip;\n","protected":false},"author":2,"featured_media":151276,"comment_status":"","ping_status":"","sticky":false,"template":"","format":"standard","meta":{"footnotes":""},"categories":[22],"tags":[4579,122,67,483,53,9506,52,68,51,55,42,38,40,39,41,459,123,47,196,65,50,253],"class_list":{"0":"post-151275","1":"post","2":"type-post","3":"status-publish","4":"format-standard","5":"has-post-thumbnail","7":"category-rozrywka","8":"tag-choroby_choroba","9":"tag-entertainment","10":"tag-intextvideo_splayer","11":"tag-kate_kate_middleton_ksiezna_walii","12":"tag-new_header","13":"tag-nowotwor_rak_onkologia_onkolog","14":"tag-onet3","15":"tag-onet3d","16":"tag-onet3d_2i","17":"tag-phx","18":"tag-pl","19":"tag-poland","20":"tag-polish","21":"tag-polska","22":"tag-polski","23":"tag-rodziny_krolewskie_rody_royalsi","24":"tag-rozrywka","25":"tag-screening_general","26":"tag-styl_zycia","27":"tag-update_me","28":"tag-v2021","29":"tag-zdrowie"},"share_on_mastodon":{"url":"https:\/\/pubeurope.com\/@pl\/115721479575452899","error":""},"_links":{"self":[{"href":"https:\/\/www.europesays.com\/pl\/wp-json\/wp\/v2\/posts\/151275","targetHints":{"allow":["GET"]}}],"collection":[{"href":"https:\/\/www.europesays.com\/pl\/wp-json\/wp\/v2\/posts"}],"about":[{"href":"https:\/\/www.europesays.com\/pl\/wp-json\/wp\/v2\/types\/post"}],"author":[{"embeddable":true,"href":"https:\/\/www.europesays.com\/pl\/wp-json\/wp\/v2\/users\/2"}],"replies":[{"embeddable":true,"href":"https:\/\/www.europesays.com\/pl\/wp-json\/wp\/v2\/comments?post=151275"}],"version-history":[{"count":0,"href":"https:\/\/www.europesays.com\/pl\/wp-json\/wp\/v2\/posts\/151275\/revisions"}],"wp:featuredmedia":[{"embeddable":true,"href":"https:\/\/www.europesays.com\/pl\/wp-json\/wp\/v2\/media\/151276"}],"wp:attachment":[{"href":"https:\/\/www.europesays.com\/pl\/wp-json\/wp\/v2\/media?parent=151275"}],"wp:term":[{"taxonomy":"category","embeddable":true,"href":"https:\/\/www.europesays.com\/pl\/wp-json\/wp\/v2\/categories?post=151275"},{"taxonomy":"post_tag","embeddable":true,"href":"https:\/\/www.europesays.com\/pl\/wp-json\/wp\/v2\/tags?post=151275"}],"curies":[{"name":"wp","href":"https:\/\/api.w.org\/{rel}","templated":true}]}}