{"id":151295,"date":"2025-12-15T04:05:27","date_gmt":"2025-12-15T04:05:27","guid":{"rendered":"https:\/\/www.europesays.com\/pl\/151295\/"},"modified":"2025-12-15T04:05:27","modified_gmt":"2025-12-15T04:05:27","slug":"znamy-sklad-polskiego-jury-w-nim-viki-gabor","status":"publish","type":"post","link":"https:\/\/www.europesays.com\/pl\/151295\/","title":{"rendered":"znamy sk\u0142ad polskiego jury. W nim Viki Gabor"},"content":{"rendered":"<p class=\"ods-c-paragraph \">Za nami 23. Konkurs Piosenki Eurowizji Junior. Marianna K\u0142os z Polski <a href=\"https:\/\/kultura.onet.pl\/muzyka\/wiadomosci\/francuzka-lou-deleuze-triumfuje-w-eurowizji-junior-ile-punktow-dostala-marianna-klos\/jkf5kd3\" id=\"d6cea809-8d97-4253-bc8a-f4f394da8797\" rel=\"nofollow noopener\" target=\"_blank\">zaj\u0119\u0142a \u00f3sme miejsce<\/a>, a <a href=\"https:\/\/kultura.onet.pl\/muzyka\/lou-deleuze-zwyciezyla-na-eurowizji-junior-jest-wschodzaca-gwiazda\/k4bzp5e\" id=\"6ca8aaf6-f805-45f8-ba0f-cf46662fb545\" rel=\"nofollow noopener\" target=\"_blank\">triumfowa\u0142a Lou Deleuze z Francji.<\/a><\/p>\n<p>Dalszy ci\u0105g artyku\u0142u pod materia\u0142em wideo<\/p>\n<p> Kto by\u0142 w polskim jury na Eurowizji Junior 2025? <\/p>\n<p> Ile punkt\u00f3w Polska przyzna\u0142a Hiszpanii? <\/p>\n<p> Kto wygra\u0142 Eurowizj\u0119 Junior 2025? <\/p>\n<p> Dlaczego Zosia W\u00f3jcik nie mog\u0142a wyst\u0105pi\u0107 w Eurowizji Junior? <\/p>\n<p class=\"ods-c-paragraph \">Przeczytaj te\u017c: <a href=\"https:\/\/kultura.onet.pl\/muzyka\/wywiady-i-artykuly\/nic-sie-nie-stalo-ale-naprawde-polka-na-eurowizji-junior-byla-spektakularna\/pdrsfc5\" id=\"7fb6a38c-0819-4d85-bbcc-bbc51892f29d\" rel=\"nofollow noopener\" target=\"_blank\">Polka na Eurowizji Junior by\u0142a spektakularna. Brak trofeum nic nie znaczy<\/a><\/p>\n<p>To oni byli w polskim jury na Eurowizji Junior 2025. W\u015br\u00f3d nazwisk Viki Gabor<\/p>\n<p class=\"ods-c-paragraph \">G\u0142osy od Polski przekaza\u0142a Zosia W\u00f3jcik, czyli zwyci\u0119\u017cczyni &#8222;The Voice Kids&#8221;, kt\u00f3ra nie mog\u0142a wyst\u0105pi\u0107 w Eurowizji Junior z powodu wieku (regulamin dopuszcza m\u0142odzie\u017c do 14 r.\u017c, a ona mia\u0142a w\u00f3wczas 15 lat).<\/p>\n<p class=\"ods-c-paragraph \">Polskie jury przyzna\u0142o kolejno:<\/p>\n<ul class=\"ods-m-bullet-list\">\n<li class=\"ods-a-bullet ods-a-bullet--normal\"> 1 punkt Hiszpanii <\/li>\n<li class=\"ods-a-bullet ods-a-bullet--normal\"> 2 punkty Albanii <\/li>\n<li class=\"ods-a-bullet ods-a-bullet--normal\"> 3 punkty Portugalii <\/li>\n<li class=\"ods-a-bullet ods-a-bullet--normal\"> 4 punkty Holandii <\/li>\n<li class=\"ods-a-bullet ods-a-bullet--normal\"> 5 punkt\u00f3w San Marino <\/li>\n<li class=\"ods-a-bullet ods-a-bullet--normal\"> 6 punkt\u00f3w Malcie <\/li>\n<li class=\"ods-a-bullet ods-a-bullet--normal\"> 7 punkt\u00f3w Macedonii P\u00f3\u0142nocnej <\/li>\n<li class=\"ods-a-bullet ods-a-bullet--normal\"> 8 punkt\u00f3w Armenii <\/li>\n<li class=\"ods-a-bullet ods-a-bullet--normal\"> 10 punkt\u00f3w Francji <\/li>\n<li class=\"ods-a-bullet ods-a-bullet--normal\"> 12 punkt\u00f3w Gruzji.\u00a0 <\/li>\n<\/ul>\n<p class=\"ods-c-paragraph \">Na oficjalnej stronie Eurowizji Junior zaprezentowano nazwiska cz\u0142onk\u00f3w jury ze wszystkich kraj\u00f3w, w tym z Polski. W tym gronie znale\u017ali si\u0119 Konrad Szcz\u0119sny, dziennikarz eurowizyjny i prezes stowarzyszenia zwi\u0105zanego z konkursem, OGAE; Stanis\u0142aw Karo\u0144, czyli by\u0142y uczestnik &#8222;The Voice Kids&#8221;; Tomasz Kukurba, multiinstrumentalista zwi\u0105zany z zespo\u0142em Kroke; Julia Witulska, czyli by\u0142a uczestniczka &#8222;The Voice Kids&#8221; oraz Viki Gabor \u2014 zwyci\u0119\u017cczyni Eurowizji Junior 2019.<\/p>\n<p class=\"ods-c-paragraph \">Zobacz te\u017c:<\/p>\n","protected":false},"excerpt":{"rendered":"Za nami 23. Konkurs Piosenki Eurowizji Junior. Marianna K\u0142os z Polski zaj\u0119\u0142a \u00f3sme miejsce, a triumfowa\u0142a Lou Deleuze&hellip;\n","protected":false},"author":2,"featured_media":151296,"comment_status":"","ping_status":"","sticky":false,"template":"","format":"standard","meta":{"footnotes":""},"categories":[5],"tags":[32,33,29907,36,37,27,34,35,1252,28,919,31,48,25,46,42,38,40,39,41,47,29,30,2027,26],"class_list":{"0":"post-151295","1":"post","2":"type-post","3":"status-publish","4":"format-standard","5":"has-post-thumbnail","7":"category-naglowki","8":"tag-breaking-news","9":"tag-breakingnews","10":"tag-eurowizja_junior","11":"tag-featured-news","12":"tag-featurednews","13":"tag-headlines","14":"tag-latest-news","15":"tag-latestnews","16":"tag-muzyka","17":"tag-naglowki","18":"tag-najnowsze_wiadomosci_kultura","19":"tag-najwazniejsze-artykuly","20":"tag-nat_styl","21":"tag-news","22":"tag-omp","23":"tag-pl","24":"tag-poland","25":"tag-polish","26":"tag-polska","27":"tag-polski","28":"tag-screening_general","29":"tag-top-stories","30":"tag-topstories","31":"tag-viki_gabor","32":"tag-wiadomosci"},"share_on_mastodon":{"url":"https:\/\/pubeurope.com\/@pl\/115721609209161971","error":""},"_links":{"self":[{"href":"https:\/\/www.europesays.com\/pl\/wp-json\/wp\/v2\/posts\/151295","targetHints":{"allow":["GET"]}}],"collection":[{"href":"https:\/\/www.europesays.com\/pl\/wp-json\/wp\/v2\/posts"}],"about":[{"href":"https:\/\/www.europesays.com\/pl\/wp-json\/wp\/v2\/types\/post"}],"author":[{"embeddable":true,"href":"https:\/\/www.europesays.com\/pl\/wp-json\/wp\/v2\/users\/2"}],"replies":[{"embeddable":true,"href":"https:\/\/www.europesays.com\/pl\/wp-json\/wp\/v2\/comments?post=151295"}],"version-history":[{"count":0,"href":"https:\/\/www.europesays.com\/pl\/wp-json\/wp\/v2\/posts\/151295\/revisions"}],"wp:featuredmedia":[{"embeddable":true,"href":"https:\/\/www.europesays.com\/pl\/wp-json\/wp\/v2\/media\/151296"}],"wp:attachment":[{"href":"https:\/\/www.europesays.com\/pl\/wp-json\/wp\/v2\/media?parent=151295"}],"wp:term":[{"taxonomy":"category","embeddable":true,"href":"https:\/\/www.europesays.com\/pl\/wp-json\/wp\/v2\/categories?post=151295"},{"taxonomy":"post_tag","embeddable":true,"href":"https:\/\/www.europesays.com\/pl\/wp-json\/wp\/v2\/tags?post=151295"}],"curies":[{"name":"wp","href":"https:\/\/api.w.org\/{rel}","templated":true}]}}