{"id":151303,"date":"2025-12-15T04:18:18","date_gmt":"2025-12-15T04:18:18","guid":{"rendered":"https:\/\/www.europesays.com\/pl\/151303\/"},"modified":"2025-12-15T04:18:18","modified_gmt":"2025-12-15T04:18:18","slug":"wyjatkowe-znalezisko-u-stop-karkonoszy-o-tej-porze-roku-to-rzadkosc-zdjecie","status":"publish","type":"post","link":"https:\/\/www.europesays.com\/pl\/151303\/","title":{"rendered":"Wyj\u0105tkowe znalezisko u st\u00f3p Karkonoszy. O tej porze roku to rzadko\u015b\u0107 [ZDJ\u0118CIE]"},"content":{"rendered":"<p class=\"ods-c-paragraph \">Zamiast \u015bniegu i mrozu, pogoda od dw\u00f3ch tygodni staje na g\u0142owie. Temperatura osi\u0105ga ekstremalne warto\u015bci si\u0119gaj\u0105ce a\u017c 10-15 st. C. Mrozu nie ma nawet nocami, a odwil\u017c dotar\u0142a tak\u017ce wysoko w g\u00f3ry. Spowodowa\u0142o to, \u017ce przyroda nadal nie zachowuje si\u0119 tak, jak powinna. <a href=\"https:\/\/www.onet.pl\/informacje\/krakowdlawas\/niedzwiedzie-w-tatrach-wciaz-aktywne-ich-sen-przesunela-ciepla-zima\/2yv6yhw,0666d3f1\" id=\"3d3bae6d-fcdf-4f4b-8df9-abc5f2100fdf\" rel=\"nofollow noopener\" target=\"_blank\">Przyk\u0142adowo, w Tatrach ca\u0142y czas aktywne pozostaj\u0105 nied\u017awiedzie.<\/a><\/p>\n<p>Dalszy ci\u0105g artyku\u0142u pod materia\u0142em wideo<\/p>\n<p> Jakie grzyby znaleziono w Karkonoszach? <\/p>\n<p> Dlaczego grudniowe znalezisko grzyb\u00f3w jest rzadko\u015bci\u0105? <\/p>\n<p> Jakie s\u0105 prognozy pogody w Polsce na przysz\u0142y tydzie\u0144? <\/p>\n<p> Czy nied\u017awiedzie w Tatrach s\u0105 aktywne tak\u017ce zim\u0105? <\/p>\n<p>  Pokazali zdj\u0119cie wyj\u0105tkowego znaleziska w lesie. W grudniu taki widok to rzadko\u015b\u0107<\/p>\n<p class=\"ods-c-paragraph \">Natomiast w lasach pojawiaj\u0105 si\u0119 kolejne okazy <a href=\"https:\/\/podroze.onet.pl\/grzyby\" id=\"1587885a-b502-46cc-b11e-92816e44a3ef\" rel=\"nofollow noopener\" target=\"_blank\">grzyb\u00f3w<\/a>. Karkonoski Park Narodowy zamie\u015bci\u0142 w pi\u0105tek w mediach spo\u0142eczno\u015bciowych zdj\u0119cie przedstawiaj\u0105ce rosn\u0105ce kurki. &#8222;Grudniowe&#8221; \u2014 brzmi podpis pod fotografi\u0105. Jest to du\u017ce zaskoczenie, poniewa\u017c ten typ grzyb\u00f3w wyst\u0119puje zwykle latem i na pocz\u0105tku jesieni, zw\u0142aszcza w przypadku jednoczesnego wyst\u0119powania wysokich temperatur oraz intensywnych opad\u00f3w deszczu.<\/p>\n<p class=\"ods-c-paragraph \">Ich pojawianie si\u0119 ju\u017c w listopadzie nie zdarza si\u0119 cz\u0119sto, a w grudniu jest niezwykle rzadkie. O tej porze mo\u017cna spotka\u0107 je jedynie przy ekstremalnej <a href=\"https:\/\/podroze.onet.pl\/pogoda\" id=\"9d11e26c-b212-4d4c-ba1f-bed95678249f\" rel=\"nofollow noopener\" target=\"_blank\">pogodzie<\/a>, zupe\u0142nie niepasuj\u0105cej do kalendarza. A tak\u0105 w\u0142a\u015bnie mamy od pocz\u0105tku miesi\u0105ca. Co wi\u0119cej, opr\u00f3cz temperatur, ich rozwojowi sprzyja nawodniona gleba po \u015bnie\u017cycach, jakie przesz\u0142y przez Polsk\u0119 pod koniec listopada.<\/p>\n<p class=\"ods-c-paragraph \">Wed\u0142ug prognoz, co najmniej do ko\u0144ca przysz\u0142ego tygodnia pogoda w Polsce b\u0119dzie nietypowa. Prognozowane s\u0105 bardzo wysokie temperatury, niekiedy si\u0119gaj\u0105ce 10 st. C. Jedynie nocami niewykluczone s\u0105 s\u0142abe przymrozki. Do tego ma niewiele pada\u0107, nie zabraknie s\u0142o\u0144ca, cho\u0107 czasami pojawi\u0105 si\u0119 mg\u0142y. W kierunku zimy zaczniemy zmierza\u0107 najwcze\u015bniej w ostatnim tygodniu grudnia.<\/p>\n","protected":false},"excerpt":{"rendered":"Zamiast \u015bniegu i mrozu, pogoda od dw\u00f3ch tygodni staje na g\u0142owie. Temperatura osi\u0105ga ekstremalne warto\u015bci si\u0119gaj\u0105ce a\u017c 10-15&hellip;\n","protected":false},"author":2,"featured_media":151304,"comment_status":"","ping_status":"","sticky":false,"template":"","format":"standard","meta":{"footnotes":""},"categories":[12],"tags":[210,32,33,36,37,2807,27,34,35,28,31,48,25,46,55,42,78,38,40,39,41,47,29,30,26],"class_list":{"0":"post-151303","1":"post","2":"type-post","3":"status-publish","4":"format-standard","5":"has-post-thumbnail","7":"category-polska","8":"tag-aktualnosci","9":"tag-breaking-news","10":"tag-breakingnews","11":"tag-featured-news","12":"tag-featurednews","13":"tag-grzyby","14":"tag-headlines","15":"tag-latest-news","16":"tag-latestnews","17":"tag-naglowki","18":"tag-najwazniejsze-artykuly","19":"tag-nat_styl","20":"tag-news","21":"tag-omp","22":"tag-phx","23":"tag-pl","24":"tag-pogoda","25":"tag-poland","26":"tag-polish","27":"tag-polska","28":"tag-polski","29":"tag-screening_general","30":"tag-top-stories","31":"tag-topstories","32":"tag-wiadomosci"},"share_on_mastodon":{"url":"https:\/\/pubeurope.com\/@pl\/115721660222400742","error":""},"_links":{"self":[{"href":"https:\/\/www.europesays.com\/pl\/wp-json\/wp\/v2\/posts\/151303","targetHints":{"allow":["GET"]}}],"collection":[{"href":"https:\/\/www.europesays.com\/pl\/wp-json\/wp\/v2\/posts"}],"about":[{"href":"https:\/\/www.europesays.com\/pl\/wp-json\/wp\/v2\/types\/post"}],"author":[{"embeddable":true,"href":"https:\/\/www.europesays.com\/pl\/wp-json\/wp\/v2\/users\/2"}],"replies":[{"embeddable":true,"href":"https:\/\/www.europesays.com\/pl\/wp-json\/wp\/v2\/comments?post=151303"}],"version-history":[{"count":0,"href":"https:\/\/www.europesays.com\/pl\/wp-json\/wp\/v2\/posts\/151303\/revisions"}],"wp:featuredmedia":[{"embeddable":true,"href":"https:\/\/www.europesays.com\/pl\/wp-json\/wp\/v2\/media\/151304"}],"wp:attachment":[{"href":"https:\/\/www.europesays.com\/pl\/wp-json\/wp\/v2\/media?parent=151303"}],"wp:term":[{"taxonomy":"category","embeddable":true,"href":"https:\/\/www.europesays.com\/pl\/wp-json\/wp\/v2\/categories?post=151303"},{"taxonomy":"post_tag","embeddable":true,"href":"https:\/\/www.europesays.com\/pl\/wp-json\/wp\/v2\/tags?post=151303"}],"curies":[{"name":"wp","href":"https:\/\/api.w.org\/{rel}","templated":true}]}}