{"id":151307,"date":"2025-12-15T04:20:08","date_gmt":"2025-12-15T04:20:08","guid":{"rendered":"https:\/\/www.europesays.com\/pl\/151307\/"},"modified":"2025-12-15T04:20:08","modified_gmt":"2025-12-15T04:20:08","slug":"napastnik-legii-znow-sie-skompromitowal-on-za-bardzo-nie-mysli","status":"publish","type":"post","link":"https:\/\/www.europesays.com\/pl\/151307\/","title":{"rendered":"Napastnik Legii zn\u00f3w si\u0119 skompromitowa\u0142. &#8222;On za bardzo nie my\u015bli&#8221;"},"content":{"rendered":"\n<p class=\"contentpart contentpart--default contentpart--text\" data-position=\"0\">Mia\u0142 by\u0107 wielk\u0105 gwiazd\u0105 <a href=\"https:\/\/sportowefakty.wp.pl\/pilka-nozna\/legia-warszawa\" rel=\"nofollow noopener\" target=\"_blank\">Legii Warszawa<\/a>, jak na razie jest wielkim rozczarowaniem. <a href=\"https:\/\/sportowefakty.wp.pl\/pilka-nozna\/mileta-rajovic\" rel=\"nofollow noopener\" target=\"_blank\">Mileta Rajovi\u0107<\/a>\u00a0w 27 meczach dla polskiego klubu strzeli\u0142 tylko 6 goli.\u00a0Du\u0144czyk\u00a0mia\u0142 w niedziel\u0119 dwie \u015bwietne okazje, \u017ceby powi\u0119kszy\u0107 sw\u00f3j dorobek bramkowy. Obu nie wykorzysta\u0142.\u00a0<\/p>\n<p class=\"contentpart contentpart--default contentpart--text\" data-position=\"1\">26-latek najpierw przestrzeli\u0142 w pierwszej po\u0142owie. W przerwie udzieli\u0142 wywiadu na antenie Canal+. Stwierdzi\u0142 mi\u0119dzy innymi, \u017ce&#8230; nie s\u0142yszy gwizd\u00f3w w swoim kierunku, tylko doping kibic\u00f3w.\u00a0<\/p>\n<p> <img role=\"presentation\" src=\"https:\/\/std.wpcdn.pl\/images\/adv\/placeholder_wp.svg\" loading=\"lazy\" alt=\"\" decoding=\"async\"\/>  <\/p>\n<p class=\"contentpart contentpart--default contentpart--text\" data-position=\"2\">ZOBACZ WIDEO: Hukn\u0105\u0142 jak z armaty! Bramkarz nie mia\u0142 \u017cadnych szans<\/p>\n<p class=\"contentpart contentpart--default contentpart--text\" data-position=\"4\">Rajovi\u0107 w 57. minucie meczu zn\u00f3w mia\u0142 doskona\u0142\u0105 okazj\u0119. Pi\u0142k\u0119 pos\u0142a\u0142 jednak wysoko ponad poprzeczk\u0105 (film pokazujemy poni\u017cej).\u00a0&#8211; Ty go kupi\u0142e\u015b, Mioduski ty go kupi\u0142e\u015b &#8211; skandowali p\u00f3\u017aniej kibice, maj\u0105c na my\u015bli napastnika.<\/p>\n<p class=\"contentpart contentpart--default contentpart--text\" data-position=\"5\">Celnie niedzielny wyst\u0119p Du\u0144czyka podsumowa\u0142 by\u0142y polski pi\u0142karz i trener pi\u0142karski, aktualnie komentator Canal+, <a href=\"https:\/\/sportowefakty.wp.pl\/pilka-nozna\/tomasz-wieszczycki\" rel=\"nofollow noopener\" target=\"_blank\">Tomasz Wieszczycki<\/a>.<\/p>\n<p class=\"contentpart contentpart--default contentpart--text\" data-position=\"6\">&#8211; Ta sytuacja Rajovicia pokazuje, \u017ce on tak za bardzo nie my\u015bli przy tych sytuacjach, on stara si\u0119 po prostu strzeli\u0107. To, co m\u00f3wi\u0142 w wywiadzie. On odda\u0142 strza\u0142 i jego interesuje to, \u017ceby trafi\u0107 w \u015bwiat\u0142o bramki, ni\u017c pomy\u015ble\u0107, gdzie t\u0119 pi\u0142k\u0119 umie\u015bci\u0107, w jakim rogu, w jaki spos\u00f3b oszuka\u0107 bramkarza &#8211; m\u00f3wi\u0142 na antenie.<\/p>\n<p> <img role=\"presentation\" src=\"https:\/\/std.wpcdn.pl\/images\/adv\/placeholder_wp.svg\" loading=\"lazy\" alt=\"\" decoding=\"async\"\/>  <\/p>\n<p class=\"contentpart contentpart--default contentpart--text\" data-position=\"7\">Du\u0144czyka w 74. minucie meczu zmieni\u0142 <a href=\"https:\/\/sportowefakty.wp.pl\/pilka-nozna\/antonio-colak\" rel=\"nofollow noopener\" target=\"_blank\">Antonio Colak<\/a>. \u017begna\u0142y go pot\u0119\u017cne gwizdy z trybun.<\/p>\n<p class=\"contentpart contentpart--default contentpart--text\" data-position=\"8\">Legia przegra\u0142a u siebie z <a href=\"https:\/\/sportowefakty.wp.pl\/pilka-nozna\/piast-gliwice\" rel=\"nofollow noopener\" target=\"_blank\">Piastem Gliwice<\/a> 0:1. Jedynego gola strzeli\u0142 Micha\u0142 Chrapek z rzutu wolnego.<\/p>\n<p class=\"contentpart contentpart--default contentpart--text\" data-position=\"9\">Sto\u0142ecznej ekipie wybitnie nie wiedzie si\u0119 w <a href=\"https:\/\/sportowefakty.wp.pl\/pilka-nozna\/pko-ekstraklasa\" rel=\"nofollow noopener\" target=\"_blank\">PKO Ekstraklasie<\/a>. Warszawianie s\u0105 aktualnie w strefie spadkowej. Rozegrali 18 mecz\u00f3w, z kt\u00f3rych wygrali tylko cztery, siedem zremisowali i ponie\u015bli siedem pora\u017cek. \u0141\u0105cznie Legia nie wygra\u0142a 11 ostatnich spotka\u0144 (na wszystkich frontach).<\/p>\n","protected":false},"excerpt":{"rendered":"Mia\u0142 by\u0107 wielk\u0105 gwiazd\u0105 Legii Warszawa, jak na razie jest wielkim rozczarowaniem. Mileta Rajovi\u0107\u00a0w 27 meczach dla polskiego&hellip;\n","protected":false},"author":2,"featured_media":151308,"comment_status":"","ping_status":"","sticky":false,"template":"","format":"standard","meta":{"footnotes":""},"categories":[24],"tags":[2587,713,18165,2810,269,1724,42,38,40,39,41,127,126,14482],"class_list":{"0":"post-151307","1":"post","2":"type-post","3":"status-publish","4":"format-standard","5":"has-post-thumbnail","7":"category-sport","8":"tag-gliwice","9":"tag-legia-warszawa","10":"tag-mileta-rajovic","11":"tag-piast-gliwice","12":"tag-pilka-nozna","13":"tag-pko-ekstraklasa","14":"tag-pl","15":"tag-poland","16":"tag-polish","17":"tag-polska","18":"tag-polski","19":"tag-sport","20":"tag-sports","21":"tag-stadion-piasta-gliwice"},"share_on_mastodon":{"url":"https:\/\/pubeurope.com\/@pl\/115721668494095795","error":""},"_links":{"self":[{"href":"https:\/\/www.europesays.com\/pl\/wp-json\/wp\/v2\/posts\/151307","targetHints":{"allow":["GET"]}}],"collection":[{"href":"https:\/\/www.europesays.com\/pl\/wp-json\/wp\/v2\/posts"}],"about":[{"href":"https:\/\/www.europesays.com\/pl\/wp-json\/wp\/v2\/types\/post"}],"author":[{"embeddable":true,"href":"https:\/\/www.europesays.com\/pl\/wp-json\/wp\/v2\/users\/2"}],"replies":[{"embeddable":true,"href":"https:\/\/www.europesays.com\/pl\/wp-json\/wp\/v2\/comments?post=151307"}],"version-history":[{"count":0,"href":"https:\/\/www.europesays.com\/pl\/wp-json\/wp\/v2\/posts\/151307\/revisions"}],"wp:featuredmedia":[{"embeddable":true,"href":"https:\/\/www.europesays.com\/pl\/wp-json\/wp\/v2\/media\/151308"}],"wp:attachment":[{"href":"https:\/\/www.europesays.com\/pl\/wp-json\/wp\/v2\/media?parent=151307"}],"wp:term":[{"taxonomy":"category","embeddable":true,"href":"https:\/\/www.europesays.com\/pl\/wp-json\/wp\/v2\/categories?post=151307"},{"taxonomy":"post_tag","embeddable":true,"href":"https:\/\/www.europesays.com\/pl\/wp-json\/wp\/v2\/tags?post=151307"}],"curies":[{"name":"wp","href":"https:\/\/api.w.org\/{rel}","templated":true}]}}