{"id":151321,"date":"2025-12-15T04:53:09","date_gmt":"2025-12-15T04:53:09","guid":{"rendered":"https:\/\/www.europesays.com\/pl\/151321\/"},"modified":"2025-12-15T04:53:09","modified_gmt":"2025-12-15T04:53:09","slug":"incydent-przy-torach-kolejowych-w-lubelskiem-dwoch-mezczyzn-zatrzymanych-onet","status":"publish","type":"post","link":"https:\/\/www.europesays.com\/pl\/151321\/","title":{"rendered":"Incydent przy torach kolejowych w Lubelskiem. Dw\u00f3ch m\u0119\u017cczyzn zatrzymanych &#8211; Onet"},"content":{"rendered":"<ol>\n<li><a href=\"https:\/\/news.google.com\/rss\/articles\/CBMiywFBVV95cUxQSE96aVU1UlVzajU2NXNfSmFsaXFENjQ5N2loU2ZHRHFpRGFaNGdqMU5Qam9QQjdTN0cyU08wd1ZIYnE5ODROM09tN1NwRU1lVHJqcHg1Vk9ja3hvRWJiV3FMandsSENQbUpYdTlNLXVXbmxEZm5zU3M4T2ZfZE4wSEdibm1zNk1GN2hiYXNhZFN3c0VhV1FfWWNjTy1NS2h5QlpuZHBKeTFoTFpDZUF1LTRyRUNxbzNpNFdDNnk0WjdjQnRFa1VYM09hNA?oc=5\" target=\"_blank\" rel=\"nofollow noopener\">Incydent przy torach kolejowych w Lubelskiem. Dw\u00f3ch m\u0119\u017cczyzn zatrzymanych<\/a>&nbsp;&nbsp;Onet<\/li>\n<li><a href=\"https:\/\/news.google.com\/rss\/articles\/CBMiuAFBVV95cUxQakpjaXVSeHR6djF3Y2U0b3lBWlZxc2V1MnExeU44djd3VF9aWDJGVXNUQ1prT29FdEo0Z2JJUnNucWtQTlptRWI1Tmp3RlpPOFN6SFo2UGtjUGhmUGtrMlo3WHU2djc5RS1ZNzlhczJnSTRTOTVsRjZrRTFpc2szWXFPcHRwSjZqMm5JQ0tKRzdLVzUxOEZQWUlyR0VlOWcwOUFEMEhXOGJRdk95ZEtheGxCem9LUlBa?oc=5\" target=\"_blank\" rel=\"nofollow noopener\">Lubelskie: Stra\u017c Ochrony Kolei dosta\u0142a sygna\u0142 z fotopu\u0142apki. To dzia\u0142o si\u0119 przy torach<\/a>&nbsp;&nbsp;Gazeta<\/li>\n<li><a href=\"https:\/\/news.google.com\/rss\/articles\/CBMitAFBVV95cUxNQ1dwdjE0ZVNrLU9VdVNkcTBEMmE2R2FEbTdOc3FNWGFIOE5fR2c4eVVKNmlBU3drQURvei1RZU11Y0ptMmFnZ3k2VHRRNHpRVUtsQXgyUTYxS0l5S0s0S1pzbDVUTmRuUUV2dTQwaHJjNDVNY19FVzl4WDN6cU1rQ2tmY0tpekhUNXhNejZDXzJpVVBiMXZuOU05MWtJc3N3dDRHbUZmSVV1WkhtUUVBVlFnbTc?oc=5\" target=\"_blank\" rel=\"nofollow noopener\">Wpadli na gor\u0105cym uczynku. Dw\u00f3ch m\u0119\u017cczyzn zatrzymanych przy torach<\/a>&nbsp;&nbsp;Wydarzenia w INTERIA.PL<\/li>\n<li><a href=\"https:\/\/news.google.com\/rss\/articles\/CBMinwFBVV95cUxNcU9vYl9iWXE4ZzFmV2s1alNHc25KQ1pMWWtoaF8tOTJOSEVHVmVBa3pkYzRpN0tUMWszV3JXR2REdDNyeV9Qck5UZGVIN1JOY2FfN3YxZFlHT3JoSUYtRkI1VWlQLXVrRVJwd1RnSWJIc0tYRTNjZHg0RUg4NFpZcnhqZmx0ZlpXcTFPU2NJcEptUjJrU3dWOXdRYWpzSlk?oc=5\" target=\"_blank\" rel=\"nofollow noopener\">&#8222;Powa\u017cne zagro\u017cenie&#8221;. Incydent przy torach kolejowych w Che\u0142mie<\/a>&nbsp;&nbsp;Radio Zet<\/li>\n<li><a href=\"https:\/\/news.google.com\/rss\/articles\/CBMiwAFBVV95cUxPZEJ1S0Fremwwa01Ld01vRlVheXV1VldCZ3pkRmt4N3VOYkhiellndklWZlJxbjhmQl84UkwtRE1aSkZXMUV6SkxXWC1ORUR2ZWoxZTdraldYNFpyNFBzRVZHRUtQNk9GdjdHMnljUG5QSUJqb09lRVJyTXBoMlpmeDlNTTZNOHQ0UUZqa0NCQzg5MjZWMTF0RXBwUElLcTA1VGVIM00yODZwRlB6QWdkMWNUcHNFb1JUanp4N3I1SGM?oc=5\" target=\"_blank\" rel=\"nofollow noopener\">Che\u0142m: Dw\u00f3ch m\u0119\u017cczyzn zatrzymanych podczas opalania kabli przy torowisku. Wpadli dzi\u0119ki fotopu\u0142apce<\/a>&nbsp;&nbsp;Lublin112<\/li>\n<\/ol>\n","protected":false},"excerpt":{"rendered":"Incydent przy torach kolejowych w Lubelskiem. Dw\u00f3ch m\u0119\u017cczyzn zatrzymanych&nbsp;&nbsp;Onet Lubelskie: Stra\u017c Ochrony Kolei dosta\u0142a sygna\u0142 z fotopu\u0142apki. To&hellip;\n","protected":false},"author":2,"featured_media":151322,"comment_status":"","ping_status":"","sticky":false,"template":"","format":"standard","meta":{"footnotes":""},"categories":[12],"tags":[32,33,6549,36,37,27,22165,67,353,34,35,28,31,53,25,52,68,51,55,42,38,40,39,41,47,25277,29,30,65,50,26,1964],"class_list":{"0":"post-151321","1":"post","2":"type-post","3":"status-publish","4":"format-standard","5":"has-post-thumbnail","7":"category-polska","8":"tag-breaking-news","9":"tag-breakingnews","10":"tag-chelm","11":"tag-featured-news","12":"tag-featurednews","13":"tag-headlines","14":"tag-incydent","15":"tag-intextvideo_splayer","16":"tag-kolej_koleje_pociag_pociagi_kolejnictwo","17":"tag-latest-news","18":"tag-latestnews","19":"tag-naglowki","20":"tag-najwazniejsze-artykuly","21":"tag-new_header","22":"tag-news","23":"tag-onet3","24":"tag-onet3d","25":"tag-onet3d_2i","26":"tag-phx","27":"tag-pl","28":"tag-poland","29":"tag-polish","30":"tag-polska","31":"tag-polski","32":"tag-screening_general","33":"tag-straz_ochrony_kolei","34":"tag-top-stories","35":"tag-topstories","36":"tag-update_me","37":"tag-v2021","38":"tag-wiadomosci","39":"tag-wojewodztwo_lubelskie_lubelszczyzna"},"share_on_mastodon":{"url":"","error":"Validation failed: Text character limit of 500 exceeded"},"_links":{"self":[{"href":"https:\/\/www.europesays.com\/pl\/wp-json\/wp\/v2\/posts\/151321","targetHints":{"allow":["GET"]}}],"collection":[{"href":"https:\/\/www.europesays.com\/pl\/wp-json\/wp\/v2\/posts"}],"about":[{"href":"https:\/\/www.europesays.com\/pl\/wp-json\/wp\/v2\/types\/post"}],"author":[{"embeddable":true,"href":"https:\/\/www.europesays.com\/pl\/wp-json\/wp\/v2\/users\/2"}],"replies":[{"embeddable":true,"href":"https:\/\/www.europesays.com\/pl\/wp-json\/wp\/v2\/comments?post=151321"}],"version-history":[{"count":0,"href":"https:\/\/www.europesays.com\/pl\/wp-json\/wp\/v2\/posts\/151321\/revisions"}],"wp:featuredmedia":[{"embeddable":true,"href":"https:\/\/www.europesays.com\/pl\/wp-json\/wp\/v2\/media\/151322"}],"wp:attachment":[{"href":"https:\/\/www.europesays.com\/pl\/wp-json\/wp\/v2\/media?parent=151321"}],"wp:term":[{"taxonomy":"category","embeddable":true,"href":"https:\/\/www.europesays.com\/pl\/wp-json\/wp\/v2\/categories?post=151321"},{"taxonomy":"post_tag","embeddable":true,"href":"https:\/\/www.europesays.com\/pl\/wp-json\/wp\/v2\/tags?post=151321"}],"curies":[{"name":"wp","href":"https:\/\/api.w.org\/{rel}","templated":true}]}}