{"id":151329,"date":"2025-12-15T05:00:11","date_gmt":"2025-12-15T05:00:11","guid":{"rendered":"https:\/\/www.europesays.com\/pl\/151329\/"},"modified":"2025-12-15T05:00:11","modified_gmt":"2025-12-15T05:00:11","slug":"policja-odnalazla-drona-mogl-przekroczyc-granice-w-trakcie-rosyjskiego-ataku","status":"publish","type":"post","link":"https:\/\/www.europesays.com\/pl\/151329\/","title":{"rendered":"Policja odnalaz\u0142a drona. M\u00f3g\u0142 przekroczy\u0107 granic\u0119 w trakcie rosyjskiego ataku"},"content":{"rendered":"\n<p>&#13;<br \/>\nRzecznik prasowa lubelskiej policji poinformowa\u0142a, \u017ce\u00a0funkcjonariusze zabezpieczyli teren. &#13;\n<\/p>\n<p>&#13;<br \/>\n&#8222;Dzi\u015b oko\u0142o godz. 13.00 w\u00a0m. \u017belizna pow. radzy\u0144ski, m\u0119\u017cczyzna podczas spaceru po\u00a0lesie zauwa\u017cy\u0142 cz\u0119\u015bci obiektu przypominaj\u0105ce drona&#8221; \u2013\u00a0informuje lubelska policja. Jak dodano, o\u00a0sprawie zosta\u0142a ju\u017c powiadomiona \u017bandarmeria Wojskowa w\u00a0Bia\u0142ej Podlaskiej oraz\u00a0Prokuratura Rejonowa w\u00a0Radzyniu Podlaskim. &#13;\n<\/p>\n<p>&#13;<br \/>\nPrzypomnijmy, \u017ce\u00a0w\u00a0nocy z\u00a09 na\u00a010 wrze\u015bnia <a href=\"https:\/\/dorzeczy.pl\/kraj\/777009\/rosyjskie-drony-nad-polska-wojsko-reaguje.html\" rel=\"nofollow noopener\" target=\"_blank\">rosyjskie drony naruszy\u0142y polsk\u0105 przestrze\u0144 powietrzn\u0105<\/a>. &#13;\n<\/p>\n<p>Rosyjskie drony nad Polsk\u0105<\/p>\n<p>&#13;<br \/>\n<a href=\"https:\/\/dorzeczy.pl\/kraj\/782136\/drony-nad-polska-odnaleziono-szczatki-kolejnych.html\" rel=\"nofollow noopener\" target=\"_blank\">Bezza\u0142ogowce b\u0105d\u017a ich szcz\u0105tki<\/a> zosta\u0142y znalezione na\u00a0terenie pi\u0119ciu wojew\u00f3dztw w\u00a0miejscowo\u015bciach: Czosn\u00f3wka, Cze\u015bniki, Krzywowierzba-Kolonia, Mniszk\u00f3w, Ole\u015bno, Wielki \u0141an, Wohy\u0144, Wyhalew, Wyryki, Zab\u0142ocie-Kolonia, Nowe Miasto nad Pilic\u0105, Bychawka Trzecia, mi\u0119dzy Rabiany-Seweryn\u00f3w, Czy\u017c\u00f3w, Sob\u00f3tka, Smyk\u00f3w. &#13;\n<\/p>\n<p>&#13;<br \/>\nDo sytuacji odni\u00f3s\u0142 si\u0119 m.in. by\u0142y szef Biura Bezpiecze\u0144stwa Narodowego Jacek Siewiera. \u2013\u00a0Ta\u00a0reakcja by\u0142a w\u0142a\u015bciwa. Ju\u017c kilkukrotnie sk\u0142ada\u0142em gratulacje dow\u00f3dcy operacyjnemu gen. Maciejowi Kliszowi \u2013\u00a0podkre\u015bli\u0142. &#13;\n<\/p>\n<p>&#13;<br \/>\nJak zaznaczy\u0142 by\u0142y wsp\u00f3\u0142pracownik prezydenta Andrzeja Dudy, &#8222;po raz pierwszy mieli\u015bmy do\u00a0czynienia nie\u00a0tylko ze\u00a0skutecznym wykryciem, ale\u00a0tak\u017ce przechwyceniem i\u00a0str\u0105ceniem cz\u0119\u015bci obiekt\u00f3w, kt\u00f3re naruszy\u0142 polsk\u0105 przestrze\u0144 powietrzn\u0105&#8221;. &#13;\n<\/p>\n<p>&#13;<br \/>\nW zwi\u0105zku z\u00a0naruszeniem przestrzeni powietrznej nad polsk\u0105 przez drony sekretarz generalny NATO Mark Rutte i\u00a0dow\u00f3dca si\u0142 sojuszniczych w\u00a0Europie (SACEUR) gen. Alexus Grynkewich og\u0142osili 12 wrze\u015bnia operacj\u0119 &#8222;Wschodnia Stra\u017c&#8221;. Jak podano, chodzi o\u00a0znacz\u0105ce zabezpieczenie polskiej przestrzeni powietrznej na\u00a0wypadek ponownych incydent\u00f3w z\u00a0dronami. &#13;\n<\/p>\n<p>&#13;<br \/>\nW ramach tej operacji m.in. Wielka Brytania zdecydowa\u0142a si\u0119 wys\u0142a\u0107 do\u00a0Polski swoje my\u015bliwce. &#13;\n<\/p>\n<p>&#13;<br \/>\nCzytaj te\u017c:<br \/><a href=\"https:\/\/dorzeczy.pl\/kraj\/819464\/polska-i-ukraina-wzmacniaja-wspolprace-podpisano-umowe-miedzynarodowa.html\" rel=\"follow nofollow noopener\" data-schema=\"DORZECZY\" data-image=\"https:\/\/img.dorzeczy.pl\/_thumb\/92\/04\/d1f2ce1d3bd57edexx1487c70714.jpeg\" target=\"_blank\">Polska podpisa\u0142a z\u00a0Ukrain\u0105 umow\u0119 mi\u0119dzynarodow\u0105. &#8222;Efekt kilkuletnich prac&#8221;<\/a>Czytaj te\u017c:<br \/><a href=\"https:\/\/dorzeczy.pl\/swiat\/818798\/ukrainski-dron-uderzyl-w-blok-w-rosji-ranne-dziecko.html\" rel=\"follow nofollow noopener\" data-schema=\"DORZECZY\" data-image=\"https:\/\/img.dorzeczy.pl\/_thumb\/f5\/a3\/eb550a56fbff3cc0d396xx0d8ef4.jpeg\" target=\"_blank\">Ukrai\u0144ski dron uderzy\u0142 w\u00a0blok w\u00a0Rosji. Ranne dziecko<\/a>&#13;<\/p>\n","protected":false},"excerpt":{"rendered":"&#13; Rzecznik prasowa lubelskiej policji poinformowa\u0142a, \u017ce\u00a0funkcjonariusze zabezpieczyli teren. &#13; &#13; &#8222;Dzi\u015b oko\u0142o godz. 13.00 w\u00a0m. \u017belizna pow.&hellip;\n","protected":false},"author":2,"featured_media":151330,"comment_status":"","ping_status":"","sticky":false,"template":"","format":"standard","meta":{"footnotes":""},"categories":[12],"tags":[744,32,33,98,144,36,37,4354,27,49,34,35,28,31,25,42,38,414,40,39,41,87,29,30,26],"class_list":{"0":"post-151329","1":"post","2":"type-post","3":"status-publish","4":"format-standard","5":"has-post-thumbnail","7":"category-polska","8":"tag-atak","9":"tag-breaking-news","10":"tag-breakingnews","11":"tag-dorzeczy","12":"tag-drony","13":"tag-featured-news","14":"tag-featurednews","15":"tag-granica","16":"tag-headlines","17":"tag-kraj","18":"tag-latest-news","19":"tag-latestnews","20":"tag-naglowki","21":"tag-najwazniejsze-artykuly","22":"tag-news","23":"tag-pl","24":"tag-poland","25":"tag-policja","26":"tag-polish","27":"tag-polska","28":"tag-polski","29":"tag-rosja","30":"tag-top-stories","31":"tag-topstories","32":"tag-wiadomosci"},"share_on_mastodon":{"url":"https:\/\/pubeurope.com\/@pl\/115721825383019286","error":""},"_links":{"self":[{"href":"https:\/\/www.europesays.com\/pl\/wp-json\/wp\/v2\/posts\/151329","targetHints":{"allow":["GET"]}}],"collection":[{"href":"https:\/\/www.europesays.com\/pl\/wp-json\/wp\/v2\/posts"}],"about":[{"href":"https:\/\/www.europesays.com\/pl\/wp-json\/wp\/v2\/types\/post"}],"author":[{"embeddable":true,"href":"https:\/\/www.europesays.com\/pl\/wp-json\/wp\/v2\/users\/2"}],"replies":[{"embeddable":true,"href":"https:\/\/www.europesays.com\/pl\/wp-json\/wp\/v2\/comments?post=151329"}],"version-history":[{"count":0,"href":"https:\/\/www.europesays.com\/pl\/wp-json\/wp\/v2\/posts\/151329\/revisions"}],"wp:featuredmedia":[{"embeddable":true,"href":"https:\/\/www.europesays.com\/pl\/wp-json\/wp\/v2\/media\/151330"}],"wp:attachment":[{"href":"https:\/\/www.europesays.com\/pl\/wp-json\/wp\/v2\/media?parent=151329"}],"wp:term":[{"taxonomy":"category","embeddable":true,"href":"https:\/\/www.europesays.com\/pl\/wp-json\/wp\/v2\/categories?post=151329"},{"taxonomy":"post_tag","embeddable":true,"href":"https:\/\/www.europesays.com\/pl\/wp-json\/wp\/v2\/tags?post=151329"}],"curies":[{"name":"wp","href":"https:\/\/api.w.org\/{rel}","templated":true}]}}