{"id":151335,"date":"2025-12-15T05:09:09","date_gmt":"2025-12-15T05:09:09","guid":{"rendered":"https:\/\/www.europesays.com\/pl\/151335\/"},"modified":"2025-12-15T05:09:09","modified_gmt":"2025-12-15T05:09:09","slug":"jednak-nie-wojciech-szczesny-hansi-flick-moze-zagrac-wszystkim-na-nosie","status":"publish","type":"post","link":"https:\/\/www.europesays.com\/pl\/151335\/","title":{"rendered":"Jednak nie Wojciech Szcz\u0119sny?! Hansi Flick mo\u017ce zagra\u0107 wszystkim na nosie"},"content":{"rendered":"<p class=\"Paragraph_desktopParagraph__Fd2e9\">Koniec laby, pora troch\u0119 popracowa\u0107. Ale nie tak, jak w przedostatnim meczu ligowym. Szcz\u0119sny zajmowa\u0142 si\u0119 wtedy g\u0142\u00f3wnie dokuczaniem kolegom z \u0142awki rezerwowych. Pi\u0142eczk\u0105 w g\u0142ow\u0119 dostali od niego a to Pedri, a to Rapinha, a to Robert Lewandowski. &#8222;Szczena&#8221; nie by\u0142by oczywi\u015bcie sob\u0105, gdyby nie udawa\u0142, \u017ce to nie on jest prowodyrem.<\/p>\n<p class=\"Paragraph_desktopParagraph__Fd2e9\">Wojciech Szcz\u0119sny zabawia towarzystwo na \u0142awce rezerwowych:<\/p>\n<p class=\"Paragraph_desktopParagraph__Fd2e9\">W nast\u0119pnej kolejce g\u0142upa na \u0142awce ju\u017c nie r\u017cn\u0105\u0142. Nie mia\u0142 ku temu okazji. Z powodu problem\u00f3w \u017co\u0142\u0105dkowych zosta\u0142 wykluczony z kadry na to spotkanie.<\/p>\n<p class=\"Paragraph_desktopParagraph__Fd2e9\">Momentalnie wzros\u0142y wi\u0119c szanse Marca-Andre ter Stegena na udzia\u0142 we wtorkowym meczu Pucharu Kr\u00f3la. Przynajmniej w jego mniemaniu. Cho\u0107 to ma\u0142o powiedziane, bo 33-latek jest bodaj jednym cz\u0142owiekiem na \u015bwiecie, kt\u00f3ry wystawia\u0142by ter Stegena w ka\u017cdym meczu Barcelony.<\/p>\n<p class=\"Paragraph_desktopParagraph__Fd2e9\">Tylko \u017ce p\u00f3\u017aniej przychodz\u0105 takie interwencje Joana Garcii, jak w\u0142a\u015bnie w sobot\u0119, po kt\u00f3rych ter Stegen wygl\u0105da, jakby nie wiedzia\u0142, co si\u0119 dzieje. A dok\u0142adnie: \u017ce tak mo\u017cna. Przez ostatnie 2,5 roku odzwyczai\u0142 si\u0119 od takich parad, a na przestrzeni 11,5 roku w klubie ze stolicy Katalonii zbyt cz\u0119sto takowymi si\u0119 nie popisywa\u0142.<\/p>\n<p class=\"Paragraph_desktopParagraph__Fd2e9\">Interwencja Joana Garcii przeciwko Osasunie i reakcja ter Stegena:<\/p>\n<p class=\"Paragraph_desktopParagraph__Fd2e9\">Po zako\u0144czeniu spotkania z Osasun\u0105 Pampeluna Hansi Flick unika\u0142 odpowiedzi na pytanie, kto zagra z CD Guadalajara. \u2014 Najpierw niech wykuruje si\u0119 &#8222;Tek&#8221; i wtedy zobaczymy \u2014 uci\u0105\u0142 temat trener Barcelony.<\/p>\n<p class=\"Paragraph_desktopParagraph__Fd2e9\">Jak na z\u0142o\u015b\u0107 ter Stegenowi Szcz\u0119sny zameldowa\u0142 si\u0119 w o\u015brodku treningowym Barcelony ju\u017c nazajutrz. Wygl\u0105da wi\u0119c na to, \u017ce nie b\u0119dzie zdrowotnych przeciwwskaza\u0144, by znale\u017a\u0107 si\u0119 w kadrze na mecz pucharowy.<\/p>\n<p class=\"Paragraph_desktopParagraph__Fd2e9\">Niemiecki szkoleniowiec ju\u017c wcze\u015bniej by\u0142 pytany, jaka jest hierarchia w\u015br\u00f3d bramkarzy. Joana Garci\u0119 wymieni\u0142 jako jedynk\u0119, ale nie chcia\u0142 publicznie rozstrzyga\u0107, kto jest za plecami 24-latka. Doda\u0142 jedynie, \u017ce rozmawia\u0142 na ten temat z ter Stegenem, ale szczeg\u00f3\u0142y zostawi dla siebie. Po mowie cia\u0142a jego rodaka mo\u017cna stwierdzi\u0107, \u017ce to w\u0142a\u015bnie Polak jest dw\u00f3jk\u0105.<\/p>\n<p>Okno wystawowe dla ter Stegena<\/p>\n<p class=\"Paragraph_desktopParagraph__Fd2e9\">Istnieje jednak szansa, \u017ce to ter Stegen znajdzie we wtorek mi\u0119dzy s\u0142upkami. Nawet je\u015bli dopiero w zesz\u0142ym tygodniu wr\u00f3ci\u0142 do trening\u00f3w z pe\u0142nym obci\u0105\u017ceniem, to rywalizacja z trzecioligowcem nie powinna by\u0107 dla niego wyzwaniem ponad miar\u0119. Wystawienie go do gry by\u0142oby sygna\u0142em dla potencjalnych kontrahent\u00f3w, \u017ce warto \u015bci\u0105gn\u0105\u0107 Niemca do siebie.<\/p>\n<p class=\"Paragraph_desktopParagraph__Fd2e9\">Taki scenariusz w rozmowie z Przegl\u0105dem Sportowym Onet kre\u015bli Mireia Ruiz Serapio z Radio Catalunya. \u2014 My\u015bl\u0119, \u017ce ter Stegen zagra we wtorek, poniewa\u017c musi dostawa\u0107 minuty, je\u015bli ma odej\u015b\u0107 w zimowym oknie transferowym \u2014 m\u00f3wi nam <a href=\"https:\/\/przegladsportowy.onet.pl\/pilka-nozna\/laliga\/alarm-w-sprawie-roberta-lewandowskiego-to-dlatego-nie-zagral-dla-barcelony\/gkp6r02\" id=\"587f556d-ff31-40ba-a9e1-b1db2f3e8d6b\" rel=\"nofollow noopener\" target=\"_blank\">dziennikarka, kt\u00f3ra jako pierwsza poda\u0142a informacj\u0119 o ostatniej kontuzji Lewandowskiego<\/a>.<\/p>\n<p class=\"Paragraph_desktopParagraph__Fd2e9\">Inne rozwi\u0105zanie prognozuje Josep Capel Moreno. \u2014 My\u015bl\u0119, \u017ce je\u015bli ju\u017c nic nie b\u0119dzie dolega\u0142o Szcz\u0119snemu, to on zagra w Pucharze Kr\u00f3la \u2014 twierdzi dziennikarz Radio Nacional de Espana.<\/p>\n<p class=\"Paragraph_desktopParagraph__Fd2e9\">\u2014 Je\u015bli Szcz\u0119sny zagra we wtorek, b\u0119dzie to jasna deklaracja ze strony Flicka. Przysz\u0142o\u015b\u0107 ter Stegena w Barcelonie bardzo si\u0119 wtedy skomplikuje \u2014 ripostuje Mireia Ruiz Serapio.<\/p>\n<p><img decoding=\"async\" src=\"https:\/\/www.europesays.com\/pl\/wp-content\/uploads\/2025\/12\/marc-andre-ter-stegen-i-wojciech-szczesny.jpg\" alt=\"Marc-Andre ter Stegen i Wojciech Szcz\u0119sny\" width=\"944\" height=\"629\" loading=\"lazy\" class=\"\" \/>Marc-Andre ter Stegen i Wojciech Szcz\u0119sny (Foto: Enric Fontcuberta \/ PAP (zdj\u0119cia) &#8211; PS.Onet.pl)<\/p>\n<p class=\"Paragraph_desktopParagraph__Fd2e9\">Po sobotnim meczu katalo\u0144skie media zd\u0105\u017cy\u0142y poinformowa\u0107, \u017ce ter Stegen czuje si\u0119 na si\u0142ach, by zosta\u0107 w Barcelonie i rywalizowa\u0107 o miano numeru 1 w bramce. Jakie s\u0105 na to realne szanse?<\/p>\n<p class=\"Paragraph_desktopParagraph__Fd2e9\">\u2014 My\u015bl\u0119, \u017ce b\u0119dzie mu o to trudno \u2014 nie ma w\u0105tpliwo\u015bci Josep Capel Moreno. \u2014 Najlepszym rozwi\u0105zaniem by\u0142oby jego odej\u015bcie, bo ma bardzo wysok\u0105 pensj\u0119 i zawsze mia\u0142 problem z zaakceptowaniem braku gry. Nie to co Szcz\u0119sny, kt\u00f3remu pasuje rola zmiennika \u2014 dodaje.<\/p>\n<p class=\"Paragraph_desktopParagraph__Fd2e9\">\u2014 Podstawowym bramkarzem jest Joan Garcia i to si\u0119 nie zmieni, poniewa\u017c jest wyborem klubu i Flicka. My\u015bl\u0119 wi\u0119c, \u017ce ter Stegen raczej nie wytrwa zbyt d\u0142ugo w tej sytuacji, zw\u0142aszcza bior\u0105c pod uwag\u0119 mistrzostwa \u015bwiata \u2014 twierdzi hiszpa\u0144ski radiowiec.<\/p>\n<p>Mundial to nie wszystko<\/p>\n<p class=\"Paragraph_desktopParagraph__Fd2e9\">Kwestia wyst\u0119p\u00f3w w przysz\u0142ym roku na p\u00f3\u0142nocnoameryka\u0144skich boiskach wydawa\u0142a si\u0119 znacz\u0105c\u0105 kart\u0105 przetargow\u0105 w kontek\u015bcie przysz\u0142o\u015bci ter Stegena. Cho\u0107 w niemieckiej kadrze debiutowa\u0142 jeszcze przed Euro 2012, na mistrzowskim turnieju nie zagra\u0142 ani minuty.<\/p>\n<p class=\"Paragraph_desktopParagraph__Fd2e9\">Jego \u0142\u0105czny dorobek w Die Mannschaft nie jest z\u0142y (44 spotkania), ale sk\u0142adaj\u0105 si\u0119 na niego g\u0142\u00f3wnie wyst\u0119py w meczach towarzyskich (25). Fakt, \u017ce trafi\u0142 na er\u0119 genialnego Manuela Neuera, jest dla niego marnym pocieszeniem.<\/p>\n<p class=\"Paragraph_desktopParagraph__Fd2e9\">Wydawa\u0142o si\u0119 wi\u0119c, \u017ce przed swoim prawdopodobnie ostatnim mundialem (podczas M\u015a 2030 b\u0119dzie mia\u0142 38 lat) ter Stegen zrobi wszystko, \u017ceby w ko\u0144cu zagra\u0107 na imprezie tej rangi. Nic bardziej mylnego&#8230;<\/p>\n<p><img decoding=\"async\" src=\"https:\/\/www.europesays.com\/pl\/wp-content\/uploads\/2025\/12\/marc-andre-ter-stegen.jpeg\" alt=\"Marc-Andre ter Stegen\" width=\"944\" height=\"629\" loading=\"lazy\" class=\"\" \/>Marc-Andre ter Stegen (Foto: PAP\/EPA\/Enric Fontcuberta)<\/p>\n<p class=\"Paragraph_desktopParagraph__Fd2e9\">Wed\u0142ug doniesie\u0144 &#8222;Mundo Deportivo&#8221; Niemiec jest w stanie po\u015bwi\u0119ci\u0107 potencjalny udzia\u0142 w mundialu za cen\u0119 pozostania w Barcelonie. Pierwszy kapitan nie ma zamiaru odpuszcza\u0107 Dumie Katalonii cho\u0107by jednego euro. Pow\u00f3d? W trudniejszych dla klubu czasach zgodzi\u0142 si\u0119 przed\u0142u\u017cy\u0107 kontrakt i roz\u0142o\u017cy\u0107 pierwotn\u0105 pensj\u0119 na kolejne lata. To w\u0142a\u015bnie w ci\u0105gu 2,5 roku, kt\u00f3re pozosta\u0142o mu do wype\u0142nienia umowy, mia\u0142by otrzyma\u0107 odroczone p\u0142atno\u015bci.<\/p>\n<p class=\"Paragraph_desktopParagraph__Fd2e9\">Na kwestie finansowe zwracaj\u0105 uwag\u0119 tak\u017ce dziennikarze &#8222;Sportu&#8221;. Wed\u0142ug ich informacji ter Stegen by\u0142by mimo wszystko sk\u0142onny odej\u015b\u0107 z Barcelony, ale tylko wtedy, je\u015bli zg\u0142osi si\u0119 klub, kt\u00f3ry zaproponuje mu pensj\u0119 na poziomie obecnej. Tyle \u017ce poza Saudyjczykami nikt nie zap\u0142aci mu takich pieni\u0119dzy. Niemiec zarabia prawie 21 mln euro rocznie. Tyle samo co Raphinha, jedynie Robert Lewandowski i Frenkie de Jong maj\u0105 wy\u017csze kontrakty.<\/p>\n<p class=\"Paragraph_desktopParagraph__Fd2e9\">\u2014 W mojej opinii mo\u017ce si\u0119 to sko\u0144czy\u0107 wypo\u017cyczeniem do innego klubu w zimowym oknie \u2014 m\u00f3wi nam Josep Capel Moreno.<\/p>\n<p class=\"Paragraph_desktopParagraph__Fd2e9\">Barcelona wyp\u0142aca\u0142aby mu wtedy lwi\u0105 cz\u0119\u015b\u0107 kontraktu, ale przynajmniej atmosfera by si\u0119 rozrzedzi\u0142a. To by\u0142oby jednak tylko dora\u017ane rozwi\u0105zanie. Latem zn\u00f3w trzeba by mierzy\u0107 si\u0119 z tym problemem.<\/p>\n<p class=\"Paragraph_desktopParagraph__Fd2e9\">A na dodatek po zako\u0144czeniu sezonu z wypo\u017cyczenia do Elche wr\u00f3ci Inaki Pena i pozostan\u0105 mu jeszcze trzy lata umowy. W klubie z Estadio Manuel Martinez Valero zbiera jednak na tyle dobre recenzje, \u017ce raczej nie b\u0119dzie chcia\u0142 si\u0119 wik\u0142a\u0107 w kolejne grzanie \u0142awki rezerwowych. Nawet je\u015bli jest to \u0142awka Barcelony.<\/p>\n<p>Flick mo\u017ce zagra\u0107 wszystkim na nosie<\/p>\n<p class=\"Paragraph_desktopParagraph__Fd2e9\">W tej ca\u0142ej historii zapomina si\u0119 jednak o tym, jak Flick zarz\u0105dza bramkarzami w krajowych pucharach. W Bayernie Monachium prawie zawsze wystawia\u0142 Neuera w meczach Pucharu Niemiec. Da\u0142 mu odpocz\u0105\u0107 tylko w jednym spotkaniu.<\/p>\n<p class=\"Paragraph_desktopParagraph__Fd2e9\">Jesieni\u0105 2020 r. oszcz\u0119dzi\u0142 mu wyprawy na mecz pierwszej rundy DFB-Pokal. By\u0142o to tym bardziej nieodzowne, \u017ce zaledwie dwa dni przed tym starciem Neuer rozegra\u0142 90 minut w meczu reprezentacji Niemiec. Flick zrobi\u0142 to bez wi\u0119kszego strachu. Przeciwnikiem Bawarczyk\u00f3w by\u0142o pi\u0105toligowe 1.FC Dueren, a rywalizacja zako\u0144czy\u0142a si\u0119 wygran\u0105 faworyta 3:0.<\/p>\n<p class=\"Paragraph_desktopParagraph__Fd2e9\">Z kolei w pierwszym sezonie w Barcelonie nie by\u0142o jasno rozdzielonych obowi\u0105zk\u00f3w. Szcz\u0119sny wyst\u0105pi\u0142 na pocz\u0105tku stycznia w Pucharze Kr\u00f3la z czwartoligowym UD Barbastro. Cztery dni p\u00f3\u017aniej, w p\u00f3\u0142finale Superpucharu Hiszpanii z Athletikiem Bilbao, mia\u0142 wr\u00f3ci\u0107 na \u0142awk\u0119, ale Pena sp\u00f3\u017ani\u0142 si\u0119 na przedmeczowy rozruch. Wyst\u0105pi\u0142 wi\u0119c Szcz\u0119sny, podobnie jak w p\u00f3\u017aniejszym finale.<\/p>\n<p class=\"Paragraph_desktopParagraph__Fd2e9\">W starciu z Realem Madryt dosta\u0142 jednak czerwon\u0105 kartk\u0119, kt\u00f3ra skutkowa\u0142a absencj\u0105 tak\u017ce w Pucharze Kr\u00f3la. Trzy dni po El Clasico wyst\u0105pi\u0142 wi\u0119c zn\u00f3w Pena, podobnie jak p\u00f3\u017aniej w LaLidze. By\u0142 to jednak \u0142ab\u0119dzi \u015bpiew w jego wykonaniu. Kolejnego wyst\u0119pu w barwach Barcelony doczeka\u0142 si\u0119 dopiero w ostatnim meczu sezonu, gdy losy mistrzostwa Hiszpanii by\u0142y ju\u017c rozstrzygni\u0119te.<\/p>\n<p class=\"Paragraph_desktopParagraph__Fd2e9\">Nie powinno wi\u0119c nikogo zdziwi\u0107, je\u015bli to jednak Joan Garcia wyst\u0105pi\u0142by we wtorek z Guadalajar\u0105. Szcz\u0119sny nie mia\u0142by problem\u00f3w z zaakceptowaniem tej decyzji. Ter Stegen \u2014 zupe\u0142nie odwrotnie.<\/p>\n","protected":false},"excerpt":{"rendered":"Koniec laby, pora troch\u0119 popracowa\u0107. Ale nie tak, jak w przedostatnim meczu ligowym. Szcz\u0119sny zajmowa\u0142 si\u0119 wtedy g\u0142\u00f3wnie&hellip;\n","protected":false},"author":2,"featured_media":151336,"comment_status":"","ping_status":"","sticky":false,"template":"","format":"standard","meta":{"footnotes":""},"categories":[24],"tags":[303,2051,29806,42,38,40,39,41,136,128,30517,47,127,135,126,130,1789],"class_list":{"0":"post-151335","1":"post","2":"type-post","3":"status-publish","4":"format-standard","5":"has-post-thumbnail","7":"category-sport","8":"tag-fc_barcelona","9":"tag-laliga","10":"tag-marc_andre_ter_stegen","11":"tag-pl","12":"tag-poland","13":"tag-polish","14":"tag-polska","15":"tag-polski","16":"tag-ps_detal_new","17":"tag-psv2","18":"tag-puchar_krola","19":"tag-screening_general","20":"tag-sport","21":"tag-sport_sport","22":"tag-sports","23":"tag-wiadomosci_sportowe","24":"tag-wojciech_szczesny"},"share_on_mastodon":{"url":"https:\/\/pubeurope.com\/@pl\/115721861033482550","error":""},"_links":{"self":[{"href":"https:\/\/www.europesays.com\/pl\/wp-json\/wp\/v2\/posts\/151335","targetHints":{"allow":["GET"]}}],"collection":[{"href":"https:\/\/www.europesays.com\/pl\/wp-json\/wp\/v2\/posts"}],"about":[{"href":"https:\/\/www.europesays.com\/pl\/wp-json\/wp\/v2\/types\/post"}],"author":[{"embeddable":true,"href":"https:\/\/www.europesays.com\/pl\/wp-json\/wp\/v2\/users\/2"}],"replies":[{"embeddable":true,"href":"https:\/\/www.europesays.com\/pl\/wp-json\/wp\/v2\/comments?post=151335"}],"version-history":[{"count":0,"href":"https:\/\/www.europesays.com\/pl\/wp-json\/wp\/v2\/posts\/151335\/revisions"}],"wp:featuredmedia":[{"embeddable":true,"href":"https:\/\/www.europesays.com\/pl\/wp-json\/wp\/v2\/media\/151336"}],"wp:attachment":[{"href":"https:\/\/www.europesays.com\/pl\/wp-json\/wp\/v2\/media?parent=151335"}],"wp:term":[{"taxonomy":"category","embeddable":true,"href":"https:\/\/www.europesays.com\/pl\/wp-json\/wp\/v2\/categories?post=151335"},{"taxonomy":"post_tag","embeddable":true,"href":"https:\/\/www.europesays.com\/pl\/wp-json\/wp\/v2\/tags?post=151335"}],"curies":[{"name":"wp","href":"https:\/\/api.w.org\/{rel}","templated":true}]}}