{"id":151337,"date":"2025-12-15T05:14:07","date_gmt":"2025-12-15T05:14:07","guid":{"rendered":"https:\/\/www.europesays.com\/pl\/151337\/"},"modified":"2025-12-15T05:14:07","modified_gmt":"2025-12-15T05:14:07","slug":"szymon-jadczak-i-michal-janczura-wyroznieni-w-plebiscycie-dziennikarz-roku","status":"publish","type":"post","link":"https:\/\/www.europesays.com\/pl\/151337\/","title":{"rendered":"Szymon Jadczak i Micha\u0142 Janczura wyr\u00f3\u017cnieni w plebiscycie Dziennikarz Roku"},"content":{"rendered":"<p>Dziennikarzem Roku zosta\u0142 Micha\u0142 Przedlacki, autor reporta\u017cy wojennych z\u00a0broni\u0105cej si\u0119 przed rosyjsk\u0105 napa\u015bci\u0105 Ukrainy, reporter &#8222;Superwizjera&#8221; TVN.<\/p>\n<p>Drugie miejsce w\u00a0plebiscycie zaj\u0105\u0142 dziennikarz Wirtualnej Polski Szymon Jadczak, kt\u00f3ry by\u0142 nominowany w\u00a0kilku kategoriach. Nagrod\u0119 odebra\u0142 redaktor naczelny Pawe\u0142 Kapusta.<\/p>\n<p>Brutalne pobicie. Wszystko nagrywali telefonem <\/p>\n<p>&#8211; Szymon mia\u0142 w\u00a0tym roku cztery doskona\u0142e materia\u0142y \u015bledcze. My\u015bl\u0119, \u017ce nie przesadz\u0119, je\u017celi powiem, \u017ce dwa z\u00a0nich to chyba najlepsze materia\u0142y dziennikarskie, \u015bledcze w\u00a0tym roku. To wielka przyjemno\u015b\u0107 wsp\u00f3\u0142pracowa\u0107 z\u00a0Szymonem, patrze\u0107 jak realizuje poszczeg\u00f3lne materia\u0142y, jak idzie prosto i\u00a0nie bierze je\u0144c\u00f3w. Szkoda, \u017ce Szymona dzisiaj nie ma, ale na pewno ogl\u0105da i\u00a0bardzo si\u0119 cieszy z\u00a0tej nagrody, kt\u00f3ra jest od ca\u0142ej bran\u017cy &#8211;\u00a0m\u00f3wi\u0142 Kapusta.<\/p>\n<p>Miejsce trzecie zaj\u0105\u0142 Andrzej Stankiewicz z\u00a0Onetu.<\/p>\n<p>Na czwartej pozycji znalaz\u0142 si\u0119 Andrzej Poczobut, dziennikarz mniejszo\u015bci polskiej na Bia\u0142orusi, kt\u00f3ry od ponad czterech lat przebywa w\u00a0bia\u0142oruskim \u0142agrze.<\/p>\n<p>5. miejsce zaj\u0119li Mariusz Gierszewski z\u00a0Radia Zet, Micha\u0142 Janczura z\u00a0Wirtualnej Polski i\u00a0Zbigniew Parafianowicz (wcze\u015bniej &#8222;Dziennik Gazeta Prawna&#8221;, wkr\u00f3tce Wirtualna Polska).<\/p>\n<p>Janczura otrzyma\u0142 tak\u017ce nagrod\u0119 Grand Press w\u00a0kategorii &#8222;Reporta\u017c i\u00a0dokument audio <a href=\"https:\/\/wiadomosci.wp.pl\/szarlatan-z-internetu-robi-co-chce-zaczynaja-umierac-ludzie-7114911421758240a\" rel=\"noopener noreferrer nofollow\" target=\"_blank\">za audioserial &#8222;Szarlatan&#8221;<\/a>, utworzony we wsp\u00f3\u0142pracy z\u00a0Audiotek\u0105.<\/p>\n<p>&#8211; Nie chc\u0119 tutaj wchodzi\u0107 w\u00a0dyskusj\u0119 o\u00a0wolno\u015bci s\u0142owa, o\u00a0kt\u00f3rej ostatnio by\u0142o bardzo du\u017co w\u00a0przestrzeni publicznej, o\u00a0tym, \u017ce ka\u017cdemu powinni\u015bmy dawa\u0107 g\u0142os. Natomiast mam takie przekonanie, \u017ce naszym obowi\u0105zkiem jest, na ka\u017cdym kroku, skrupulatnie z\u00a0precyzj\u0105 opowiada\u0107 prawdy i\u00a0oddawa\u0107 g\u0142os tym, kt\u00f3rzy naprawd\u0119 s\u0105 ekspertami &#8211; m\u00f3wi\u0142 Janczura.<\/p>\n","protected":false},"excerpt":{"rendered":"Dziennikarzem Roku zosta\u0142 Micha\u0142 Przedlacki, autor reporta\u017cy wojennych z\u00a0broni\u0105cej si\u0119 przed rosyjsk\u0105 napa\u015bci\u0105 Ukrainy, reporter &#8222;Superwizjera&#8221; TVN. Drugie&hellip;\n","protected":false},"author":2,"featured_media":151338,"comment_status":"","ping_status":"","sticky":false,"template":"","format":"standard","meta":{"footnotes":""},"categories":[12],"tags":[32,33,36,37,27,34,35,28,31,25,42,38,40,39,41,29,30,26],"class_list":{"0":"post-151337","1":"post","2":"type-post","3":"status-publish","4":"format-standard","5":"has-post-thumbnail","7":"category-polska","8":"tag-breaking-news","9":"tag-breakingnews","10":"tag-featured-news","11":"tag-featurednews","12":"tag-headlines","13":"tag-latest-news","14":"tag-latestnews","15":"tag-naglowki","16":"tag-najwazniejsze-artykuly","17":"tag-news","18":"tag-pl","19":"tag-poland","20":"tag-polish","21":"tag-polska","22":"tag-polski","23":"tag-top-stories","24":"tag-topstories","25":"tag-wiadomosci"},"share_on_mastodon":{"url":"https:\/\/pubeurope.com\/@pl\/115721880379191503","error":""},"_links":{"self":[{"href":"https:\/\/www.europesays.com\/pl\/wp-json\/wp\/v2\/posts\/151337","targetHints":{"allow":["GET"]}}],"collection":[{"href":"https:\/\/www.europesays.com\/pl\/wp-json\/wp\/v2\/posts"}],"about":[{"href":"https:\/\/www.europesays.com\/pl\/wp-json\/wp\/v2\/types\/post"}],"author":[{"embeddable":true,"href":"https:\/\/www.europesays.com\/pl\/wp-json\/wp\/v2\/users\/2"}],"replies":[{"embeddable":true,"href":"https:\/\/www.europesays.com\/pl\/wp-json\/wp\/v2\/comments?post=151337"}],"version-history":[{"count":0,"href":"https:\/\/www.europesays.com\/pl\/wp-json\/wp\/v2\/posts\/151337\/revisions"}],"wp:featuredmedia":[{"embeddable":true,"href":"https:\/\/www.europesays.com\/pl\/wp-json\/wp\/v2\/media\/151338"}],"wp:attachment":[{"href":"https:\/\/www.europesays.com\/pl\/wp-json\/wp\/v2\/media?parent=151337"}],"wp:term":[{"taxonomy":"category","embeddable":true,"href":"https:\/\/www.europesays.com\/pl\/wp-json\/wp\/v2\/categories?post=151337"},{"taxonomy":"post_tag","embeddable":true,"href":"https:\/\/www.europesays.com\/pl\/wp-json\/wp\/v2\/tags?post=151337"}],"curies":[{"name":"wp","href":"https:\/\/api.w.org\/{rel}","templated":true}]}}