{"id":151339,"date":"2025-12-15T05:16:08","date_gmt":"2025-12-15T05:16:08","guid":{"rendered":"https:\/\/www.europesays.com\/pl\/151339\/"},"modified":"2025-12-15T05:16:08","modified_gmt":"2025-12-15T05:16:08","slug":"pochodzi-z-moskwy-nie-chce-juz-grac-dla-rosji-ona-tez-zmienila-obywatelstwo","status":"publish","type":"post","link":"https:\/\/www.europesays.com\/pl\/151339\/","title":{"rendered":"Pochodzi z Moskwy, nie chce ju\u017c gra\u0107 dla Rosji. Ona te\u017c zmieni\u0142a obywatelstwo"},"content":{"rendered":"\n<p class=\"contentpart contentpart--default contentpart--text\" data-position=\"0\">To ju\u017c kolejny przypadek, gdy rosyjska tenisistka decyduje si\u0119 na zmian\u0119 obywatelstwa. Jak wynika z informacji opublikowanych przez Mi\u0119dzynarodow\u0105 Federacj\u0119 Tenisow\u0105 (ITF), <a href=\"https:\/\/sportowefakty.wp.pl\/tenis\/polina-kudermetowa\" rel=\"nofollow noopener\" target=\"_blank\">Polina Kudermetowa<\/a>\u00a0od teraz b\u0119dzie reprezentowa\u0107 Uzbekistan.<\/p>\n<p class=\"contentpart contentpart--default contentpart--text\" data-position=\"1\">Urodzona w Moskwie 22-latka do tej pory gra\u0142a pod rosyjsk\u0105 flag\u0105. Teraz przy jej nazwisku oficjalnie widnieje ju\u017c flaga Uzbekistanu. Kudermetowa to m\u0142odsza siostra bardziej rozpoznawalnej Weroniki Kudermetowej, kt\u00f3ra zajmuje obecnie 30. miejsce w rankingu WTA.<\/p>\n<p> <img role=\"presentation\" src=\"https:\/\/std.wpcdn.pl\/images\/adv\/placeholder_wp.svg\" loading=\"lazy\" alt=\"\" decoding=\"async\"\/>  <\/p>\n<p class=\"contentpart contentpart--default contentpart--text\" data-position=\"2\">ZOBACZ WIDEO: Aleksandra Kr\u00f3l rywalizuje nie tylko na snowboardzie. Nietypowa walka o numery startowe<\/p>\n<p class=\"contentpart contentpart--default contentpart--text\" data-position=\"4\">Polina plasuje si\u0119 na 104. pozycji, a jej najlepszy wynik w karierze to 54. miejsce &#8211; osi\u0105gni\u0119te w kwietniu tego roku. Cho\u0107 na razie nie osi\u0105gn\u0119\u0142a wi\u0119kszych sukces\u00f3w, regularnie wyst\u0119puje w turniejach rangi WTA i zdarza jej si\u0119 meldowa\u0107 w g\u0142\u00f3wnych drabinkach.<\/p>\n<p class=\"contentpart contentpart--default contentpart--text\" data-position=\"5\">Nie tylko ona zdecydowa\u0142a si\u0119 na taki ruch. W ostatnim czasie obywatelstwo zmieni\u0142y r\u00f3wnie\u017c inne rosyjskie zawodniczki. <a href=\"https:\/\/sportowefakty.wp.pl\/tenis\/kamila-rachimowa\" rel=\"nofollow noopener\" target=\"_blank\">Kamilla Rachimowa<\/a>\u00a0r\u00f3wnie\u017c b\u0119dzie teraz reprezentowa\u0107 Uzbekistan, natomiast <a href=\"https:\/\/sportowefakty.wp.pl\/tenis\/anastazja-potapowa\" rel=\"nofollow noopener\" target=\"_blank\">Anastazja Potapowa<\/a>\u00a0wybra\u0142a Austri\u0119.<\/p>\n<p class=\"contentpart contentpart--default contentpart--text\" data-position=\"6\">Powody takich decyzji nie zawsze s\u0105 wprost wyja\u015bniane, ale nietrudno si\u0119 domy\u015bli\u0107, \u017ce wp\u0142yw mog\u0105 mie\u0107 zar\u00f3wno kwestie sportowe, jak i geopolityczne. Zmiana barw narodowych otwiera zawodniczkom drog\u0119 m.in. do gry w rozgrywkach dru\u017cynowych, takich jak Billie Jean King Cup, bez dodatkowych przeszk\u00f3d.<\/p>\n<p> <img role=\"presentation\" src=\"https:\/\/std.wpcdn.pl\/images\/adv\/placeholder_wp.svg\" loading=\"lazy\" alt=\"\" decoding=\"async\"\/>  <\/p>\n<p class=\"contentpart contentpart--default contentpart--text\" data-position=\"7\">Po rozpocz\u0119ciu wojny w Ukrainie reprezentacja Rosji jest wykluczona z mi\u0119dzynarodowych zawod\u00f3w. Tenisi\u015bci z tego kraju mog\u0105 jednak rywalizowa\u0107 indywidualnie.<\/p>\n","protected":false},"excerpt":{"rendered":"To ju\u017c kolejny przypadek, gdy rosyjska tenisistka decyduje si\u0119 na zmian\u0119 obywatelstwa. Jak wynika z informacji opublikowanych przez&hellip;\n","protected":false},"author":2,"featured_media":151340,"comment_status":"","ping_status":"","sticky":false,"template":"","format":"standard","meta":{"footnotes":""},"categories":[24],"tags":[42,38,1978,40,39,41,87,127,126,156,19620,157],"class_list":{"0":"post-151339","1":"post","2":"type-post","3":"status-publish","4":"format-standard","5":"has-post-thumbnail","7":"category-sport","8":"tag-pl","9":"tag-poland","10":"tag-polina-kudermetowa","11":"tag-polish","12":"tag-polska","13":"tag-polski","14":"tag-rosja","15":"tag-sport","16":"tag-sports","17":"tag-tenis","18":"tag-uzbekistan","19":"tag-wta"},"share_on_mastodon":{"url":"https:\/\/pubeurope.com\/@pl\/115721888427503226","error":""},"_links":{"self":[{"href":"https:\/\/www.europesays.com\/pl\/wp-json\/wp\/v2\/posts\/151339","targetHints":{"allow":["GET"]}}],"collection":[{"href":"https:\/\/www.europesays.com\/pl\/wp-json\/wp\/v2\/posts"}],"about":[{"href":"https:\/\/www.europesays.com\/pl\/wp-json\/wp\/v2\/types\/post"}],"author":[{"embeddable":true,"href":"https:\/\/www.europesays.com\/pl\/wp-json\/wp\/v2\/users\/2"}],"replies":[{"embeddable":true,"href":"https:\/\/www.europesays.com\/pl\/wp-json\/wp\/v2\/comments?post=151339"}],"version-history":[{"count":0,"href":"https:\/\/www.europesays.com\/pl\/wp-json\/wp\/v2\/posts\/151339\/revisions"}],"wp:featuredmedia":[{"embeddable":true,"href":"https:\/\/www.europesays.com\/pl\/wp-json\/wp\/v2\/media\/151340"}],"wp:attachment":[{"href":"https:\/\/www.europesays.com\/pl\/wp-json\/wp\/v2\/media?parent=151339"}],"wp:term":[{"taxonomy":"category","embeddable":true,"href":"https:\/\/www.europesays.com\/pl\/wp-json\/wp\/v2\/categories?post=151339"},{"taxonomy":"post_tag","embeddable":true,"href":"https:\/\/www.europesays.com\/pl\/wp-json\/wp\/v2\/tags?post=151339"}],"curies":[{"name":"wp","href":"https:\/\/api.w.org\/{rel}","templated":true}]}}