{"id":151341,"date":"2025-12-15T05:23:09","date_gmt":"2025-12-15T05:23:09","guid":{"rendered":"https:\/\/www.europesays.com\/pl\/151341\/"},"modified":"2025-12-15T05:23:09","modified_gmt":"2025-12-15T05:23:09","slug":"niebywale-pudlo-rajovicia-kibice-go-wygwizdali-wideo","status":"publish","type":"post","link":"https:\/\/www.europesays.com\/pl\/151341\/","title":{"rendered":"Niebywa\u0142e pud\u0142o Rajovicia. Kibice go wygwizdali [WIDEO]"},"content":{"rendered":"<p>Mileta Rajovi\u0107 w\u00a0meczu z\u00a0Piastem Gliwice mia\u0142 dwie bardzo dobre sytuacje do\u00a0strzelenia gola. Obu nie\u00a0wykorzysta\u0142, co\u00a0wyprowadzi\u0142o kibic\u00f3w Legii z\u00a0r\u00f3wnowagi.\u00a0<\/p>\n<p>W\u00a0pierwszej po\u0142owie napastnik Wojskowych otrzyma\u0142 prostopad\u0142e podanie od\u00a0Krasniqiego i\u00a0mimo goni\u0105cego go\u00a0Drapi\u0144skiego mia\u0142 sporo miejsca, \u017ceby\u00a0dobrze przymierzy\u0107. Trafi\u0142 jednak prosto w\u00a0wychodz\u0105cego Frantiska Placha.<\/p>\n<p>Mileta Rajovi\u0107 przeszed\u0142 samego siebie. Koszmarne pud\u0142o z\u00a0Piastem Gliwice<\/p>\n<p>To\u00a0jednak nic w\u00a0por\u00f3wnaniu do\u00a0tego, co\u00a0Du\u0144czyk zaprezentowa\u0142 po\u00a0przerwie. Tym razem dogrywa\u0142 mu\u00a0Biczachczjan, komfort do\u00a0oddania uderzenia by\u0142 jeszcze wi\u0119kszy i\u2026 Jaki\u015b go\u0142\u0105b straci\u0142 \u017cycie.<\/p>\n<blockquote class=\"twitter-tweet\" data-media-max-width=\"560\">\n<p dir=\"ltr\" lang=\"pl\">Jak nie\u00a0idzie, to\u00a0nie\u00a0idzie \ud83e\udd2f<\/p>\n<p>Mileta Rajovi\u0107 wysoko nad\u00a0bramk\u0105\u2026 \ud83e\udee3<\/p>\n<p>\ud83d\udcfa Ogl\u0105daj: <a href=\"https:\/\/t.co\/Khg2yEWhJW\" target=\"_blank\" rel=\"noopener noreferrer nofollow\">https:\/\/t.co\/Khg2yEWhJW<\/a> <a href=\"https:\/\/t.co\/K7jmShFuJz\" target=\"_blank\" rel=\"noopener noreferrer nofollow\">pic.twitter.com\/K7jmShFuJz<\/a><\/p>\n<p>\u2014\u00a0CANAL+ SPORT (@CANALPLUS_SPORT) <a href=\"https:\/\/twitter.com\/CANALPLUS_SPORT\/status\/2000303786305433991?ref_src=twsrc%5Etfw\" target=\"_blank\" rel=\"noopener noreferrer nofollow\">December 14, 2025<\/a><\/p>\n<\/blockquote>\n<p>Oczywi\u015bcie mo\u017cna niuansowa\u0107, \u017ce\u00a0pi\u0142ka troch\u0119 Rajoviciowi podskoczy\u0142a, ale\u00a0b\u0105d\u017amy powa\u017cni. M\u00f3wimy o\u00a0najdro\u017cszym zawodniku w\u00a0historii ligi, kt\u00f3ry\u00a0pud\u0142uje na\u00a0pot\u0119g\u0119.<\/p>\n<p>Po\u00a0zmarnowaniu tej\u00a0okazji publiczno\u015b\u0107 zgromadzona na\u00a0\u0141azienkowskiej wygwizda\u0142a swojego napastnika i\u00a0sugerowa\u0142a mu, \u017ceby\u00a0zrobi\u0142 to\u00a0samo, co\u00a0powinien zrobi\u0107 Dariusz Mioduski.<\/p>\n<blockquote class=\"twitter-tweet\">\n<p dir=\"ltr\" lang=\"pl\">Reakcja \u201e\u017bylety\u201d na\u00a0pud\u0142o Rajovicia: <a href=\"https:\/\/t.co\/NLVX7WXgSO\" target=\"_blank\" rel=\"noopener noreferrer nofollow\">pic.twitter.com\/NLVX7WXgSO<\/a><\/p>\n<p>\u2014\u00a0Dominik Wardzichowski (@dwardzich22) <a href=\"https:\/\/twitter.com\/dwardzich22\/status\/2000303150654541988?ref_src=twsrc%5Etfw\" target=\"_blank\" rel=\"noopener noreferrer nofollow\">December 14, 2025<\/a><\/p>\n<\/blockquote>\n<p>Fot.\u00a0FotoPyK<\/p>\n<p>                    <script async src=\"https:\/\/platform.twitter.com\/widgets.js\" charset=\"utf-8\"><\/script><\/p>\n","protected":false},"excerpt":{"rendered":"Mileta Rajovi\u0107 w\u00a0meczu z\u00a0Piastem Gliwice mia\u0142 dwie bardzo dobre sytuacje do\u00a0strzelenia gola. Obu nie\u00a0wykorzysta\u0142, co\u00a0wyprowadzi\u0142o kibic\u00f3w Legii z\u00a0r\u00f3wnowagi.\u00a0&hellip;\n","protected":false},"author":2,"featured_media":151342,"comment_status":"","ping_status":"","sticky":false,"template":"","format":"standard","meta":{"footnotes":""},"categories":[24],"tags":[713,18165,42,38,40,39,41,127,126],"class_list":{"0":"post-151341","1":"post","2":"type-post","3":"status-publish","4":"format-standard","5":"has-post-thumbnail","7":"category-sport","8":"tag-legia-warszawa","9":"tag-mileta-rajovic","10":"tag-pl","11":"tag-poland","12":"tag-polish","13":"tag-polska","14":"tag-polski","15":"tag-sport","16":"tag-sports"},"share_on_mastodon":{"url":"https:\/\/pubeurope.com\/@pl\/115721915833622216","error":""},"_links":{"self":[{"href":"https:\/\/www.europesays.com\/pl\/wp-json\/wp\/v2\/posts\/151341","targetHints":{"allow":["GET"]}}],"collection":[{"href":"https:\/\/www.europesays.com\/pl\/wp-json\/wp\/v2\/posts"}],"about":[{"href":"https:\/\/www.europesays.com\/pl\/wp-json\/wp\/v2\/types\/post"}],"author":[{"embeddable":true,"href":"https:\/\/www.europesays.com\/pl\/wp-json\/wp\/v2\/users\/2"}],"replies":[{"embeddable":true,"href":"https:\/\/www.europesays.com\/pl\/wp-json\/wp\/v2\/comments?post=151341"}],"version-history":[{"count":0,"href":"https:\/\/www.europesays.com\/pl\/wp-json\/wp\/v2\/posts\/151341\/revisions"}],"wp:featuredmedia":[{"embeddable":true,"href":"https:\/\/www.europesays.com\/pl\/wp-json\/wp\/v2\/media\/151342"}],"wp:attachment":[{"href":"https:\/\/www.europesays.com\/pl\/wp-json\/wp\/v2\/media?parent=151341"}],"wp:term":[{"taxonomy":"category","embeddable":true,"href":"https:\/\/www.europesays.com\/pl\/wp-json\/wp\/v2\/categories?post=151341"},{"taxonomy":"post_tag","embeddable":true,"href":"https:\/\/www.europesays.com\/pl\/wp-json\/wp\/v2\/tags?post=151341"}],"curies":[{"name":"wp","href":"https:\/\/api.w.org\/{rel}","templated":true}]}}