{"id":151343,"date":"2025-12-15T05:28:07","date_gmt":"2025-12-15T05:28:07","guid":{"rendered":"https:\/\/www.europesays.com\/pl\/151343\/"},"modified":"2025-12-15T05:28:07","modified_gmt":"2025-12-15T05:28:07","slug":"straz-ochrony-kolei-dostala-sygnal-z-fotopulapki-to-dzialo-sie-przy-torach","status":"publish","type":"post","link":"https:\/\/www.europesays.com\/pl\/151343\/","title":{"rendered":"Stra\u017c Ochrony Kolei dosta\u0142a sygna\u0142 z fotopu\u0142apki. To dzia\u0142o si\u0119 przy torach"},"content":{"rendered":"<p>Lubelskie: Opalali kable przy torowisku<\/p>\n<p class=\"art_paragraph\">Do zdarzenia dosz\u0142o w pi\u0105tek. &#8222;Dy\u017curny Posterunku Stra\u017cy Ochrony Kolei w Che\u0142mie otrzyma\u0142 sygna\u0142 z fotopu\u0142apki o osobach postronnych przemieszczaj\u0105cych si\u0119 samochodem osobowym przy linii kolejowej. Po przybyciu we wskazane miejsce soki\u015bci uj\u0119li dw\u00f3ch m\u0119\u017cczyzn na gor\u0105cym uczynku podczas opalania miedzianych kabli&#8221; &#8211; podaje w komunikacie SOK. Sprawcy rozpalili dwa ogniska.\u00a0<\/p>\n<p>&#8222;Powa\u017cne zagro\u017cenie dla \u015brodowiska&#8221;<\/p>\n<p class=\"art_paragraph\">Funkcjonariusze SOK wezwali r\u00f3wnie\u017c patrol policji. To w\u0142a\u015bnie policja b\u0119dzie ustala\u0107, czy kable pochodzi\u0142y z kradzie\u017cy. &#8222;To wydarzenie pokazuje, \u017ce skuteczne dzia\u0142ania Stra\u017cy Ochrony Kolei mog\u0105 zapobiec powa\u017cnym zagro\u017ceniom r\u00f3wnie\u017c dla \u015brodowiska&#8221; &#8211; czytamy.<\/p>\n<p>        Zobacz wideo<\/p>\n<p>            W USA chc\u0105 wyci\u0105gn\u0105\u0107 Polsk\u0119, W\u0142ochy, Austri\u0119 i W\u0119gry z UE\n    <\/p>\n<p>Areszt lub grzywna dla sprawc\u00f3w<\/p>\n<p class=\"art_paragraph\">Zgodnie z art. 71. ustawy o odpadach, za &#8222;termiczne przekszta\u0142canie\u00a0odpad\u00f3w poza instalacjami i urz\u0105dzeniami do odzysku lub unieszkodliwiania odpad\u00f3w&#8221; grozi kara aresztu lub grzywny.<\/p>\n<p class=\"art_paragraph\">Czytaj r\u00f3wnie\u017c: <a href=\"https:\/\/wiadomosci.gazeta.pl\/pogoda-i-klimat\/7,198071,32469467,czy-beda-biale-swieta-jest-nowa-mapa-od-imgw.html\" class=\"art_link\" rel=\"dofollow noopener\" target=\"_blank\">Czy b\u0119d\u0105 bia\u0142e \u015bwi\u0119ta? Jest nowa mapa od IMGW<\/a><\/p>\n<p class=\"art_paragraph\">\u0179r\u00f3d\u0142o: Stra\u017c\u00a0Ochrony Kolei<\/p>\n","protected":false},"excerpt":{"rendered":"Lubelskie: Opalali kable przy torowisku Do zdarzenia dosz\u0142o w pi\u0105tek. &#8222;Dy\u017curny Posterunku Stra\u017cy Ochrony Kolei w Che\u0142mie otrzyma\u0142&hellip;\n","protected":false},"author":2,"featured_media":151344,"comment_status":"","ping_status":"","sticky":false,"template":"","format":"standard","meta":{"footnotes":""},"categories":[12],"tags":[32,33,36,37,27,34,35,28,31,25,42,38,40,39,41,29,30,26],"class_list":{"0":"post-151343","1":"post","2":"type-post","3":"status-publish","4":"format-standard","5":"has-post-thumbnail","7":"category-polska","8":"tag-breaking-news","9":"tag-breakingnews","10":"tag-featured-news","11":"tag-featurednews","12":"tag-headlines","13":"tag-latest-news","14":"tag-latestnews","15":"tag-naglowki","16":"tag-najwazniejsze-artykuly","17":"tag-news","18":"tag-pl","19":"tag-poland","20":"tag-polish","21":"tag-polska","22":"tag-polski","23":"tag-top-stories","24":"tag-topstories","25":"tag-wiadomosci"},"share_on_mastodon":{"url":"https:\/\/pubeurope.com\/@pl\/115721935436449106","error":""},"_links":{"self":[{"href":"https:\/\/www.europesays.com\/pl\/wp-json\/wp\/v2\/posts\/151343","targetHints":{"allow":["GET"]}}],"collection":[{"href":"https:\/\/www.europesays.com\/pl\/wp-json\/wp\/v2\/posts"}],"about":[{"href":"https:\/\/www.europesays.com\/pl\/wp-json\/wp\/v2\/types\/post"}],"author":[{"embeddable":true,"href":"https:\/\/www.europesays.com\/pl\/wp-json\/wp\/v2\/users\/2"}],"replies":[{"embeddable":true,"href":"https:\/\/www.europesays.com\/pl\/wp-json\/wp\/v2\/comments?post=151343"}],"version-history":[{"count":0,"href":"https:\/\/www.europesays.com\/pl\/wp-json\/wp\/v2\/posts\/151343\/revisions"}],"wp:featuredmedia":[{"embeddable":true,"href":"https:\/\/www.europesays.com\/pl\/wp-json\/wp\/v2\/media\/151344"}],"wp:attachment":[{"href":"https:\/\/www.europesays.com\/pl\/wp-json\/wp\/v2\/media?parent=151343"}],"wp:term":[{"taxonomy":"category","embeddable":true,"href":"https:\/\/www.europesays.com\/pl\/wp-json\/wp\/v2\/categories?post=151343"},{"taxonomy":"post_tag","embeddable":true,"href":"https:\/\/www.europesays.com\/pl\/wp-json\/wp\/v2\/tags?post=151343"}],"curies":[{"name":"wp","href":"https:\/\/api.w.org\/{rel}","templated":true}]}}