{"id":151347,"date":"2025-12-15T05:36:10","date_gmt":"2025-12-15T05:36:10","guid":{"rendered":"https:\/\/www.europesays.com\/pl\/151347\/"},"modified":"2025-12-15T05:36:10","modified_gmt":"2025-12-15T05:36:10","slug":"rob-reiner-nie-zyje-legendarny-rezyser-zmarl-wraz-z-zona","status":"publish","type":"post","link":"https:\/\/www.europesays.com\/pl\/151347\/","title":{"rendered":"Rob Reiner nie \u017cyje. Legendarny re\u017cyser zmar\u0142 wraz z \u017con\u0105"},"content":{"rendered":"<p class=\"Paragraph_desktopParagraph__U31Gm\">Wydzia\u0142 ds. rabunk\u00f3w i zab\u00f3jstw policji w Los Angeles prowadzi \u015bledztwo. Funkcjonariuszy do rezydencji re\u017cysera w Brentwood wezwa\u0142 stra\u017cak.<\/p>\n<p class=\"Paragraph_desktopParagraph__U31Gm\">Rob \u2014 syn s\u0142ynnego komika Carla Reinera \u2014 rozpocz\u0105\u0142 swoj\u0105 karier\u0119 w latach 60. Pocz\u0105tkowo pracowa\u0142 jako partner scenariuszowy Steve&#8217;a Martina w programie &#8222;Smothers Brothers Comedy Hour&#8221;. P\u00f3\u017aniej wcieli\u0142 si\u0119 w rol\u0119 Michaela Stivica, znanego r\u00f3wnie\u017c jako &#8222;Meathead&#8221;, w popularnym serialu komediowym &#8222;All in the Family&#8221;, za kt\u00f3r\u0105 otrzyma\u0142 dwie nagrody Primetime Emmy dla najlepszego aktora drugoplanowego.<\/p>\n<p class=\"VideoPlayerText_videoPlayerText__iDwyz\">Dalszy ci\u0105g materia\u0142u pod wideo<\/p>\n<ul class=\"OchatFollowUps_wrapper__1ry7X\">\n<li class=\"OchatFollowUps_item__Dhyly OchatFollowUps_itemDesktop__R6aBv\">Kiedy zmar\u0142 Rob Reiner?<\/li>\n<li class=\"OchatFollowUps_item__Dhyly OchatFollowUps_itemDesktop__R6aBv\">Ile lat mia\u0142 Rob Reiner w momencie \u015bmierci?<\/li>\n<li class=\"OchatFollowUps_item__Dhyly OchatFollowUps_itemDesktop__R6aBv\">Jakie znane filmy wyre\u017cyserowa\u0142 Rob Reiner?<\/li>\n<li class=\"OchatFollowUps_item__Dhyly OchatFollowUps_itemDesktop__R6aBv\">Kto potwierdzi\u0142 \u015bmier\u0107 Roba i Michele Reiner?<\/li>\n<\/ul>\n<p class=\"Paragraph_desktopParagraph__U31Gm\">Publiczno\u015b\u0107 zna go jednak przede wszystkim jako re\u017cysera ikonicznych film\u00f3w: &#8222;Ludzie honoru&#8221;, &#8222;Sta\u0144 przy mnie&#8221;, &#8222;Narzeczona dla ksi\u0119cia&#8221;, &#8222;Kiedy Harry pozna\u0142 Sally&#8221; czy &#8222;Misery&#8221;. Podczas kr\u0119cenia komedii z Meg Ryan i Billym Crystalem pozna\u0142 fotografk\u0119 Michele, kt\u00f3r\u0105 po\u015blubi\u0142 w 1989 r. Co wi\u0119cej, to w\u0142a\u015bnie ich zwi\u0105zek przekona\u0142 go do zmiany zako\u0144czenia &#8222;Kiedy Harry pozna\u0142 Sally&#8221;, tak aby postacie pozosta\u0142y razem.<\/p>\n<p class=\"Paragraph_desktopParagraph__U31Gm\">Ma\u0142\u017conkowie doczekali si\u0119 trojga dzieci, Reiner by\u0142 jeszcze ojcem c\u00f3rki z poprzedniego zwi\u0105zku. On w chwili \u015bmierci mia\u0142 78 lat, a jego \u017cona 68. Tragiczne wie\u015bci potwierdzili bliscy pary: &#8222;Z g\u0142\u0119bokim smutkiem informujemy o tragicznej \u015bmierci Michele i Roba. Jeste\u015bmy zdruzgotani t\u0105 nag\u0142\u0105 strat\u0105 i prosimy o uszanowanie naszej prywatno\u015bci w tym niezwykle trudnym czasie&#8221;.<\/p>\n<p class=\"Paragraph_desktopParagraph__U31Gm\">Jak podaj\u0105 \u017ar\u00f3d\u0142a &#8222;People&#8221; arty\u015bci prawdopodobnie zgin\u0119li z r\u0105k syna Nicka, kt\u00f3ry latami zmaga\u0142 si\u0119 z uzale\u017cnieniem od narkotyk\u00f3w. Jego problemy zacz\u0119\u0142y si\u0119 ju\u017c w wieku nastoletnim, a maj\u0105c 15 lat trafi\u0142 na pierwszy odwyk. W mi\u0119dzyczasie odsun\u0105\u0142 si\u0119 od rodziny i  \u017cy\u0142 na ulicy. <\/p>\n","protected":false},"excerpt":{"rendered":"Wydzia\u0142 ds. rabunk\u00f3w i zab\u00f3jstw policji w Los Angeles prowadzi \u015bledztwo. Funkcjonariuszy do rezydencji re\u017cysera w Brentwood wezwa\u0142&hellip;\n","protected":false},"author":2,"featured_media":151348,"comment_status":"","ping_status":"","sticky":false,"template":"","format":"standard","meta":{"footnotes":""},"categories":[5],"tags":[32,33,36,37,808,27,67,261,34,35,28,8426,31,53,25,52,68,51,55,42,38,40,39,41,30518,47,29,30,65,50,26],"class_list":{"0":"post-151347","1":"post","2":"type-post","3":"status-publish","4":"format-standard","5":"has-post-thumbnail","7":"category-naglowki","8":"tag-breaking-news","9":"tag-breakingnews","10":"tag-featured-news","11":"tag-featurednews","12":"tag-film_filmy_kino_kinematografia_aktorka_aktor_aktorzy_aktorki_rezyserzy","13":"tag-headlines","14":"tag-intextvideo_splayer","15":"tag-kultura","16":"tag-latest-news","17":"tag-latestnews","18":"tag-naglowki","19":"tag-najnowsze","20":"tag-najwazniejsze-artykuly","21":"tag-new_header","22":"tag-news","23":"tag-onet3","24":"tag-onet3d","25":"tag-onet3d_2i","26":"tag-phx","27":"tag-pl","28":"tag-poland","29":"tag-polish","30":"tag-polska","31":"tag-polski","32":"tag-rob_reiner_rezyser","33":"tag-screening_general","34":"tag-top-stories","35":"tag-topstories","36":"tag-update_me","37":"tag-v2021","38":"tag-wiadomosci"},"share_on_mastodon":{"url":"https:\/\/pubeurope.com\/@pl\/115721966991903379","error":""},"_links":{"self":[{"href":"https:\/\/www.europesays.com\/pl\/wp-json\/wp\/v2\/posts\/151347","targetHints":{"allow":["GET"]}}],"collection":[{"href":"https:\/\/www.europesays.com\/pl\/wp-json\/wp\/v2\/posts"}],"about":[{"href":"https:\/\/www.europesays.com\/pl\/wp-json\/wp\/v2\/types\/post"}],"author":[{"embeddable":true,"href":"https:\/\/www.europesays.com\/pl\/wp-json\/wp\/v2\/users\/2"}],"replies":[{"embeddable":true,"href":"https:\/\/www.europesays.com\/pl\/wp-json\/wp\/v2\/comments?post=151347"}],"version-history":[{"count":0,"href":"https:\/\/www.europesays.com\/pl\/wp-json\/wp\/v2\/posts\/151347\/revisions"}],"wp:featuredmedia":[{"embeddable":true,"href":"https:\/\/www.europesays.com\/pl\/wp-json\/wp\/v2\/media\/151348"}],"wp:attachment":[{"href":"https:\/\/www.europesays.com\/pl\/wp-json\/wp\/v2\/media?parent=151347"}],"wp:term":[{"taxonomy":"category","embeddable":true,"href":"https:\/\/www.europesays.com\/pl\/wp-json\/wp\/v2\/categories?post=151347"},{"taxonomy":"post_tag","embeddable":true,"href":"https:\/\/www.europesays.com\/pl\/wp-json\/wp\/v2\/tags?post=151347"}],"curies":[{"name":"wp","href":"https:\/\/api.w.org\/{rel}","templated":true}]}}