{"id":151355,"date":"2025-12-15T05:43:11","date_gmt":"2025-12-15T05:43:11","guid":{"rendered":"https:\/\/www.europesays.com\/pl\/151355\/"},"modified":"2025-12-15T05:43:11","modified_gmt":"2025-12-15T05:43:11","slug":"wiemy-co-ze-zdrowiem-lewandowskiego-i-szczesnego-mecz-juz-za-dwa-dni","status":"publish","type":"post","link":"https:\/\/www.europesays.com\/pl\/151355\/","title":{"rendered":"Wiemy, co ze zdrowiem Lewandowskiego i Szcz\u0119snego. Mecz ju\u017c za dwa dni"},"content":{"rendered":"<p class=\"art_paragraph\">W sobot\u0119 (13 grudnia) Barcelona wygra\u0142a 2:0 z Osasun\u0105 po dw\u00f3ch golach Raphinhi. Udzia\u0142u w tym zwyci\u0119stwie nie mieli Polacy. <a href=\"https:\/\/www.sport.pl\/pilka\/7,65082,32434711,lewandowski-okradziony-polak-zszedl-z-boiska-w-60-minucie.html#anchorLink\" rel=\"nofollow noopener\" target=\"_blank\">Robert Lewandowski<\/a> ca\u0142y <a href=\"https:\/\/www.sport.pl\/euro\/7,154862,31079522,kto-dzis-gra-na-euro-2024-jakie-mecze-dzisiaj-piatek-21-czerwca.html#anchorLink\" rel=\"nofollow noopener\" target=\"_blank\">mecz<\/a> przesiedzia\u0142 na \u0142awce rezerwowych, a Wojciech <a href=\"https:\/\/www.sport.pl\/pilka\/7,64946,32435879,oto-co-szczesny-i-lewandowski-robili-w-azji-naszla-go-ochota.html#anchorLink\" rel=\"nofollow noopener\" target=\"_blank\">Szcz\u0119sny<\/a> znalaz\u0142 si\u0119 poza kadr\u0105 meczow\u0105. Relacj\u0119 o stanie zdrowia naszych zawodnik\u00f3w zda\u0142o Mundo Deportivo. Bramkarz mia\u0142 opu\u015bci\u0107 ostatni mecz z powodu zapalenia \u017co\u0142\u0105dka i jelit. Kapitan reprezentacji Polski nie zagra\u0142 natomiast z powodu b\u00f3lu plec\u00f3w i \u015bci\u0119gna podkolanowego. Wiadomo te\u017c co z wyst\u0119pem polskiego duetu w Pucharze Kr\u00f3la.\u00a0<\/p>\n<p>\n    Zobacz wideo Krychowiak zako\u0144czy\u0142 reprezentacyjn\u0105 karier\u0119 Szcz\u0119snego?!\n  <\/p>\n<p> Szcz\u0119sny wr\u00f3ci\u0142 do trening\u00f3w. Nieobecny Lewandowski\u00a0<\/p>\n<p class=\"art_paragraph\">Mundo Deportivo poda\u0142o, \u017ce Wojciech Szcz\u0119sny wzi\u0105\u0142 udzia\u0142 w niedzielnym treningu Barcelony. Bramkarz ma by\u0107 gotowy do rywalizacji z Ter Stegenem o miejscu w sk\u0142adzie na wtorkowy mecz (16 grudnia) Pucharu Kr\u00f3la z Guadalajar\u0105. Niemiec wr\u00f3ci\u0142 do gry w ostatnim czasie. Ter Stegen pojawi\u0142 si\u0119 na \u0142awce rezerwowych w meczu Ligi Mistrz\u00f3w z Eintrachtem Frankfurt po 4 miesi\u0105cach i 10 dniach przerwy spowodowanej rekonwalescencj\u0105 po urazie plec\u00f3w.\u00a0<\/p>\n<p class=\"art_paragraph\">W niedzielnym treningu udzia\u0142u nie wzi\u0105\u0142 Lewandowski, kt\u00f3ry profilaktycznie zosta\u0142 na si\u0142owni.\u00a0<\/p>\n<p> W poniedzia\u0142ek Hansi Flick ma rozwia\u0107 wszelkie w\u0105tpliwo\u015bci\u00a0\u00a0<\/p>\n<p class=\"art_paragraph\">Na poniedzia\u0142ek (godz.11) zaplanowano trening Barcelony oraz konferencj\u0119 prasow\u0105 trenera Hansiego Flicka. Szkoleniowiec Dumy Katalonii powinien w\u00f3wczas rozwia\u0107 wszelkie w\u0105tpliwo\u015bci zwi\u0105zane z wyst\u0119pem Lewandowskiego w Pucharze Kr\u00f3la.\u00a0<\/p>\n<p class=\"art_paragraph\">Barcelona jest aktualnym liderem <a href=\"https:\/\/www.sport.pl\/pilka\/7,65082,24778311,la-liga-valencia-wskakuje-na-miejsce-dajace-lige-mistrzow.html#anchorLink\" rel=\"nofollow noopener\" target=\"_blank\">tabeli La Liga<\/a>. Jej najbli\u017cszy przeciwnik znajduje si\u0119 w strefie spadkowej grupy 1 Primera RFEF (3. poziom rozgrywkowy).\u00a0<\/p>\n","protected":false},"excerpt":{"rendered":"W sobot\u0119 (13 grudnia) Barcelona wygra\u0142a 2:0 z Osasun\u0105 po dw\u00f3ch golach Raphinhi. Udzia\u0142u w tym zwyci\u0119stwie nie&hellip;\n","protected":false},"author":2,"featured_media":151356,"comment_status":"","ping_status":"","sticky":false,"template":"","format":"standard","meta":{"footnotes":""},"categories":[5],"tags":[32,33,36,37,27,34,35,28,31,25,42,38,40,39,41,29,30,26],"class_list":{"0":"post-151355","1":"post","2":"type-post","3":"status-publish","4":"format-standard","5":"has-post-thumbnail","7":"category-naglowki","8":"tag-breaking-news","9":"tag-breakingnews","10":"tag-featured-news","11":"tag-featurednews","12":"tag-headlines","13":"tag-latest-news","14":"tag-latestnews","15":"tag-naglowki","16":"tag-najwazniejsze-artykuly","17":"tag-news","18":"tag-pl","19":"tag-poland","20":"tag-polish","21":"tag-polska","22":"tag-polski","23":"tag-top-stories","24":"tag-topstories","25":"tag-wiadomosci"},"share_on_mastodon":{"url":"https:\/\/pubeurope.com\/@pl\/115721994454321753","error":""},"_links":{"self":[{"href":"https:\/\/www.europesays.com\/pl\/wp-json\/wp\/v2\/posts\/151355","targetHints":{"allow":["GET"]}}],"collection":[{"href":"https:\/\/www.europesays.com\/pl\/wp-json\/wp\/v2\/posts"}],"about":[{"href":"https:\/\/www.europesays.com\/pl\/wp-json\/wp\/v2\/types\/post"}],"author":[{"embeddable":true,"href":"https:\/\/www.europesays.com\/pl\/wp-json\/wp\/v2\/users\/2"}],"replies":[{"embeddable":true,"href":"https:\/\/www.europesays.com\/pl\/wp-json\/wp\/v2\/comments?post=151355"}],"version-history":[{"count":0,"href":"https:\/\/www.europesays.com\/pl\/wp-json\/wp\/v2\/posts\/151355\/revisions"}],"wp:featuredmedia":[{"embeddable":true,"href":"https:\/\/www.europesays.com\/pl\/wp-json\/wp\/v2\/media\/151356"}],"wp:attachment":[{"href":"https:\/\/www.europesays.com\/pl\/wp-json\/wp\/v2\/media?parent=151355"}],"wp:term":[{"taxonomy":"category","embeddable":true,"href":"https:\/\/www.europesays.com\/pl\/wp-json\/wp\/v2\/categories?post=151355"},{"taxonomy":"post_tag","embeddable":true,"href":"https:\/\/www.europesays.com\/pl\/wp-json\/wp\/v2\/tags?post=151355"}],"curies":[{"name":"wp","href":"https:\/\/api.w.org\/{rel}","templated":true}]}}