{"id":151375,"date":"2025-12-15T06:03:08","date_gmt":"2025-12-15T06:03:08","guid":{"rendered":"https:\/\/www.europesays.com\/pl\/151375\/"},"modified":"2025-12-15T06:03:08","modified_gmt":"2025-12-15T06:03:08","slug":"tusk-przestal-byc-szanowanym-graczem-prezydent-karol-nawrocki-dla-wp-wp-wiadomosci","status":"publish","type":"post","link":"https:\/\/www.europesays.com\/pl\/151375\/","title":{"rendered":"&quot;Tusk przesta\u0142 by\u0107 szanowanym graczem&quot;. Prezydent Karol Nawrocki dla WP &#8211; WP Wiadomo\u015bci"},"content":{"rendered":"<ol>\n<li><a href=\"https:\/\/news.google.com\/rss\/articles\/CBMirwFBVV95cUxQWXRiNzYzNHlWYmplQ3ZGdGltNzZ6WXpLMjctcFBvWXBvbXByNk1YUVhLbWhHTHJxRGJNa0VCZmRKMHRhdnFyNThHYlpNVFdfSnJXY21XWVpFWEhmSUdoV1B0RUlYNlctTTkyakhMSTAwRDE3MjZVaFhHOFBLTFoxcGxKa19KM3lRQ0VWeHhrdzVkX19qMTd2cnZvOHZUdUY2TEozSm1XUWdidFVfYU8w?oc=5\" target=\"_blank\" rel=\"nofollow noopener\">&#8222;Tusk przesta\u0142 by\u0107 szanowanym graczem&#8221;. Prezydent Karol Nawrocki dla WP<\/a>&nbsp;&nbsp;WP Wiadomo\u015bci<\/li>\n<li><a href=\"https:\/\/news.google.com\/rss\/articles\/CBMipAFBVV95cUxQRGhTM0k1LTVmQUdQVFR4TkFWMHJFYm02bEVweFlENGNyUHZnZW1DeWg0RktvNWRNTU9fd2gxby0yS0lGdF9OUFNsWHE0ekJjM1R2VVYtMC1xWjlydllkOGJLWlIySVROYmppTVBfN2hMdncwRFZ5REJUZkNJUGxCWF9MSVdScXZjZHFmaGU4OE91YUg4cW1PUVF1SVZrV3BZeXZmYQ?oc=5\" target=\"_blank\" rel=\"nofollow noopener\">Spotkanie Wo\u0142odymyra Ze\u0142enskiego i Karola Nawrockiego w Polsce. Jest data<\/a>&nbsp;&nbsp;Wydarzenia w INTERIA.PL<\/li>\n<li><a href=\"https:\/\/news.google.com\/rss\/articles\/CBMikAFBVV95cUxNMEdpbEp2em1sdU9mbHBLN3c1WjNTOTNZcVN0Qnk2THRvNjNRel9Yb0FXTzVpMnVNcTUza284WW1iak8tUThtdTAxRVJDbmhtckZLWVNoVGVyakRKcE9SNk12dFQ1QXphZzBoQm9ZNUN4ZlhwYV9vT2tmcHI3UlNmQU1qcE95RnFRZ1dHOF9KcS0?oc=5\" target=\"_blank\" rel=\"nofollow noopener\">Wo\u0142odymyr Ze\u0142enski planuje wizyt\u0119 w Polsce. Pad\u0142a data<\/a>&nbsp;&nbsp;TVN24<\/li>\n<li><a href=\"https:\/\/news.google.com\/rss\/articles\/CBMioAFBVV95cUxNOEVDUzhpanZQMnZja0phQU85YjhGcDU5SHc5RzYxN21EVTI4Sk8tWmRSRHROZ2VoQ25PRHVkUlNaaVQtUm8xeVlyYkVpb0d2bzEzNUxLWlhnU2tIbzdWOVMyenRrc0pNaXA0SHVRUmJXYnRUSzBEa2dWR0xYb2tfTmpzUUl2LThSNGQzRTYtcDhVb1NfSmZTNWEyZDlJbkkz?oc=5\" target=\"_blank\" rel=\"nofollow noopener\">Wizyta Wo\u0142odymyra Ze\u0142enskiego w Polsce. Podano termin<\/a>&nbsp;&nbsp;PolsatNews.pl<\/li>\n<li><a href=\"https:\/\/news.google.com\/rss\/articles\/CBMiigFBVV95cUxOcVNvbndPbGIyaGVkRHcwR04wOU1FZlhvQ29qTnpHQWZPR3lQX0xvUHlwQ0E4QjdoNkxJQ3d6Wm5rZHpIdFN2SENhdmpmSlJKeGVCSXpHMVYzWUhvNnE4V1VZRDZpak5KS3VnbS1pZDZfMzlQenlTUlJ6NFFkbXdYVkFwN3phVTJ0Qmc?oc=5\" target=\"_blank\" rel=\"nofollow noopener\">Ze\u0142enski przyjedzie do Polski. Pad\u0142a data<\/a>&nbsp;&nbsp;OKO.press<\/li>\n<\/ol>\n","protected":false},"excerpt":{"rendered":"&#8222;Tusk przesta\u0142 by\u0107 szanowanym graczem&#8221;. Prezydent Karol Nawrocki dla WP&nbsp;&nbsp;WP Wiadomo\u015bci Spotkanie Wo\u0142odymyra Ze\u0142enskiego i Karola Nawrockiego w&hellip;\n","protected":false},"author":2,"featured_media":151376,"comment_status":"","ping_status":"","sticky":false,"template":"","format":"standard","meta":{"footnotes":""},"categories":[12],"tags":[32,33,36,37,27,34,35,28,31,25,42,38,40,39,41,29,30,26],"class_list":{"0":"post-151375","1":"post","2":"type-post","3":"status-publish","4":"format-standard","5":"has-post-thumbnail","7":"category-polska","8":"tag-breaking-news","9":"tag-breakingnews","10":"tag-featured-news","11":"tag-featurednews","12":"tag-headlines","13":"tag-latest-news","14":"tag-latestnews","15":"tag-naglowki","16":"tag-najwazniejsze-artykuly","17":"tag-news","18":"tag-pl","19":"tag-poland","20":"tag-polish","21":"tag-polska","22":"tag-polski","23":"tag-top-stories","24":"tag-topstories","25":"tag-wiadomosci"},"share_on_mastodon":{"url":"https:\/\/pubeurope.com\/@pl\/115722073090707658","error":""},"_links":{"self":[{"href":"https:\/\/www.europesays.com\/pl\/wp-json\/wp\/v2\/posts\/151375","targetHints":{"allow":["GET"]}}],"collection":[{"href":"https:\/\/www.europesays.com\/pl\/wp-json\/wp\/v2\/posts"}],"about":[{"href":"https:\/\/www.europesays.com\/pl\/wp-json\/wp\/v2\/types\/post"}],"author":[{"embeddable":true,"href":"https:\/\/www.europesays.com\/pl\/wp-json\/wp\/v2\/users\/2"}],"replies":[{"embeddable":true,"href":"https:\/\/www.europesays.com\/pl\/wp-json\/wp\/v2\/comments?post=151375"}],"version-history":[{"count":0,"href":"https:\/\/www.europesays.com\/pl\/wp-json\/wp\/v2\/posts\/151375\/revisions"}],"wp:featuredmedia":[{"embeddable":true,"href":"https:\/\/www.europesays.com\/pl\/wp-json\/wp\/v2\/media\/151376"}],"wp:attachment":[{"href":"https:\/\/www.europesays.com\/pl\/wp-json\/wp\/v2\/media?parent=151375"}],"wp:term":[{"taxonomy":"category","embeddable":true,"href":"https:\/\/www.europesays.com\/pl\/wp-json\/wp\/v2\/categories?post=151375"},{"taxonomy":"post_tag","embeddable":true,"href":"https:\/\/www.europesays.com\/pl\/wp-json\/wp\/v2\/tags?post=151375"}],"curies":[{"name":"wp","href":"https:\/\/api.w.org\/{rel}","templated":true}]}}