{"id":151377,"date":"2025-12-15T06:05:08","date_gmt":"2025-12-15T06:05:08","guid":{"rendered":"https:\/\/www.europesays.com\/pl\/151377\/"},"modified":"2025-12-15T06:05:08","modified_gmt":"2025-12-15T06:05:08","slug":"sensacja-wisi-w-powietrzu-to-bylby-szok-dla-polskich-skokow","status":"publish","type":"post","link":"https:\/\/www.europesays.com\/pl\/151377\/","title":{"rendered":"Sensacja wisi w powietrzu. To by\u0142by szok dla polskich skok\u00f3w"},"content":{"rendered":"\n<p class=\"contentpart contentpart--default contentpart--text\" data-position=\"0\">Napisa\u0107, \u017ce polscy skoczkowie s\u0105 w przeci\u0119tnej formie, to tak naprawd\u0119 nic nie napisa\u0107. Nasi reprezentanci w pierwszych dziewi\u0119ciu konkursach indywidualnych <a href=\"https:\/\/sportowefakty.wp.pl\/skoki-narciarskie\/puchar-swiata\" rel=\"nofollow noopener\" target=\"_blank\">Pucharu \u015awiata<\/a>\u00a0wywalczyli zaledwie 385 punkt\u00f3w. Poza jednymi zawodami w Wi\u015ble, gdy w czo\u0142owej dziesi\u0105tce znale\u017ali si\u0119 <a href=\"https:\/\/sportowefakty.wp.pl\/skoki-narciarskie\/kacper-tomasiak\" rel=\"nofollow noopener\" target=\"_blank\">Kacper Tomasiak<\/a>\u00a0oraz <a href=\"https:\/\/sportowefakty.wp.pl\/skoki-narciarskie\/piotr-zyla\" rel=\"nofollow noopener\" target=\"_blank\">Piotr \u017by\u0142a<\/a>, na pr\u00f3\u017cno szuka\u0107 Bia\u0142o-Czerwonych w\u015br\u00f3d najlepszych.\u00a0Same wyniki to jedno, ale martwi\u0107 mo\u017ce r\u00f3wnie\u017c brak poprawy ich dyspozycji.<\/p>\n<p class=\"contentpart contentpart--default contentpart--text\" data-position=\"1\"><a href=\"https:\/\/sportowefakty.wp.pl\/skoki-narciarskie\/kamil-stoch\" rel=\"nofollow noopener\" target=\"_blank\">Kamil Stoch<\/a>\u00a0po niez\u0142ym pocz\u0105tku sezonu szybko obni\u017cy\u0142 loty i z ostatnich czterech konkurs\u00f3w dwa ko\u0144czy\u0142 poza trzydziestk\u0105. <a href=\"https:\/\/sportowefakty.wp.pl\/skoki-narciarskie\/dawid-kubacki\" rel=\"nofollow noopener\" target=\"_blank\">Dawid Kubacki<\/a>\u00a0jest nieregularny i ciu\u0142a pojedyncze &#8222;oczka&#8221;, <a href=\"https:\/\/sportowefakty.wp.pl\/skoki-narciarskie\/pawel-wasek\" rel=\"nofollow noopener\" target=\"_blank\">Pawe\u0142 W\u0105sek<\/a>\u00a0nadal nie potrafi nawi\u0105za\u0107 do swojej dyspozycji sprzed blisko roku, a\u00a0<a href=\"https:\/\/sportowefakty.wp.pl\/skoki-narciarskie\/aleksander-zniszczol\" rel=\"nofollow noopener\" target=\"_blank\">Aleksander Zniszczo\u0142<\/a>\u00a0nawet nie mie\u015bci si\u0119 ju\u017c w sze\u015bcioosobowej kadrze. Pewien ma\u0142y optymizm wida\u0107 w pr\u00f3bach Piotra \u017by\u0142y czy <a href=\"https:\/\/sportowefakty.wp.pl\/skoki-narciarskie\/maciej-kot\" rel=\"nofollow noopener\" target=\"_blank\">Macieja Kota<\/a>, cho\u0107 do jakiej\u015b rado\u015bci jeszcze brakuje. Dobrze prezentuje si\u0119 wy\u0142\u0105cznie Kacper Tomasiak, ale to nadal tylko 18-latek i mog\u0105 mu si\u0119 przytrafia\u0107 s\u0142absze skoki.<\/p>\n<p> <img role=\"presentation\" src=\"https:\/\/std.wpcdn.pl\/images\/adv\/placeholder_wp.svg\" loading=\"lazy\" alt=\"\" decoding=\"async\"\/>  <\/p>\n<p class=\"contentpart contentpart--default contentpart--text\" data-position=\"2\">ZOBACZ WIDEO: &#8222;Jakie s\u0105 polskie skoki po P\u015a w Wi\u015ble?&#8221;. Tak odpowiada ekspert<\/p>\n<p>Czeka nas sensacja?<\/p>\n<p class=\"contentpart contentpart--default contentpart--text\" data-position=\"5\">To wszystko powoduje, \u017ce poma\u0142u mo\u017cna zacz\u0105\u0107 si\u0119 martwi\u0107 o rezultaty Polak\u00f3w podczas igrzysk olimpijskich. Te co prawda rozpoczn\u0105 si\u0119 w lutym, ale stagnacja formy Bia\u0142o-Czerwonych nie pozwala na razie my\u015ble\u0107, aby\u015bmy za kilka miesi\u0119cy mieli si\u0119 z czego cieszy\u0107. Co wi\u0119cej, trudno wskaza\u0107, kto mia\u0142by wylecie\u0107 do W\u0142och.<\/p>\n<p class=\"contentpart contentpart--default contentpart--text\" data-position=\"6\">Niemal przes\u0105dzone ju\u017c jest, \u017ce w konkursach indywidualnych b\u0119dzie mog\u0142o wyst\u0105pi\u0107 zaledwie trzech naszych reprezentant\u00f3w i trudno wskaza\u0107, kto mia\u0142by si\u0119 w tym gronie znale\u017a\u0107. W tej sytuacji wielce prawdopodobne jest, \u017ce w kadrze zabraknie kogo\u015b z najlepszej tr\u00f3jki Polak\u00f3w z ostatnich 10 lat &#8211; Kamila Stocha, Dawida Kubackiego czy Piotra \u017by\u0142y. To by\u0142aby wielka niespodzianka, a dla samych skoczk\u00f3w spory cios.<\/p>\n<p> <img role=\"presentation\" src=\"https:\/\/std.wpcdn.pl\/images\/adv\/placeholder_wp.svg\" loading=\"lazy\" alt=\"\" decoding=\"async\"\/>  <\/p>\n<p class=\"contentpart contentpart--default contentpart--text\" data-position=\"7\"><a href=\"https:\/\/sportowefakty.wp.pl\/skoki-narciarskie\/kazimierz-dlugopolski\" rel=\"nofollow noopener\" target=\"_blank\">Kazimierz  D\u0142ugopolski<\/a>\u00a0nie by\u0142by zaskoczony, gdyby ostatecznie \u017caden z nich nie pojecha\u0142 na igrzyska. &#8211; Widzimy, jak\u0105 prezentuj\u0105 dyspozycj\u0119. Z obecn\u0105 form\u0105 na igrzyskach te\u017c niczego du\u017cego by nie zwojowali. Wszystko si\u0119 mo\u017ce zdarzy\u0107, nawet to, \u017ce \u017caden z tej tr\u00f3jki nie wyst\u0105pi we W\u0142oszech &#8211; m\u00f3wi w rozmowie z WP SportoweFakty wieloletni trener skok\u00f3w narciarskich.<\/p>\n<p class=\"contentpart contentpart--default contentpart--text\" data-position=\"8\">Taki scenariusz faktycznie wcale nie wydaje si\u0119 niemo\u017cliwy. Na t\u0119 chwil\u0119 pewniakiem jest Kacper Tomasiak, a wi\u0119c lider reprezentacji. Maciej Kot, gdyby si\u0119 poprawi\u0142, te\u017c mo\u017ce by\u0107 mocnym kandydatem do wyjazdu na igrzyska. Je\u015bli do tego na w\u0142a\u015bciwe tory powr\u00f3ci Pawe\u0142 W\u0105sek lub Aleksander Zniszczo\u0142, dla Stocha, Kubackiego i \u017by\u0142y mo\u017ce zabrakn\u0105\u0107 miejsca.<\/p>\n<p>&#8222;Nie najm\u0105drzejszy pomys\u0142&#8221;<\/p>\n<p class=\"contentpart contentpart--default contentpart--text\" data-position=\"10\">Nadal tak\u017ce nie wiadomo, jaki system wyboru obierze <a href=\"https:\/\/sportowefakty.wp.pl\/skoki-narciarskie\/maciej-maciusiak\" rel=\"nofollow noopener\" target=\"_blank\">Maciej Maciusiak<\/a>. Wcze\u015bniej g\u0142\u00f3wny trener reprezentacji przekazywa\u0142, \u017ce trzech (w przypadku czteroosobowej kadry) lub dw\u00f3ch najlepszych z rankingu olimpijskiego (w przypadku trzyosobowej kadry) b\u0119dzie mia\u0142o pewne miejsce. Ostatni zawodnik zosta\u0142by dobrany przez szkoleniowca. W tym momencie te zasady nie s\u0105 ju\u017c takie pewne. W ostatnim czasie nawet <a href=\"https:\/\/sportowefakty.wp.pl\/moto\/adam-malysz\" rel=\"nofollow noopener\" target=\"_blank\">Adam Ma\u0142ysz<\/a>\u00a0wyzna\u0142, \u017ce nie wyobra\u017ca sobie, aby do W\u0142och polecia\u0142 kto\u015b, kto wywalczy\u0142 kwot\u0119 startow\u0105 dla Polski, ale by\u0142by w s\u0142abej formie. Doda\u0142 te\u017c, \u017ce to PZN mo\u017ce zgodzi\u0107 si\u0119 albo nie z argumentami trenera.<\/p>\n<p> <img role=\"presentation\" src=\"https:\/\/std.wpcdn.pl\/images\/adv\/placeholder_wp.svg\" loading=\"lazy\" alt=\"\" decoding=\"async\"\/>  <\/p>\n<p class=\"contentpart contentpart--default contentpart--text\" data-position=\"11\">&#8211; Dla mnie od pocz\u0105tku ten pomys\u0142 nie by\u0142 najm\u0105drzejszy. Przed igrzyskami kto\u015b mo\u017ce z\u0142apa\u0107 naprawd\u0119 dobr\u0105 form\u0119, a na igrzyska nie pojedzie, bo nie b\u0119dzie go w\u015br\u00f3d najlepszej dw\u00f3jki Polak\u00f3w w rankingu &#8211; przyznaje Kazimierz D\u0142ugopolski.<\/p>\n<p class=\"contentpart contentpart--default contentpart--text\" data-position=\"12\">Wszystko wskazuje na to, \u017ce Macieja Maciusiaka czeka twardy orzech do zgryzienia. Na ten moment jest tak naprawd\u0119 siedmiu kandydat\u00f3w na trzy miejsca. I trudno wskaza\u0107, kto powinien wyst\u0105pi\u0107 podczas igrzysk. By\u0107 mo\u017ce w najbli\u017cszych tygodniach dyspozycja niekt\u00f3rych skoczk\u00f3w wzro\u015bnie, a sytuacja stanie si\u0119 bardziej klarowna, lecz obecnie nic na to nie wskazuje.<\/p>\n<p>Program zawod\u00f3w Pucharu \u015awiata w Engelbergu:<\/p>\n<p class=\"contentpart contentpart--default contentpart--text\" data-position=\"14\">Pi\u0105tek, 19.12.2025<br \/>13:45 &#8211; Trening<br \/>15:45 &#8211; Kwalifikacje<\/p>\n<p class=\"contentpart contentpart--default contentpart--text\" data-position=\"15\">Sobota, 20.12.2025<br \/>15:00 &#8211; Seria pr\u00f3bna<br \/>16:00 &#8211; Konkurs indywidualny<\/p>\n<p class=\"contentpart contentpart--default contentpart--text\" data-position=\"16\">Niedziela, 21.12.2025<br \/>14:30 &#8211; Kwalifikacje<br \/>16:00 &#8211; Konkurs indywidualny<\/p>\n<p class=\"contentpart contentpart--default contentpart--text\" data-position=\"17\">Relacje tekstowe &#8222;live&#8221; ze wszystkich serii przeprowadzi portal WP SportoweFakty<\/p>\n<p class=\"contentpart contentpart--default contentpart--text\" data-position=\"18\">Mateusz Kmiecik, dziennikarz WP SportoweFakty<\/p>\n","protected":false},"excerpt":{"rendered":"Napisa\u0107, \u017ce polscy skoczkowie s\u0105 w przeci\u0119tnej formie, to tak naprawd\u0119 nic nie napisa\u0107. Nasi reprezentanci w pierwszych&hellip;\n","protected":false},"author":2,"featured_media":151378,"comment_status":"","ping_status":"","sticky":false,"template":"","format":"standard","meta":{"footnotes":""},"categories":[24],"tags":[1557,17244,17240,6799,2741,30519,17241,16929,17242,17243,42,38,40,39,41,13539,1538,127,126,447,2385],"class_list":{"0":"post-151377","1":"post","2":"type-post","3":"status-publish","4":"format-standard","5":"has-post-thumbnail","7":"category-sport","8":"tag-adam-malysz","9":"tag-aleksander-zniszczol","10":"tag-dawid-kubacki","11":"tag-kacper-tomasiak","12":"tag-kamil-stoch","13":"tag-kazimierz-dlugopolski","14":"tag-maciej-kot","15":"tag-maciej-maciusiak","16":"tag-pawel-wasek","17":"tag-piotr-zyla","18":"tag-pl","19":"tag-poland","20":"tag-polish","21":"tag-polska","22":"tag-polski","23":"tag-ps-w-skokach-narciarskich","24":"tag-skoki-narciarskie","25":"tag-sport","26":"tag-sports","27":"tag-sporty-zimowe","28":"tag-zimowe-igrzyska-olimpijskie-2026"},"share_on_mastodon":{"url":"https:\/\/pubeurope.com\/@pl\/115722081568637458","error":""},"_links":{"self":[{"href":"https:\/\/www.europesays.com\/pl\/wp-json\/wp\/v2\/posts\/151377","targetHints":{"allow":["GET"]}}],"collection":[{"href":"https:\/\/www.europesays.com\/pl\/wp-json\/wp\/v2\/posts"}],"about":[{"href":"https:\/\/www.europesays.com\/pl\/wp-json\/wp\/v2\/types\/post"}],"author":[{"embeddable":true,"href":"https:\/\/www.europesays.com\/pl\/wp-json\/wp\/v2\/users\/2"}],"replies":[{"embeddable":true,"href":"https:\/\/www.europesays.com\/pl\/wp-json\/wp\/v2\/comments?post=151377"}],"version-history":[{"count":0,"href":"https:\/\/www.europesays.com\/pl\/wp-json\/wp\/v2\/posts\/151377\/revisions"}],"wp:featuredmedia":[{"embeddable":true,"href":"https:\/\/www.europesays.com\/pl\/wp-json\/wp\/v2\/media\/151378"}],"wp:attachment":[{"href":"https:\/\/www.europesays.com\/pl\/wp-json\/wp\/v2\/media?parent=151377"}],"wp:term":[{"taxonomy":"category","embeddable":true,"href":"https:\/\/www.europesays.com\/pl\/wp-json\/wp\/v2\/categories?post=151377"},{"taxonomy":"post_tag","embeddable":true,"href":"https:\/\/www.europesays.com\/pl\/wp-json\/wp\/v2\/tags?post=151377"}],"curies":[{"name":"wp","href":"https:\/\/api.w.org\/{rel}","templated":true}]}}