{"id":151383,"date":"2025-12-15T06:10:25","date_gmt":"2025-12-15T06:10:25","guid":{"rendered":"https:\/\/www.europesays.com\/pl\/151383\/"},"modified":"2025-12-15T06:10:25","modified_gmt":"2025-12-15T06:10:25","slug":"poszli-do-lasu-na-spacer-przecierali-oczy-ze-zdumienia-grudniowe-eldorado","status":"publish","type":"post","link":"https:\/\/www.europesays.com\/pl\/151383\/","title":{"rendered":"Poszli do lasu na spacer. Przecierali oczy ze zdumienia. &#8222;Grudniowe eldorado!&#8221;"},"content":{"rendered":"<p class=\"ods-c-paragraph \">Zima jak na razie omija nas szerokim \u0142ukiem. Od kilkunastu dni zamiast typowych dla tej pory roku ch\u0142od\u00f3w mamy temperatury si\u0119gaj\u0105ce 10\u201315 st. C. Nawet nocami nie pojawia si\u0119 mr\u00f3z. Takie warunki sprawiaj\u0105, \u017ce natura reaguje zupe\u0142nie nietypowo. W Tatrach nied\u017awiedzie nie zapad\u0142y w sen zimowy, a w lasach mo\u017cna natkn\u0105\u0107 si\u0119 na \u015bwie\u017ce grzyby.<\/p>\n<p>Dalszy ci\u0105g artyku\u0142u pod materia\u0142em wideo<\/p>\n<p> Jakie grzyby uda\u0142o si\u0119 zebra\u0107? <\/p>\n<p> Dlaczego grudniowe zbiory s\u0105 w tym roku nietypowe? <\/p>\n<p> Gdzie mo\u017cna zobaczy\u0107 nagrania z wypraw do lasu? <\/p>\n<p> Co m\u00f3wi\u0105 internauci o znaleziskach grzyb\u00f3w? <\/p>\n<p class=\"ods-c-paragraph \">Na fanpage\u2019u &#8222;Grzybiarz w lesie&#8221; oraz &#8222;Skarby lasu&#8221; na Facebooku pojawi\u0142a si\u0119 seria nagra\u0144 z wypraw do lasu. Na filmikach wida\u0107 spore ilo\u015bci g\u0105sek.<\/p>\n<blockquote class=\"ods-o-quota\">\n<p class=\"ods-o-quota__paragraph\">Sp\u00f3jrz, jakie \u0142adne g\u0105seczki. Tu kolejna \u2014 trzecia. I nast\u0119pna, \u0142adna czwarta. Oczy\u015bcimy i do koszyczka, do kolejnych<\/p>\n<\/blockquote>\n<p class=\"ods-c-paragraph \">\u2014 m\u00f3wi m\u0119\u017cczyzna widoczny na wideo.<\/p>\n<p class=\"ods-c-paragraph \">\u2014 Kolejne stanowisko zielonki. Tu jest jeden okaz, tu drugi schowany. Zobaczcie tylko, co tu si\u0119 dzieje. Raz, dwa, trzy, cztery, pi\u0119\u0107, sze\u015b\u0107, siedem, osiem, dziewi\u0119\u0107. Tu kolejny \u2014 dziesi\u0105ty \u2014 m\u00f3wi na kolejnym nagraniu i wskazuje ukryte grzyby.<\/p>\n<p class=\"ods-c-paragraph \">Na nast\u0119pnym filmie zademonstrowano, ile grzyb\u00f3w uda\u0142o si\u0119 zebra\u0107. By\u0142y to dwa pe\u0142ne kosze.<\/p>\n<p class=\"ods-c-paragraph \">&#8222;Grudniowe eldorado! Tego si\u0119 nie spodziewali\u015bmy\u2026 a one wci\u0105\u017c rosn\u0105 i wyskakuj\u0105 nowe!&#8221; \u2014 czytamy w opisie nagrania.<\/p>\n<p class=\"ods-c-paragraph \">Internauci nie kryli zachwytu. &#8222;Zazdroszcz\u0119 wam&#8221;, &#8222;Super&#8221;, &#8222;Te\u017c bym si\u0119 wybra\u0142a z wami na taki spacer. Pi\u0119kny mech i super zbiory&#8221;, &#8222;Pi\u0119kne zbiory. Gratuluj\u0119 i zazdroszcz\u0119&#8221;, &#8222;Pi\u0119kne. Ja te\u017c jestem zapalon\u0105 grzybiark\u0105. Zabierzcie mnie do lasu, gdzie s\u0105 grzyby, bo u nas ju\u017c nie ma&#8221; \u2014 czytamy.<\/p>\n","protected":false},"excerpt":{"rendered":"Zima jak na razie omija nas szerokim \u0142ukiem. Od kilkunastu dni zamiast typowych dla tej pory roku ch\u0142od\u00f3w&hellip;\n","protected":false},"author":2,"featured_media":151384,"comment_status":"","ping_status":"","sticky":false,"template":"","format":"standard","meta":{"footnotes":""},"categories":[12],"tags":[210,32,33,36,37,2807,27,4400,2809,34,35,28,31,48,25,46,42,38,40,39,41,47,29,30,26],"class_list":{"0":"post-151383","1":"post","2":"type-post","3":"status-publish","4":"format-standard","5":"has-post-thumbnail","7":"category-polska","8":"tag-aktualnosci","9":"tag-breaking-news","10":"tag-breakingnews","11":"tag-featured-news","12":"tag-featurednews","13":"tag-grzyby","14":"tag-headlines","15":"tag-las","16":"tag-lasy_i_drzewa","17":"tag-latest-news","18":"tag-latestnews","19":"tag-naglowki","20":"tag-najwazniejsze-artykuly","21":"tag-nat_styl","22":"tag-news","23":"tag-omp","24":"tag-pl","25":"tag-poland","26":"tag-polish","27":"tag-polska","28":"tag-polski","29":"tag-screening_general","30":"tag-top-stories","31":"tag-topstories","32":"tag-wiadomosci"},"share_on_mastodon":{"url":"https:\/\/pubeurope.com\/@pl\/115722100628382990","error":""},"_links":{"self":[{"href":"https:\/\/www.europesays.com\/pl\/wp-json\/wp\/v2\/posts\/151383","targetHints":{"allow":["GET"]}}],"collection":[{"href":"https:\/\/www.europesays.com\/pl\/wp-json\/wp\/v2\/posts"}],"about":[{"href":"https:\/\/www.europesays.com\/pl\/wp-json\/wp\/v2\/types\/post"}],"author":[{"embeddable":true,"href":"https:\/\/www.europesays.com\/pl\/wp-json\/wp\/v2\/users\/2"}],"replies":[{"embeddable":true,"href":"https:\/\/www.europesays.com\/pl\/wp-json\/wp\/v2\/comments?post=151383"}],"version-history":[{"count":0,"href":"https:\/\/www.europesays.com\/pl\/wp-json\/wp\/v2\/posts\/151383\/revisions"}],"wp:featuredmedia":[{"embeddable":true,"href":"https:\/\/www.europesays.com\/pl\/wp-json\/wp\/v2\/media\/151384"}],"wp:attachment":[{"href":"https:\/\/www.europesays.com\/pl\/wp-json\/wp\/v2\/media?parent=151383"}],"wp:term":[{"taxonomy":"category","embeddable":true,"href":"https:\/\/www.europesays.com\/pl\/wp-json\/wp\/v2\/categories?post=151383"},{"taxonomy":"post_tag","embeddable":true,"href":"https:\/\/www.europesays.com\/pl\/wp-json\/wp\/v2\/tags?post=151383"}],"curies":[{"name":"wp","href":"https:\/\/api.w.org\/{rel}","templated":true}]}}