{"id":151387,"date":"2025-12-15T06:20:13","date_gmt":"2025-12-15T06:20:13","guid":{"rendered":"https:\/\/www.europesays.com\/pl\/151387\/"},"modified":"2025-12-15T06:20:13","modified_gmt":"2025-12-15T06:20:13","slug":"plan-pokojowy-dla-ukrainy-steve-witkoff-zdradza-szczegoly-negocjacji","status":"publish","type":"post","link":"https:\/\/www.europesays.com\/pl\/151387\/","title":{"rendered":"Plan pokojowy dla Ukrainy. Steve Witkoff zdradza szczeg\u00f3\u0142y negocjacji"},"content":{"rendered":"<p>Podczas trwaj\u0105cych w Berlinie negocjacji Ukrainy ze Stanami Zjednoczonymi &#8222;osi\u0105gni\u0119to znacz\u0105cy post\u0119p&#8221; &#8211; o\u015bwiadczy\u0142 specjalny wys\u0142annik USA Steve Witkoff.<\/p>\n<p>\u00a0<\/p>\n<p>Jak poinformowa\u0142, w spotkaniu ameryka\u0144skiej i ukrai\u0144skiej delegacji uczestniczyli m.in. reprezentant Donalda Trumpa, prezydent Ukrainy Wo\u0142odymyr Ze\u0142enski oraz Jared Kushner, doradca i zi\u0119\u0107 prezydenta USA.<\/p>\n<p>Pi\u0119\u0107 godzin negocjacji w Berlinie. Witkoff zdradza szczeg\u00f3\u0142y<\/p>\n<p>&#8222;Spotkanie w Berlinie prezydenta Ze\u0142enskiego, specjalnego wys\u0142annika Witkoffa, Jareda Kushnera oraz delegacji ze Stan\u00f3w Zjednoczonych i Ukrainy trwa\u0142o ponad pi\u0119\u0107 godzin&#8221; &#8211; napisa\u0142 Witkoff w po\u015bcie w serwisie X.<\/p>\n<p>\u00a0<\/p>\n<p>Poinformowa\u0142, \u017ce &#8222;przedstawiciele odbyli dog\u0142\u0119bne dyskusje na temat 20-punktowego planu pokojowego, program\u00f3w gospodarczych i innych kwestii&#8221;. &#8222;Osi\u0105gni\u0119to znaczny post\u0119p i spotkanie odb\u0119dzie si\u0119 ponownie jutro rano&#8221; &#8211; o\u015bwiadczy\u0142 ameryka\u0144ski wys\u0142annik<\/p>\n<p>\u00a0<\/p>\n<p>ZOBACZ: <a href=\"https:\/\/www.polsatnews.pl\/wiadomosc\/2025-12-14\/wolodymyr-zelenski-przyjedzie-do-polski-padl-termin\/\" rel=\"nofollow noopener\" target=\"_blank\">Wo\u0142odymyr Ze\u0142enski przyjedzie do Polski. Pad\u0142 termin<\/a><\/p>\n<p>\u00a0<\/p>\n<p>Z informacji agencji Unian wynika, \u017ce w sk\u0142ad delegacji ukrai\u0144skiej wchodzi\u0142 r\u00f3wnie\u017c sekretarz Rady Bezpiecze\u0144stwa Narodowego i Obrony Ukrainy Rustem Umierow. Kanclerz Niemiec Friedrich Merz spotka\u0142 si\u0119 z delegacjami i by\u0142 obecny na pocz\u0105tku obrad, ale wkr\u00f3tce opu\u015bci\u0142 sal\u0119 konferencyjn\u0105.<\/p>\n<p>Rozmowy wysokiego szczebla ws. Ukrainy. Kto przyjedzie do Berlina?<\/p>\n<p>Szczeg\u00f3\u0142y rozm\u00f3w w Berlinie nie s\u0105 znane, wiadomo, \u017ce maj\u0105 by\u0107 kontynuowane w poniedzia\u0142ek. Wci\u0105\u017c nie jest jednak jasne, w jakim formacie i z kt\u00f3rymi szefami pa\u0144stw lub rz\u0105d\u00f3w w Europie.<\/p>\n<p>\u00a0<\/p>\n<p>W poniedzia\u0142ek w Berlinie odb\u0119d\u0105 si\u0119 rozmowy wysokiego szczebla dotycz\u0105ce plan\u00f3w zawieszenia broni w Ukrainie. W niemieckiej stolicy oczekiwani s\u0105 m.in. prezydent Francji Emmanuel Macron, premier Wielkiej Brytanii Keir Starmer, premier W\u0142och Giorgia Meloni oraz premier Holandii Dick Schoof. Z komunikat\u00f3w strony ukrai\u0144skiej wynika, \u017ce rozmowy maj\u0105 dotyczy\u0107 m.in. gwarancji bezpiecze\u0144stwa, odbudowy kraju oraz porozumienia politycznego ko\u0144cz\u0105cego wojn\u0119.<\/p>\n<p>\u00a0<\/p>\n<p>Widzia\u0142e\u015b co\u015b wa\u017cnego? Przy\u015blij zdj\u0119cie, film lub napisz, co si\u0119 sta\u0142o. Skorzystaj z naszej <a href=\"https:\/\/www.polsatnews.pl\/platforma-widzow\/\" target=\"_blank\" rel=\"noopener noreferrer nofollow\">Wrzutni<\/a><\/p>\n<p>                <a class=\"news__read-more-button\" href=\"https:\/\/www.polsatnews.pl\/\" rel=\"nofollow noopener\" target=\"_blank\">Czytaj wi\u0119cej<\/a><\/p>\n","protected":false},"excerpt":{"rendered":"Podczas trwaj\u0105cych w Berlinie negocjacji Ukrainy ze Stanami Zjednoczonymi &#8222;osi\u0105gni\u0119to znacz\u0105cy post\u0119p&#8221; &#8211; o\u015bwiadczy\u0142 specjalny wys\u0142annik USA Steve&hellip;\n","protected":false},"author":2,"featured_media":151388,"comment_status":"","ping_status":"","sticky":false,"template":"","format":"standard","meta":{"footnotes":""},"categories":[14],"tags":[32,33,27,34,35,28,31,25,40,41,80,29,30,26,82,83,84],"class_list":{"0":"post-151387","1":"post","2":"type-post","3":"status-publish","4":"format-standard","5":"has-post-thumbnail","7":"category-swiat","8":"tag-breaking-news","9":"tag-breakingnews","10":"tag-headlines","11":"tag-latest-news","12":"tag-latestnews","13":"tag-naglowki","14":"tag-najwazniejsze-artykuly","15":"tag-news","16":"tag-polish","17":"tag-polski","18":"tag-swiat","19":"tag-top-stories","20":"tag-topstories","21":"tag-wiadomosci","22":"tag-world","23":"tag-world-news","24":"tag-worldnews"},"share_on_mastodon":{"url":"https:\/\/pubeurope.com\/@pl\/115722139954605025","error":""},"_links":{"self":[{"href":"https:\/\/www.europesays.com\/pl\/wp-json\/wp\/v2\/posts\/151387","targetHints":{"allow":["GET"]}}],"collection":[{"href":"https:\/\/www.europesays.com\/pl\/wp-json\/wp\/v2\/posts"}],"about":[{"href":"https:\/\/www.europesays.com\/pl\/wp-json\/wp\/v2\/types\/post"}],"author":[{"embeddable":true,"href":"https:\/\/www.europesays.com\/pl\/wp-json\/wp\/v2\/users\/2"}],"replies":[{"embeddable":true,"href":"https:\/\/www.europesays.com\/pl\/wp-json\/wp\/v2\/comments?post=151387"}],"version-history":[{"count":0,"href":"https:\/\/www.europesays.com\/pl\/wp-json\/wp\/v2\/posts\/151387\/revisions"}],"wp:featuredmedia":[{"embeddable":true,"href":"https:\/\/www.europesays.com\/pl\/wp-json\/wp\/v2\/media\/151388"}],"wp:attachment":[{"href":"https:\/\/www.europesays.com\/pl\/wp-json\/wp\/v2\/media?parent=151387"}],"wp:term":[{"taxonomy":"category","embeddable":true,"href":"https:\/\/www.europesays.com\/pl\/wp-json\/wp\/v2\/categories?post=151387"},{"taxonomy":"post_tag","embeddable":true,"href":"https:\/\/www.europesays.com\/pl\/wp-json\/wp\/v2\/tags?post=151387"}],"curies":[{"name":"wp","href":"https:\/\/api.w.org\/{rel}","templated":true}]}}