{"id":151389,"date":"2025-12-15T06:23:45","date_gmt":"2025-12-15T06:23:45","guid":{"rendered":"https:\/\/www.europesays.com\/pl\/151389\/"},"modified":"2025-12-15T06:23:45","modified_gmt":"2025-12-15T06:23:45","slug":"oto-kluczowy-wniosek-po-wystepie-18-letniego-polaka-wszyscy-o-tym-mowia-przeglad-sportowy-onet","status":"publish","type":"post","link":"https:\/\/www.europesays.com\/pl\/151389\/","title":{"rendered":"Oto kluczowy wniosek po wyst\u0119pie 18-letniego Polaka. Wszyscy o tym m\u00f3wi\u0105 &#8211; Przegl\u0105d Sportowy Onet"},"content":{"rendered":"<ol>\n<li><a href=\"https:\/\/news.google.com\/rss\/articles\/CBMi3AFBVV95cUxNTG56dXREZ1BIeXNMMDBZZnJzc29jU29BMEFZQ3owSFlJX2ZVRlRzMTRnYzJqenI1TkhLblVGSGFmbEh3QUFTamRMcUQtUFZPMXFzVEhVUzhhQlFKZFQtc3h1djBHeDZYcVFhbjBUQXJEd1YzOWZyYkJmYUFIMGd0N2JDTHl5dTV5SWZCZFFvS04wMkdEbTAzODdfaHgxVURqNmJpbDI1Nng4T1o2WFNuNnhFQkltOVpva0pLaE5kXzllWTU2dDJGdGdzbUpaZnVTTWFvbkVFWmllU2Ut?oc=5\" target=\"_blank\" rel=\"nofollow noopener\">Oto kluczowy wniosek po wyst\u0119pie 18-letniego Polaka. Wszyscy o tym m\u00f3wi\u0105<\/a>&nbsp;&nbsp;Przegl\u0105d Sportowy Onet<\/li>\n<li><a href=\"https:\/\/news.google.com\/rss\/articles\/CBMi2gFBVV95cUxQRkRDSFNONkVyLUxYZTFTTHRJWEp3Z04zYVQ3b1RRVTlOMzhSSTY2TFFSZ2JvdWh0WDJ2OVM3MDZtQ1hjRG9BSVN0VXk2cU5aVnNNbDVpa0Q4LTRPaHlZSVVEbWNWZy1EQUJ1aHo2VTBmLWNZMEgtNUJKOUpRYVdwb25LYTZGeTlpd09aMGgxYmN0SWM4TkpXM3pmNUw4QmY2aGZSYWtrTlY4b25tcDAycDI2cFFGVF9NSzZ4VDc4NFFSa3BkVGFnbGZOVDVzYktib3ZUc1lRNUh2UQ?oc=5\" target=\"_blank\" rel=\"nofollow noopener\">Szale\u0144stwo w Pucharze \u015awiata! Ale\u017c walka w czo\u0142\u00f3wce. Katastrofa Polak\u00f3w<\/a>&nbsp;&nbsp;Przegl\u0105d Sportowy Onet<\/li>\n<li><a href=\"https:\/\/news.google.com\/rss\/articles\/CBMiwAFBVV95cUxQU3d2YUR5Vy1hUG95MGtvWndENmtqOTl0QjdaTVNDeFBWZU84NlVUdkVpdHBnaC1EMjQ5ckhFYkxqSE14eFVIWldaS1l4aHE2TWxqMjhBTFVMc1lUWGFSbkpSTWtMNS1WNHNIck4xdlR1bURxTGhxRVdkeVF1V0VtdGFUZHhiNTlmc0FoVklYZ3A4dDJYNnA2YUsxZV9oTWw0RDZlNmFicE5EcnZSZklnVHRwTlRhQkhoczdSM2lhNmM?oc=5\" target=\"_blank\" rel=\"nofollow noopener\">&#8222;Generacja Stocha ju\u017c nie da rady&#8221;. Gor\u0105co w sieci po konkursie skoczk\u00f3w<\/a>&nbsp;&nbsp;SportoweFakty<\/li>\n<li><a href=\"https:\/\/news.google.com\/rss\/articles\/CBMivgFBVV95cUxPR1dseW5NMzBaUXhTM3RvMmhaUTZQbHRVS1U5c3VtdEttYmtSdGFYMzd6akZPdHBJWkJiLTRab0M2VFFkQ2pVQllMOEtCNzlZTE9EUWdiSXdJS0w5U2FtNTFTU3ZlU2RMeU80ZlVjRFhCMGFsSF9nendSTFNZRTd2ME42V3pyd3YtSEJ0R1I5SUJxUmM5ZmFrSFI1QkpLUG9zVkxOWGV1ZFdLeWZ1WEowMVRNRDB4cjNoUVpEeTZR?oc=5\" target=\"_blank\" rel=\"nofollow noopener\">Przerwana seria Kacpra Tomasiaka. S\u0142owa Polaka budz\u0105 niepok\u00f3j<\/a>&nbsp;&nbsp;Sport w INTERIA.PL<\/li>\n<li><a href=\"https:\/\/news.google.com\/rss\/articles\/CBMiXkFVX3lxTE8tVzBId0JGcVpSQWJ6UG1XZTB6VjRubTg5UkRwdnRwLV9PS2lZMWZOanhqQmxtT0Jnd1VmTnZwWjhvVVFsZUo1WVR1TUttQWpUTm9TTTc5Mk5xa3lHY0E?oc=5\" target=\"_blank\" rel=\"nofollow noopener\">Drugi konkurs w Klingenthal fatalny dla Polak\u00f3w [ZAPIS RELACJI]<\/a>&nbsp;&nbsp;Sport.pl<\/li>\n<\/ol>\n","protected":false},"excerpt":{"rendered":"Oto kluczowy wniosek po wyst\u0119pie 18-letniego Polaka. Wszyscy o tym m\u00f3wi\u0105&nbsp;&nbsp;Przegl\u0105d Sportowy Onet Szale\u0144stwo w Pucharze \u015awiata! Ale\u017c&hellip;\n","protected":false},"author":2,"featured_media":151390,"comment_status":"","ping_status":"","sticky":false,"template":"","format":"standard","meta":{"footnotes":""},"categories":[5],"tags":[32,33,36,37,27,67,15023,15022,34,35,746,28,31,25,42,38,40,39,41,136,128,24409,47,1874,135,29,30,26,130],"class_list":{"0":"post-151389","1":"post","2":"type-post","3":"status-publish","4":"format-standard","5":"has-post-thumbnail","7":"category-naglowki","8":"tag-breaking-news","9":"tag-breakingnews","10":"tag-featured-news","11":"tag-featurednews","12":"tag-headlines","13":"tag-intextvideo_splayer","14":"tag-kacper_tomasiak","15":"tag-klingenthal","16":"tag-latest-news","17":"tag-latestnews","18":"tag-lysy","19":"tag-naglowki","20":"tag-najwazniejsze-artykuly","21":"tag-news","22":"tag-pl","23":"tag-poland","24":"tag-polish","25":"tag-polska","26":"tag-polski","27":"tag-ps_detal_new","28":"tag-psv2","29":"tag-puchar_swiata","30":"tag-screening_general","31":"tag-skoki_narciarskie","32":"tag-sport_sport","33":"tag-top-stories","34":"tag-topstories","35":"tag-wiadomosci","36":"tag-wiadomosci_sportowe"},"share_on_mastodon":{"url":"https:\/\/pubeurope.com\/@pl\/115722151712522605","error":""},"_links":{"self":[{"href":"https:\/\/www.europesays.com\/pl\/wp-json\/wp\/v2\/posts\/151389","targetHints":{"allow":["GET"]}}],"collection":[{"href":"https:\/\/www.europesays.com\/pl\/wp-json\/wp\/v2\/posts"}],"about":[{"href":"https:\/\/www.europesays.com\/pl\/wp-json\/wp\/v2\/types\/post"}],"author":[{"embeddable":true,"href":"https:\/\/www.europesays.com\/pl\/wp-json\/wp\/v2\/users\/2"}],"replies":[{"embeddable":true,"href":"https:\/\/www.europesays.com\/pl\/wp-json\/wp\/v2\/comments?post=151389"}],"version-history":[{"count":0,"href":"https:\/\/www.europesays.com\/pl\/wp-json\/wp\/v2\/posts\/151389\/revisions"}],"wp:featuredmedia":[{"embeddable":true,"href":"https:\/\/www.europesays.com\/pl\/wp-json\/wp\/v2\/media\/151390"}],"wp:attachment":[{"href":"https:\/\/www.europesays.com\/pl\/wp-json\/wp\/v2\/media?parent=151389"}],"wp:term":[{"taxonomy":"category","embeddable":true,"href":"https:\/\/www.europesays.com\/pl\/wp-json\/wp\/v2\/categories?post=151389"},{"taxonomy":"post_tag","embeddable":true,"href":"https:\/\/www.europesays.com\/pl\/wp-json\/wp\/v2\/tags?post=151389"}],"curies":[{"name":"wp","href":"https:\/\/api.w.org\/{rel}","templated":true}]}}