{"id":15139,"date":"2025-09-25T11:25:10","date_gmt":"2025-09-25T11:25:10","guid":{"rendered":"https:\/\/www.europesays.com\/pl\/15139\/"},"modified":"2025-09-25T11:25:10","modified_gmt":"2025-09-25T11:25:10","slug":"drony-nad-norweskim-lotniskiem-policja-zatrzymala-podejrzanego-onet","status":"publish","type":"post","link":"https:\/\/www.europesays.com\/pl\/15139\/","title":{"rendered":"Drony nad norweskim lotniskiem. Policja zatrzyma\u0142a podejrzanego &#8211; Onet"},"content":{"rendered":"<ol>\n<li><a href=\"https:\/\/news.google.com\/rss\/articles\/CBMiwwFBVV95cUxPaU5HY1JiNlBwRHAxT1RhdUpJNk5pbVpIUm9ZTW1YWHQxQmptN0VrMGczZnB6a3plM29FN2dxbW90bTVfLVh2ak40VTdtaEVDbWp0bVozRjlyMjVQQ0ZKV2ZJdDFuQjEwMUFIMkd6TFAwQUp0Skk0OF84Ujh4SHNpb0hOUnpnTHhLUThraDhvWkFPcVcxc3JpbG9FTmhMdVlwUkFpWG5CUjByUWk4endkVzZEcm5OWlVESG1qbUtRMzk2UjQ?oc=5\" target=\"_blank\" rel=\"nofollow noopener\">Drony nad norweskim lotniskiem. Policja zatrzyma\u0142a podejrzanego<\/a>&nbsp;&nbsp;Onet<\/li>\n<li><a href=\"https:\/\/news.google.com\/rss\/articles\/CBMiqwFBVV95cUxOWTNfYUwzaVdrUzNMcFBJQ2wya0VmaGEzSHJBanExWjFrRzAyd3hNd3lfVUxGeExVWHgxS1JaeGhmaE4wRDJKQjdpYWJTYnlmdUdzdThNcWlybEMxQ0lyR2MxbVBVTFFnUG51aU5xZ3N6YVpoVGJGSjRQMVZTMnZMMHJQY3NXQTBkcExyNV9DRWFLU29yY05qWS1RZU1iSVFXOXdyRWlON25tWmc?oc=5\" target=\"_blank\" rel=\"nofollow noopener\">Drony nad lotniskami w Danii. Policja i rz\u0105d reaguj\u0105. &#8222;Atak hybrydowy&#8221;<\/a>&nbsp;&nbsp;Onet<\/li>\n<li><a href=\"https:\/\/news.google.com\/rss\/articles\/CBMioAFBVV95cUxNbUtpUHAyUUpKTlVmakhIaFJhN3g1QlZHbjNVNlJJS1dZMUx3MHR1ZHBIblFaeENuTE4xOE53bUpkeThXME5RdTJub3FVMWhEYWQtUlBqcFVYV3ZDYmZOdThRa3A5NWxqVlZwTVY2cGZoR2pkLTNaNkh5cUdYVEdaeGJHWHNUYVR5OG1SM0dWUk1QSTMyMkJsaVFneXFxQjdj?oc=5\" target=\"_blank\" rel=\"nofollow noopener\">Drony w pobli\u017cu bazy du\u0144skich my\u015bliwc\u00f3w<\/a>&nbsp;&nbsp;TVN24<\/li>\n<li><a href=\"https:\/\/news.google.com\/rss\/articles\/CBMirwFBVV95cUxQalZzam1vQXBpNG9GNndQX2RST2ZzTVpmV1c2TjNsQmFGTU9HSGtUbU0zbHlRVGJGVVJwSWtYMElaanNzbDM4dVhkRUNUZHVWNm5OT1Jad0ExalRSanRrWlAxN1BiLXppNkVCSElOdTIwMTQ1M0NzTlJES0s2TkNSMnZzVW9ObzE1NUxqMG1CeEJfdEN1YmxDV1Nhdmw0NlBDbzFqRW9yNE9hQnowZjZJ?oc=5\" target=\"_blank\" rel=\"nofollow noopener\">Kolejny kraj NATO rozwa\u017ca si\u0119gni\u0119cie po artyku\u0142 4<\/a>&nbsp;&nbsp;Business Insider Polska<\/li>\n<li><a href=\"https:\/\/news.google.com\/rss\/articles\/CBMinwFBVV95cUxORkRkT2U0eURpV2MwUE5YV19DY1gtT1lPQVZRYXBlODJ3VEVZMUZmZFlsalYwVU9Xc2pIMHByeWNWa085LVBIUnlYdldQZmUwWkdkQXVOYlNaUDVqQ19BRWZMR2NESGJ5aHVhQm93anNaSkhYRHBPT0dYN09GLVRxMTFsYkRFSDZEUVpkYlp6OGdSNWNBc09PV3FpZ2d0ZWc?oc=5\" target=\"_blank\" rel=\"nofollow noopener\">Nocny alarm nad Dani\u0105. Drony zbli\u017cy\u0142y si\u0119 do maszyn NATO<\/a>&nbsp;&nbsp;WP Wiadomo\u015bci<\/li>\n<\/ol>\n","protected":false},"excerpt":{"rendered":"Drony nad norweskim lotniskiem. Policja zatrzyma\u0142a podejrzanego&nbsp;&nbsp;Onet Drony nad lotniskami w Danii. Policja i rz\u0105d reaguj\u0105. &#8222;Atak hybrydowy&#8221;&nbsp;&nbsp;Onet&hellip;\n","protected":false},"author":2,"featured_media":15140,"comment_status":"","ping_status":"","sticky":false,"template":"","format":"standard","meta":{"footnotes":""},"categories":[5],"tags":[32,33,1679,165,36,37,27,34,35,28,31,53,25,4318,52,68,51,55,42,38,40,39,41,47,29,30,65,50,26],"class_list":{"0":"post-15139","1":"post","2":"type-post","3":"status-publish","4":"format-standard","5":"has-post-thumbnail","7":"category-naglowki","8":"tag-breaking-news","9":"tag-breakingnews","10":"tag-det_prem_tst1","11":"tag-drony_dron","12":"tag-featured-news","13":"tag-featurednews","14":"tag-headlines","15":"tag-latest-news","16":"tag-latestnews","17":"tag-naglowki","18":"tag-najwazniejsze-artykuly","19":"tag-new_header","20":"tag-news","21":"tag-norwegia_kraj","22":"tag-onet3","23":"tag-onet3d","24":"tag-onet3d_2i","25":"tag-phx","26":"tag-pl","27":"tag-poland","28":"tag-polish","29":"tag-polska","30":"tag-polski","31":"tag-screening_general","32":"tag-top-stories","33":"tag-topstories","34":"tag-update_me","35":"tag-v2021","36":"tag-wiadomosci"},"share_on_mastodon":{"url":"","error":""},"_links":{"self":[{"href":"https:\/\/www.europesays.com\/pl\/wp-json\/wp\/v2\/posts\/15139","targetHints":{"allow":["GET"]}}],"collection":[{"href":"https:\/\/www.europesays.com\/pl\/wp-json\/wp\/v2\/posts"}],"about":[{"href":"https:\/\/www.europesays.com\/pl\/wp-json\/wp\/v2\/types\/post"}],"author":[{"embeddable":true,"href":"https:\/\/www.europesays.com\/pl\/wp-json\/wp\/v2\/users\/2"}],"replies":[{"embeddable":true,"href":"https:\/\/www.europesays.com\/pl\/wp-json\/wp\/v2\/comments?post=15139"}],"version-history":[{"count":0,"href":"https:\/\/www.europesays.com\/pl\/wp-json\/wp\/v2\/posts\/15139\/revisions"}],"wp:featuredmedia":[{"embeddable":true,"href":"https:\/\/www.europesays.com\/pl\/wp-json\/wp\/v2\/media\/15140"}],"wp:attachment":[{"href":"https:\/\/www.europesays.com\/pl\/wp-json\/wp\/v2\/media?parent=15139"}],"wp:term":[{"taxonomy":"category","embeddable":true,"href":"https:\/\/www.europesays.com\/pl\/wp-json\/wp\/v2\/categories?post=15139"},{"taxonomy":"post_tag","embeddable":true,"href":"https:\/\/www.europesays.com\/pl\/wp-json\/wp\/v2\/tags?post=15139"}],"curies":[{"name":"wp","href":"https:\/\/api.w.org\/{rel}","templated":true}]}}