{"id":151409,"date":"2025-12-15T06:37:07","date_gmt":"2025-12-15T06:37:07","guid":{"rendered":"https:\/\/www.europesays.com\/pl\/151409\/"},"modified":"2025-12-15T06:37:07","modified_gmt":"2025-12-15T06:37:07","slug":"rzecznik-rzadu-o-wspolpracy-z-karolem-nawrockim-jestesmy-gotowi","status":"publish","type":"post","link":"https:\/\/www.europesays.com\/pl\/151409\/","title":{"rendered":"Rzecznik rz\u0105du o wsp\u00f3\u0142pracy z Karolem Nawrockim. &#8222;Jeste\u015bmy gotowi&#8221;"},"content":{"rendered":"<p class=\"ods-c-paragraph \">Rzecznik rz\u0105du pytany by\u0142 w &#8222;Rzeczpospolitej&#8221; o sonda\u017ce, z kt\u00f3rych wynika, \u017ce formacje koalicyjne nie mia\u0142yby wi\u0119kszo\u015bci pozwalaj\u0105cej rz\u0105dzi\u0107, w przeciwie\u0144stwie do PiS, Konfederacji i Konfederacji Korony Polskiej. Jak oceni\u0142 w odpowiedzi, &#8222;PiS z Konfederacj\u0105 i Braunem u w\u0142adzy to najbardziej szkodliwy scenariusz dla Polski, przed kt\u00f3rym trzeba broni\u0107 Polak\u00f3w&#8221;.<\/p>\n<p>Dalszy ci\u0105g artyku\u0142u pod materia\u0142em wideo<\/p>\n<p> Dlaczego rz\u0105d chce wsp\u00f3\u0142pracowa\u0107 z Karolem Nawrockim? <\/p>\n<p> Jakie obietnice wyborcze zosta\u0142y zrealizowane przez rz\u0105d? <\/p>\n<p> Czy liberalizacja prawa aborcyjnego jest mo\u017cliwa? <\/p>\n<p> Jakie s\u0105 relacje Polski z USA wed\u0142ug rzecznika rz\u0105du? <\/p>\n<p>  Rzecznik rz\u0105du o realizacji obietnic wyborczych<\/p>\n<p class=\"ods-c-paragraph \">&#8222;Co do przekroczenia progu wyborczego przez naszych koalicjant\u00f3w \u2014 nie wiadomo, w jakiej konfiguracji p\u00f3jdziemy do wybor\u00f3w w 2027 r. B\u0119dziemy robi\u0107 jeszcze wi\u0119cej przez dwa lata, \u017ceby skrajna prawica nie wygra\u0142a i nie wyprowadzi\u0142a Polski z Unii Europejskiej&#8221; \u2014 zaznaczy\u0142.<\/p>\n<p class=\"ods-c-paragraph \">Dopytywany o niezrealizowane obietnice wyborcze stwierdzi\u0142, \u017ce 1\/3 z nich jest zrealizowana, a wi\u0119kszo\u015b\u0107 jest w trakcie realizacji. Doda\u0142, \u017ce rz\u0105d jest w naturalny spos\u00f3b ograniczony koalicjantami, kt\u00f3rzy maj\u0105 inne pogl\u0105dy, jak PSL i Lewica.<\/p>\n<p>Rzecznik rz\u0105du o liberalizacji prawa aborcyjnego   <\/p>\n<p class=\"ods-c-paragraph \">Odnosz\u0105c si\u0119 do liberalizacji prawa aborcyjnego, oceni\u0142, \u017ce zrealizowanie tego postulatu jest niemo\u017cliwe, &#8222;chocia\u017cby przez zapowied\u017a prezydenta Karola Nawrockiego, \u017ce nic takiego nie podpisze&#8221;.<\/p>\n<p class=\"ods-c-paragraph \">&#8222;Jest komisja w Sejmie, kt\u00f3ra b\u0119dzie wypracowywa\u0107 rozwi\u0105zanie. By\u0142y wytyczne minister Izabeli Leszczyny i ministra Adama Bodnara w tym zakresie, kt\u00f3re te\u017c zmieni\u0142y sytuacj\u0119. Postulat jest aktualny i na pewno b\u0119dziemy przygotowywa\u0107 takie rozwi\u0105zanie, kt\u00f3re b\u0119dzie akceptowane przez ca\u0142\u0105 koalicj\u0119, mimo \u017ce wiemy, \u017ce prezydent Nawrocki b\u0119dzie sypa\u0142 piach w tryby rz\u0105du i wetowa\u0142 dobre i potrzebne rozwi\u0105zania&#8221; \u2014 zaznaczy\u0142.<\/p>\n<p>   Rzecznik rz\u0105du o relacjach Polski z USA<\/p>\n<p class=\"ods-c-paragraph \">Sz\u0142apka pytany o relacje z USA podkre\u015bli\u0142, \u017ce zawsze najwa\u017cniejszy jest interes Polski, a w jej interesie jest to, \u017ceby mia\u0142a siln\u0105 pozycj\u0119 w UE i NATO, kt\u00f3re s\u0105 fundamentem bezpiecze\u0144stwa.<\/p>\n<p class=\"ods-c-paragraph \">&#8222;Wbrew temu, co m\u00f3wi PiS, nie ma sprzeczno\u015bci w dobrych relacjach ze Stanami Zjednoczonymi i w mocnej pozycji w Unii Europejskiej. Przeciwnie, to mog\u0105 by\u0107 relacje sprz\u0119\u017cone. Maj\u0105c mocniejsz\u0105 pozycj\u0119 w Europie, jeste\u015bmy atrakcyjniejszym partnerem dla Amerykan\u00f3w. Maj\u0105c dobre relacje z Amerykanami, mamy mocn\u0105 pozycj\u0119 w Europie&#8221; \u2014 stwierdzi\u0142.<\/p>\n","protected":false},"excerpt":{"rendered":"Rzecznik rz\u0105du pytany by\u0142 w &#8222;Rzeczpospolitej&#8221; o sonda\u017ce, z kt\u00f3rych wynika, \u017ce formacje koalicyjne nie mia\u0142yby wi\u0119kszo\u015bci pozwalaj\u0105cej&hellip;\n","protected":false},"author":2,"featured_media":151410,"comment_status":"","ping_status":"","sticky":false,"template":"","format":"standard","meta":{"footnotes":""},"categories":[12],"tags":[2063,32,33,36,37,27,43,1006,49,34,35,28,31,48,25,46,529,42,38,40,39,41,47,29,30,86,26],"class_list":{"0":"post-151409","1":"post","2":"type-post","3":"status-publish","4":"format-standard","5":"has-post-thumbnail","7":"category-polska","8":"tag-adam_szlapka","9":"tag-breaking-news","10":"tag-breakingnews","11":"tag-featured-news","12":"tag-featurednews","13":"tag-headlines","14":"tag-karol_nawrocki","15":"tag-konfederacja","16":"tag-kraj","17":"tag-latest-news","18":"tag-latestnews","19":"tag-naglowki","20":"tag-najwazniejsze-artykuly","21":"tag-nat_styl","22":"tag-news","23":"tag-omp","24":"tag-pis","25":"tag-pl","26":"tag-poland","27":"tag-polish","28":"tag-polska","29":"tag-polski","30":"tag-screening_general","31":"tag-top-stories","32":"tag-topstories","33":"tag-unia_europejska","34":"tag-wiadomosci"},"share_on_mastodon":{"url":"https:\/\/pubeurope.com\/@pl\/115722206897005461","error":""},"_links":{"self":[{"href":"https:\/\/www.europesays.com\/pl\/wp-json\/wp\/v2\/posts\/151409","targetHints":{"allow":["GET"]}}],"collection":[{"href":"https:\/\/www.europesays.com\/pl\/wp-json\/wp\/v2\/posts"}],"about":[{"href":"https:\/\/www.europesays.com\/pl\/wp-json\/wp\/v2\/types\/post"}],"author":[{"embeddable":true,"href":"https:\/\/www.europesays.com\/pl\/wp-json\/wp\/v2\/users\/2"}],"replies":[{"embeddable":true,"href":"https:\/\/www.europesays.com\/pl\/wp-json\/wp\/v2\/comments?post=151409"}],"version-history":[{"count":0,"href":"https:\/\/www.europesays.com\/pl\/wp-json\/wp\/v2\/posts\/151409\/revisions"}],"wp:featuredmedia":[{"embeddable":true,"href":"https:\/\/www.europesays.com\/pl\/wp-json\/wp\/v2\/media\/151410"}],"wp:attachment":[{"href":"https:\/\/www.europesays.com\/pl\/wp-json\/wp\/v2\/media?parent=151409"}],"wp:term":[{"taxonomy":"category","embeddable":true,"href":"https:\/\/www.europesays.com\/pl\/wp-json\/wp\/v2\/categories?post=151409"},{"taxonomy":"post_tag","embeddable":true,"href":"https:\/\/www.europesays.com\/pl\/wp-json\/wp\/v2\/tags?post=151409"}],"curies":[{"name":"wp","href":"https:\/\/api.w.org\/{rel}","templated":true}]}}