{"id":151411,"date":"2025-12-15T06:38:09","date_gmt":"2025-12-15T06:38:09","guid":{"rendered":"https:\/\/www.europesays.com\/pl\/151411\/"},"modified":"2025-12-15T06:38:09","modified_gmt":"2025-12-15T06:38:09","slug":"najlepszy-wystep-waska-w-sezonie-mowi-wprost-staram-sie-nie-napalac-przeglad-sportowy-onet","status":"publish","type":"post","link":"https:\/\/www.europesays.com\/pl\/151411\/","title":{"rendered":"Najlepszy wyst\u0119p W\u0105ska w sezonie. M\u00f3wi wprost: Staram si\u0119 nie napala\u0107 &#8211; Przegl\u0105d Sportowy Onet"},"content":{"rendered":"<ol>\n<li><a href=\"https:\/\/news.google.com\/rss\/articles\/CBMizwFBVV95cUxPNG1zV0ZxbURIR09sZ2JLeVRGc1k5NEQ0NjhmY3ExUFBVU05tT2lSb2oySTBVVG93NkFHSTF4SjBNNndkMDF5Rkp6cFdrUVNCNEV5MDRWVHlpS05TcXoxTnVBdFdKQlppdjlpeUt4REwtVldmZEc4bVFRM3h2TVBkSUFLOXQ2ejgwRFdYaURzZVIxS09VMVlxZFBOVGNfYjlCbVFxUGFfUDlQZzZhdnphSVc1YXRPdm1xVUx4TEpEMkRCWGhGMnQ0OHRvRlJlZDQ?oc=5\" target=\"_blank\" rel=\"nofollow noopener\">Najlepszy wyst\u0119p W\u0105ska w sezonie. M\u00f3wi wprost: Staram si\u0119 nie napala\u0107<\/a>&nbsp;&nbsp;Przegl\u0105d Sportowy Onet<\/li>\n<li><a href=\"https:\/\/news.google.com\/rss\/articles\/CBMi2gFBVV95cUxQRkRDSFNONkVyLUxYZTFTTHRJWEp3Z04zYVQ3b1RRVTlOMzhSSTY2TFFSZ2JvdWh0WDJ2OVM3MDZtQ1hjRG9BSVN0VXk2cU5aVnNNbDVpa0Q4LTRPaHlZSVVEbWNWZy1EQUJ1aHo2VTBmLWNZMEgtNUJKOUpRYVdwb25LYTZGeTlpd09aMGgxYmN0SWM4TkpXM3pmNUw4QmY2aGZSYWtrTlY4b25tcDAycDI2cFFGVF9NSzZ4VDc4NFFSa3BkVGFnbGZOVDVzYktib3ZUc1lRNUh2UQ?oc=5\" target=\"_blank\" rel=\"nofollow noopener\">Szale\u0144stwo w Pucharze \u015awiata! Ale\u017c walka w czo\u0142\u00f3wce. Katastrofa Polak\u00f3w<\/a>&nbsp;&nbsp;Przegl\u0105d Sportowy Onet<\/li>\n<li><a href=\"https:\/\/news.google.com\/rss\/articles\/CBMiwAFBVV95cUxQU3d2YUR5Vy1hUG95MGtvWndENmtqOTl0QjdaTVNDeFBWZU84NlVUdkVpdHBnaC1EMjQ5ckhFYkxqSE14eFVIWldaS1l4aHE2TWxqMjhBTFVMc1lUWGFSbkpSTWtMNS1WNHNIck4xdlR1bURxTGhxRVdkeVF1V0VtdGFUZHhiNTlmc0FoVklYZ3A4dDJYNnA2YUsxZV9oTWw0RDZlNmFicE5EcnZSZklnVHRwTlRhQkhoczdSM2lhNmM?oc=5\" target=\"_blank\" rel=\"nofollow noopener\">&#8222;Generacja Stocha ju\u017c nie da rady&#8221;. Gor\u0105co w sieci po konkursie skoczk\u00f3w<\/a>&nbsp;&nbsp;SportoweFakty<\/li>\n<li><a href=\"https:\/\/news.google.com\/rss\/articles\/CBMivgFBVV95cUxPR1dseW5NMzBaUXhTM3RvMmhaUTZQbHRVS1U5c3VtdEttYmtSdGFYMzd6akZPdHBJWkJiLTRab0M2VFFkQ2pVQllMOEtCNzlZTE9EUWdiSXdJS0w5U2FtNTFTU3ZlU2RMeU80ZlVjRFhCMGFsSF9nendSTFNZRTd2ME42V3pyd3YtSEJ0R1I5SUJxUmM5ZmFrSFI1QkpLUG9zVkxOWGV1ZFdLeWZ1WEowMVRNRDB4cjNoUVpEeTZR?oc=5\" target=\"_blank\" rel=\"nofollow noopener\">Przerwana seria Kacpra Tomasiaka. S\u0142owa Polaka budz\u0105 niepok\u00f3j<\/a>&nbsp;&nbsp;Sport w INTERIA.PL<\/li>\n<li><a href=\"https:\/\/news.google.com\/rss\/articles\/CBMiXkFVX3lxTE8tVzBId0JGcVpSQWJ6UG1XZTB6VjRubTg5UkRwdnRwLV9PS2lZMWZOanhqQmxtT0Jnd1VmTnZwWjhvVVFsZUo1WVR1TUttQWpUTm9TTTc5Mk5xa3lHY0E?oc=5\" target=\"_blank\" rel=\"nofollow noopener\">Drugi konkurs w Klingenthal fatalny dla Polak\u00f3w [ZAPIS RELACJI]<\/a>&nbsp;&nbsp;Sport.pl<\/li>\n<\/ol>\n","protected":false},"excerpt":{"rendered":"Najlepszy wyst\u0119p W\u0105ska w sezonie. M\u00f3wi wprost: Staram si\u0119 nie napala\u0107&nbsp;&nbsp;Przegl\u0105d Sportowy Onet Szale\u0144stwo w Pucharze \u015awiata! Ale\u017c&hellip;\n","protected":false},"author":2,"featured_media":151412,"comment_status":"","ping_status":"","sticky":false,"template":"","format":"standard","meta":{"footnotes":""},"categories":[5],"tags":[32,33,36,37,27,67,15022,34,35,28,31,25,14480,42,38,40,39,41,136,128,47,1874,135,29,30,26],"class_list":{"0":"post-151411","1":"post","2":"type-post","3":"status-publish","4":"format-standard","5":"has-post-thumbnail","7":"category-naglowki","8":"tag-breaking-news","9":"tag-breakingnews","10":"tag-featured-news","11":"tag-featurednews","12":"tag-headlines","13":"tag-intextvideo_splayer","14":"tag-klingenthal","15":"tag-latest-news","16":"tag-latestnews","17":"tag-naglowki","18":"tag-najwazniejsze-artykuly","19":"tag-news","20":"tag-pawel_wasek","21":"tag-pl","22":"tag-poland","23":"tag-polish","24":"tag-polska","25":"tag-polski","26":"tag-ps_detal_new","27":"tag-psv2","28":"tag-screening_general","29":"tag-skoki_narciarskie","30":"tag-sport_sport","31":"tag-top-stories","32":"tag-topstories","33":"tag-wiadomosci"},"share_on_mastodon":{"url":"https:\/\/pubeurope.com\/@pl\/115722210834779487","error":""},"_links":{"self":[{"href":"https:\/\/www.europesays.com\/pl\/wp-json\/wp\/v2\/posts\/151411","targetHints":{"allow":["GET"]}}],"collection":[{"href":"https:\/\/www.europesays.com\/pl\/wp-json\/wp\/v2\/posts"}],"about":[{"href":"https:\/\/www.europesays.com\/pl\/wp-json\/wp\/v2\/types\/post"}],"author":[{"embeddable":true,"href":"https:\/\/www.europesays.com\/pl\/wp-json\/wp\/v2\/users\/2"}],"replies":[{"embeddable":true,"href":"https:\/\/www.europesays.com\/pl\/wp-json\/wp\/v2\/comments?post=151411"}],"version-history":[{"count":0,"href":"https:\/\/www.europesays.com\/pl\/wp-json\/wp\/v2\/posts\/151411\/revisions"}],"wp:featuredmedia":[{"embeddable":true,"href":"https:\/\/www.europesays.com\/pl\/wp-json\/wp\/v2\/media\/151412"}],"wp:attachment":[{"href":"https:\/\/www.europesays.com\/pl\/wp-json\/wp\/v2\/media?parent=151411"}],"wp:term":[{"taxonomy":"category","embeddable":true,"href":"https:\/\/www.europesays.com\/pl\/wp-json\/wp\/v2\/categories?post=151411"},{"taxonomy":"post_tag","embeddable":true,"href":"https:\/\/www.europesays.com\/pl\/wp-json\/wp\/v2\/tags?post=151411"}],"curies":[{"name":"wp","href":"https:\/\/api.w.org\/{rel}","templated":true}]}}