{"id":151432,"date":"2025-12-15T06:51:10","date_gmt":"2025-12-15T06:51:10","guid":{"rendered":"https:\/\/www.europesays.com\/pl\/151432\/"},"modified":"2025-12-15T06:51:10","modified_gmt":"2025-12-15T06:51:10","slug":"rekord-polskiej-zbrojeniowki-dobre-perspektywy-przed-sektorem","status":"publish","type":"post","link":"https:\/\/www.europesays.com\/pl\/151432\/","title":{"rendered":"Rekord polskiej zbrojeni\u00f3wki. Dobre perspektywy przed sektorem"},"content":{"rendered":"<p class=\"Paragraph_desktopParagraph__U31Gm\">Dziennik wskazuje, \u017ce w 2025 r. opr\u00f3cz wielkich zagranicznych koncern\u00f3w, polski rynek zdominowa\u0142y dwa rodzime podmioty: pa\u0144stwowa Polska Grupa Zbrojeniowa i prywatna Grupa WB, w kt\u00f3rej jednak udzia\u0142y ma tak\u017ce Polski Fundusz Rozwoju.<\/p>\n<p class=\"VideoPlayerText_videoPlayerText__iDwyz\">Dalszy ci\u0105g materia\u0142u pod wideo<\/p>\n<p class=\"Paragraph_desktopParagraph__U31Gm\">Jak poinformowa\u0142o &#8222;Rz&#8221; Biuro Komunikacji i Relacji Zewn\u0119trznych PGZ, zastrzegaj\u0105c jednak, \u017ce s\u0105 to prognozy, przychody Polskiej Grupy Zbrojeniowej w 2025 r. si\u0119gn\u0105 warto\u015bci 20 mld z\u0142, a zysk netto oko\u0142o 2,5 mld z\u0142. &#8222;W 2024 r. przychody PGZ wynios\u0142y 13,9 mld z\u0142, co oznacza, \u017ce w 2025 r. wzrosn\u0105 o ponad 40 proc. Dla por\u00f3wnania, w 2021 r., przed inwazj\u0105 Rosji na Ukrain\u0119, by\u0142o to nieco ponad 6 mld z\u0142&#8221; \u2014 pisze &#8222;Rz&#8221;.<\/p>\n<ul class=\"OchatFollowUps_wrapper__1ry7X\">\n<li class=\"OchatFollowUps_item__Dhyly OchatFollowUps_itemDesktop__R6aBv\">Jakie by\u0142y przychody polskiego przemys\u0142u obronnego w 2025 roku?<\/li>\n<li class=\"OchatFollowUps_item__Dhyly OchatFollowUps_itemDesktop__R6aBv\">Kt\u00f3re firmy dominuj\u0105 na polskim rynku zbrojeniowym?<\/li>\n<li class=\"OchatFollowUps_item__Dhyly OchatFollowUps_itemDesktop__R6aBv\">Jakie przychody prognozowane s\u0105 dla Polskiej Grupy Zbrojeniowej na 2025 rok?<\/li>\n<li class=\"OchatFollowUps_item__Dhyly OchatFollowUps_itemDesktop__R6aBv\">Ile wynios\u0142y przychody Grupy WB w 2024 roku?<\/li>\n<\/ul>\n<p class=\"Paragraph_desktopParagraph__U31Gm\">W ocenie dziennika najwi\u0119kszy polski prywatny podmiot zbrojeniowy \u2014 Grupa WB \u2014 r\u00f3wnie\u017c powinien zwi\u0119kszy\u0107 przychody o kilkadziesi\u0105t proc.<\/p>\n<p class=\"Paragraph_desktopParagraph__U31Gm\">&#8222;W 2024 r. wynios\u0142y one 3 mld z\u0142. Co istotne, prawie 40 proc. wp\u0142yw\u00f3w pochodzi\u0142o z eksportu. Wed\u0142ug szacunk\u00f3w &#8222;Rz&#8221; przychody w 2025 r. b\u0119d\u0105 wi\u0119ksze o ponad 40 proc. i wynios\u0105 ok. 4,3 mld z\u0142&#8221; \u2014 wyja\u015bnia. Jak dodaje, w 2021 r. przychody sp\u00f3\u0142ki wynios\u0142y ok. 340 mln z\u0142, co oznacza, \u017ce w ci\u0105gu czterech lat zwi\u0119ksz\u0105 si\u0119 one 12-krotnie.<\/p>\n","protected":false},"excerpt":{"rendered":"Dziennik wskazuje, \u017ce w 2025 r. opr\u00f3cz wielkich zagranicznych koncern\u00f3w, polski rynek zdominowa\u0142y dwa rodzime podmioty: pa\u0144stwowa Polska&hellip;\n","protected":false},"author":2,"featured_media":151433,"comment_status":"","ping_status":"","sticky":false,"template":"","format":"standard","meta":{"footnotes":""},"categories":[12],"tags":[32,33,105,36,37,27,67,34,35,28,31,53,25,52,68,51,16702,55,42,38,40,39,41,47,29,30,65,50,26,711],"class_list":{"0":"post-151432","1":"post","2":"type-post","3":"status-publish","4":"format-standard","5":"has-post-thumbnail","7":"category-polska","8":"tag-breaking-news","9":"tag-breakingnews","10":"tag-ekonomia","11":"tag-featured-news","12":"tag-featurednews","13":"tag-headlines","14":"tag-intextvideo_splayer","15":"tag-latest-news","16":"tag-latestnews","17":"tag-naglowki","18":"tag-najwazniejsze-artykuly","19":"tag-new_header","20":"tag-news","21":"tag-onet3","22":"tag-onet3d","23":"tag-onet3d_2i","24":"tag-pgz_polska_grupa_zbrojeniowa","25":"tag-phx","26":"tag-pl","27":"tag-poland","28":"tag-polish","29":"tag-polska","30":"tag-polski","31":"tag-screening_general","32":"tag-top-stories","33":"tag-topstories","34":"tag-update_me","35":"tag-v2021","36":"tag-wiadomosci","37":"tag-wojsko_sily_zbrojne_armia"},"share_on_mastodon":{"url":"https:\/\/pubeurope.com\/@pl\/115722261907292255","error":""},"_links":{"self":[{"href":"https:\/\/www.europesays.com\/pl\/wp-json\/wp\/v2\/posts\/151432","targetHints":{"allow":["GET"]}}],"collection":[{"href":"https:\/\/www.europesays.com\/pl\/wp-json\/wp\/v2\/posts"}],"about":[{"href":"https:\/\/www.europesays.com\/pl\/wp-json\/wp\/v2\/types\/post"}],"author":[{"embeddable":true,"href":"https:\/\/www.europesays.com\/pl\/wp-json\/wp\/v2\/users\/2"}],"replies":[{"embeddable":true,"href":"https:\/\/www.europesays.com\/pl\/wp-json\/wp\/v2\/comments?post=151432"}],"version-history":[{"count":0,"href":"https:\/\/www.europesays.com\/pl\/wp-json\/wp\/v2\/posts\/151432\/revisions"}],"wp:featuredmedia":[{"embeddable":true,"href":"https:\/\/www.europesays.com\/pl\/wp-json\/wp\/v2\/media\/151433"}],"wp:attachment":[{"href":"https:\/\/www.europesays.com\/pl\/wp-json\/wp\/v2\/media?parent=151432"}],"wp:term":[{"taxonomy":"category","embeddable":true,"href":"https:\/\/www.europesays.com\/pl\/wp-json\/wp\/v2\/categories?post=151432"},{"taxonomy":"post_tag","embeddable":true,"href":"https:\/\/www.europesays.com\/pl\/wp-json\/wp\/v2\/tags?post=151432"}],"curies":[{"name":"wp","href":"https:\/\/api.w.org\/{rel}","templated":true}]}}