{"id":151446,"date":"2025-12-15T07:00:09","date_gmt":"2025-12-15T07:00:09","guid":{"rendered":"https:\/\/www.europesays.com\/pl\/151446\/"},"modified":"2025-12-15T07:00:09","modified_gmt":"2025-12-15T07:00:09","slug":"ms-w-darcie-sebastian-bialecki-przegral-w-pieciu-setach-ze-stephenem-buntingiem-sport-tvp-pl","status":"publish","type":"post","link":"https:\/\/www.europesays.com\/pl\/151446\/","title":{"rendered":"M\u015a w darcie. Sebastian Bia\u0142ecki przegra\u0142 w pi\u0119ciu setach ze Stephenem Buntingiem &#8211; sport.tvp.pl"},"content":{"rendered":"<ol>\n<li><a href=\"https:\/\/news.google.com\/rss\/articles\/CBMirwFBVV95cUxPa1B1OTJYcl9OcFpkZTdmVEdHQXBWVWhjLW9pSEw4M1BVcUFDelZqTlVvT1ZsdUpuOERseW9yLTFMQ0dOVnRKWVN0dDdrWHBzNGo0Vmh5LVE4QVo3OUNaaGVHNUVQMXFtUUN3UmNPUWVJYXljWkxZX0ZELWJwMlFhU25STU0ydVV1VHpoWHh2cU94WnROTGNtZjRja181LWpqMlctVk1PWEdoUU03OWZv0gG0AUFVX3lxTE5oNEVDaVZNZ0pnZkdsMDFOcnV6WmpEcUhEcnBjYTRWZUl4YWtXdVBkNGhFNWV2Q2IwYUdMWU9ubUlRUDJncVlYWkdnMFNEME9GU3EtUm1GQThiYXEwX0VTODBnaEZWZ3dwUUpvTF9MbHhLb3hfNkVRcGNiakFLclgxc0FIOF9pNHRkWmZVUzh3VlJVUEZMdlMySzBrOTJxZWVCSG9aa21DN0F6MWg4cUNDU1FDVg?oc=5\" target=\"_blank\" rel=\"nofollow noopener\">M\u015a w darcie. Sebastian Bia\u0142ecki przegra\u0142 w pi\u0119ciu setach ze Stephenem Buntingiem<\/a>&nbsp;&nbsp;sport.tvp.pl<\/li>\n<li><a href=\"https:\/\/news.google.com\/rss\/articles\/CBMi0gFBVV95cUxQYnBMbmpON3VBUHlrTE96UkxINnpveVE0WHhtZ2FnYVhiUGxtMndzNElTd2N6YlpTMmllLWprSjVVeGVhdy0zS1RKaExYV1NwbmoycUdTUmo4XzhoR1d4R3JnM2J1dnA5OE4ydWF5aDZLekJCSnI2eFFYaEVIMlhlME1yMGsyWDRlQXhWVnhadFZhMG5wNmpZbnFVTEVia2VwR1MwaUo0emhmNk4xd1dQNXN3SWtVLVNrMVFpQUR3bVhoOXp1cDJwS2NlRGZxWGprT2fSAdcBQVVfeXFMTlRRTGNBbjhwLUctd0NrRzhqeWVuN01VbGdZejdDeXlUZzBvWm1LLXRfVjdlaEJ6NlMxZ3dmT1I3R3lWTmU0c1JyQzhCR0NFcGtId2Z6cFZBZG9qVF9xOHFVTDFEa1ZQY2ZuekJfa0dZdDZQM2JubmNfdm1FX2loV3BmZVEyV01sNTVzWXdJeU92aEI2QzNESDhSbnlSVEZKVXhTRkN3MlFteTN3TWJzZ0xUTDhpcnFjTTRnSlVzQWtnUjk5Q2lSeXVVVUNJRWJha3pMNFpBNWM?oc=5\" target=\"_blank\" rel=\"nofollow noopener\">Dart, mistrzostwa \u015bwiata PDC \u2013 4. dzie\u0144, sesja wieczorna (1. runda). Transmisja online na \u017cywo w TVP Sport (14.12.2025)<\/a>&nbsp;&nbsp;sport.tvp.pl<\/li>\n<li><a href=\"https:\/\/news.google.com\/rss\/articles\/CBMipwFBVV95cUxQRVdGMzJRZVBlakpsT3ZiMGRvejRNNHBnak9MdnJaRkJQNXZRSzRFQ2RZZlk5LTlKeE5QQTJRM1NSXzFCM000UmtsSlU0Z3BMd0N4R1l1UnpxdzBVbmZwVmRYNndWTU9ab0pXNndqNFV6RXl1SmxDbWZWaGJiV1drZEZMckdGemZQam9ZSzJNU3NRSjVHb3FBMmhsSkV2ZFNyMGdaazRYWQ?oc=5\" target=\"_blank\" rel=\"nofollow noopener\">Ale\u017c szkoda! Sebastian Bia\u0142ecki o krok od sensacji na M\u015a w darcie!<\/a>&nbsp;&nbsp;SportoweFakty<\/li>\n<li><a href=\"https:\/\/news.google.com\/rss\/articles\/CBMiwAFBVV95cUxQR0pubHVZWW1hLU14UF9GU2J6ZWd5MnQ0TFF6REQtdTBMMXNfZkdwa1NoSXNhYlNzbXpnSmVLQmM3bV90cldiX3BSaTdRVE1PWl9aX2VhMkl0akxscFREajFzTmVQdkNvWjZDNjYxdUJPVUplY3hoRUdGREp5enFiaXJxQTNoVGV4WmlPdXN1T0E2Mm5QX2ZRUk5rWDUydnN6MDZid1l6TV9RdWRiOWFoZnNoM0l5b2p3cm9ZZk1fcXU?oc=5\" target=\"_blank\" rel=\"nofollow noopener\">Polak przegrywa\u0142 ju\u017c 0-2, a p\u00f3\u017aniej sta\u0142o si\u0119 to. Szale\u0144stwo na mistrzostwach \u015bwiata<\/a>&nbsp;&nbsp;Meczyki.pl<\/li>\n<li><a href=\"https:\/\/news.google.com\/rss\/articles\/CBMi1wFBVV95cUxOajJlVkhRNWNlYm1pRDZTeUh5LTI3UnV5TTA2amdhQmtuUndYbm1nWFFmdUpIWmVnOUtGbDMxdWNoT1F0RWxfc25jZEllNVZidTBkN0F5Z1lIQzZpRlNZT3NLSUhiMlFSV0xSb0lsQ3JkUlVERHFrbzlwMnkzWTJWcXFDSGt2Y2dhdDE4MTI3NGdzQlY2TkRqcXc1VTRVNlBIU1AzRVZpa1hXMWU5R3hvYUVHVVgxRjNONk1BTlNzOVBZSkJYVWpfYUZQWGpyNHMzSjBfMEM2cw?oc=5\" target=\"_blank\" rel=\"nofollow noopener\">M\u015a w darcie: Sebastian Bia\u0142ecki &#8211; Stephen Bunting. Relacja na \u017cywo<\/a>&nbsp;&nbsp;www.polsatsport.pl<\/li>\n<\/ol>\n","protected":false},"excerpt":{"rendered":"M\u015a w darcie. Sebastian Bia\u0142ecki przegra\u0142 w pi\u0119ciu setach ze Stephenem Buntingiem&nbsp;&nbsp;sport.tvp.pl Dart, mistrzostwa \u015bwiata PDC \u2013 4.&hellip;\n","protected":false},"author":2,"featured_media":151447,"comment_status":"","ping_status":"","sticky":false,"template":"","format":"standard","meta":{"footnotes":""},"categories":[24],"tags":[25321,30049,42,38,40,39,41,25323,127,334,126,30473],"class_list":{"0":"post-151446","1":"post","2":"type-post","3":"status-publish","4":"format-standard","5":"has-post-thumbnail","7":"category-sport","8":"tag-dart","9":"tag-ms-w-darcie","10":"tag-pl","11":"tag-poland","12":"tag-polish","13":"tag-polska","14":"tag-polski","15":"tag-sebastian-bialecki","16":"tag-sport","17":"tag-sport-tvp-pl","18":"tag-sports","19":"tag-stephen-bunting"},"share_on_mastodon":{"url":"https:\/\/pubeurope.com\/@pl\/115722297359355799","error":""},"_links":{"self":[{"href":"https:\/\/www.europesays.com\/pl\/wp-json\/wp\/v2\/posts\/151446","targetHints":{"allow":["GET"]}}],"collection":[{"href":"https:\/\/www.europesays.com\/pl\/wp-json\/wp\/v2\/posts"}],"about":[{"href":"https:\/\/www.europesays.com\/pl\/wp-json\/wp\/v2\/types\/post"}],"author":[{"embeddable":true,"href":"https:\/\/www.europesays.com\/pl\/wp-json\/wp\/v2\/users\/2"}],"replies":[{"embeddable":true,"href":"https:\/\/www.europesays.com\/pl\/wp-json\/wp\/v2\/comments?post=151446"}],"version-history":[{"count":0,"href":"https:\/\/www.europesays.com\/pl\/wp-json\/wp\/v2\/posts\/151446\/revisions"}],"wp:featuredmedia":[{"embeddable":true,"href":"https:\/\/www.europesays.com\/pl\/wp-json\/wp\/v2\/media\/151447"}],"wp:attachment":[{"href":"https:\/\/www.europesays.com\/pl\/wp-json\/wp\/v2\/media?parent=151446"}],"wp:term":[{"taxonomy":"category","embeddable":true,"href":"https:\/\/www.europesays.com\/pl\/wp-json\/wp\/v2\/categories?post=151446"},{"taxonomy":"post_tag","embeddable":true,"href":"https:\/\/www.europesays.com\/pl\/wp-json\/wp\/v2\/tags?post=151446"}],"curies":[{"name":"wp","href":"https:\/\/api.w.org\/{rel}","templated":true}]}}