{"id":151452,"date":"2025-12-15T07:04:09","date_gmt":"2025-12-15T07:04:09","guid":{"rendered":"https:\/\/www.europesays.com\/pl\/151452\/"},"modified":"2025-12-15T07:04:09","modified_gmt":"2025-12-15T07:04:09","slug":"anthony-albanese-reaguje-po-ataku-w-sydney-zapowiada-zmiany-w-przepisach","status":"publish","type":"post","link":"https:\/\/www.europesays.com\/pl\/151452\/","title":{"rendered":"Anthony Albanese reaguje po ataku w Sydney. Zapowiada zmiany w przepisach"},"content":{"rendered":"<p class=\"ods-c-paragraph \">Policja potwierdzi\u0142a, \u017ce jeden z napastnik\u00f3w legalnie posiada\u0142 sze\u015b\u0107 sztuk broni palnej. Albanese zapowiedzia\u0142, \u017ce zaproponuje nowe ograniczenia, w tym ograniczenie liczby broni, jak\u0105 mo\u017ce uzyska\u0107 posiadacz pozwolenia. \u2014 Rz\u0105d jest gotowy podj\u0105\u0107 wszelkie niezb\u0119dne dzia\u0142ania. Obejmuje to potrzeb\u0119 zaostrzenia przepis\u00f3w dotycz\u0105cych broni palnej \u2014 o\u015bwiadczy\u0142 Albanese. Zapowiedzia\u0142 te\u017c przegl\u0105d wydanych do tej pory pozwole\u0144 na bro\u0144.<\/p>\n<p>Dalszy ci\u0105g artyku\u0142u pod materia\u0142em wideo<\/p>\n<p> Jakie zmiany w przepisach dotycz\u0105cych broni palnej zaproponowa\u0142 premier Australii? <\/p>\n<p> Ile os\u00f3b zgin\u0119\u0142o w zamachu na pla\u017cy Bondi? <\/p>\n<p> Kto by\u0142 sprawc\u0105 strzelaniny w Sydney? <\/p>\n<p> Dlaczego premier Albanese uwa\u017ca, \u017ce pozwolenia na bro\u0144 nie powinny by\u0107 wydawane na zawsze? <\/p>\n<p class=\"ods-c-paragraph \">\u2014 Sytuacja mo\u017ce si\u0119 zmienia\u0107. Ludzie mog\u0105 ulec radykalizacji z biegiem czasu. Pozwolenia nie powinny by\u0107 wydawane na zawsze \u2014 doda\u0142.<\/p>\n<p>   Atak terrorystyczny na pla\u017cy w Sydney<\/p>\n<p class=\"ods-c-paragraph \"><a href=\"https:\/\/wiadomosci.onet.pl\/swiat\/atak-terrorystyczny-na-plazy-w-sydney-jest-wiele-ofiar-smiertelnych\/lcnb6zb\" id=\"948e089e-9cf8-446c-a19e-e7389dd2c863\" rel=\"nofollow noopener\" target=\"_blank\">W niedzielnym ataku na pla\u017cy Bondi w Sydney zgin\u0119\u0142o 15 os\u00f3b <\/a>oraz jeden z napastnik\u00f3w, a 42 osoby zosta\u0142y ranne. Sprawcami strzelaniny byli ojciec i syn. Do zamachu dosz\u0142o w momencie, kiedy zebrani na pla\u017cy australijscy \u017bydzi przyst\u0105pili do zapalania chanukowej \u015bwiecy.<\/p>\n<p class=\"ods-c-paragraph \">By\u0142a to najtragiczniejsza w skutkach strzelanina w tym kraju od niemal trzech dekad. Australia jest krajem, w kt\u00f3rym obowi\u0105zuj\u0105 do\u015b\u0107 surowe przepisy dotycz\u0105ce kontroli broni, maj\u0105ce na celu przede wszystkim wyeliminowanie z obiegu broni szybkostrzelnej.<\/p>\n<p class=\"ods-c-paragraph \">Strzelanina na popularnej pla\u017cy, kt\u00f3r\u0105 premier Albanese okre\u015bli\u0142 jako atak terrorystyczny, zszokowa\u0142a i pogr\u0105\u017cy\u0142a w \u017ca\u0142obie Australijczyk\u00f3w \u2014 pisze AP.<\/p>\n","protected":false},"excerpt":{"rendered":"Policja potwierdzi\u0142a, \u017ce jeden z napastnik\u00f3w legalnie posiada\u0142 sze\u015b\u0107 sztuk broni palnej. Albanese zapowiedzia\u0142, \u017ce zaproponuje nowe ograniczenia,&hellip;\n","protected":false},"author":2,"featured_media":151453,"comment_status":"","ping_status":"","sticky":false,"template":"","format":"standard","meta":{"footnotes":""},"categories":[14],"tags":[15672,744,995,32,33,24083,27,34,35,28,31,48,25,46,40,41,1365,47,1277,80,30241,29,30,26,82,83,84],"class_list":{"0":"post-151452","1":"post","2":"type-post","3":"status-publish","4":"format-standard","5":"has-post-thumbnail","7":"category-swiat","8":"tag-anthony_albanese","9":"tag-atak","10":"tag-australia","11":"tag-breaking-news","12":"tag-breakingnews","13":"tag-bron_amunicja","14":"tag-headlines","15":"tag-latest-news","16":"tag-latestnews","17":"tag-naglowki","18":"tag-najwazniejsze-artykuly","19":"tag-nat_styl","20":"tag-news","21":"tag-omp","22":"tag-polish","23":"tag-polski","24":"tag-przepisy","25":"tag-screening_general","26":"tag-strzelanina","27":"tag-swiat","28":"tag-sydney","29":"tag-top-stories","30":"tag-topstories","31":"tag-wiadomosci","32":"tag-world","33":"tag-world-news","34":"tag-worldnews"},"share_on_mastodon":{"url":"https:\/\/pubeurope.com\/@pl\/115722313100251637","error":""},"_links":{"self":[{"href":"https:\/\/www.europesays.com\/pl\/wp-json\/wp\/v2\/posts\/151452","targetHints":{"allow":["GET"]}}],"collection":[{"href":"https:\/\/www.europesays.com\/pl\/wp-json\/wp\/v2\/posts"}],"about":[{"href":"https:\/\/www.europesays.com\/pl\/wp-json\/wp\/v2\/types\/post"}],"author":[{"embeddable":true,"href":"https:\/\/www.europesays.com\/pl\/wp-json\/wp\/v2\/users\/2"}],"replies":[{"embeddable":true,"href":"https:\/\/www.europesays.com\/pl\/wp-json\/wp\/v2\/comments?post=151452"}],"version-history":[{"count":0,"href":"https:\/\/www.europesays.com\/pl\/wp-json\/wp\/v2\/posts\/151452\/revisions"}],"wp:featuredmedia":[{"embeddable":true,"href":"https:\/\/www.europesays.com\/pl\/wp-json\/wp\/v2\/media\/151453"}],"wp:attachment":[{"href":"https:\/\/www.europesays.com\/pl\/wp-json\/wp\/v2\/media?parent=151452"}],"wp:term":[{"taxonomy":"category","embeddable":true,"href":"https:\/\/www.europesays.com\/pl\/wp-json\/wp\/v2\/categories?post=151452"},{"taxonomy":"post_tag","embeddable":true,"href":"https:\/\/www.europesays.com\/pl\/wp-json\/wp\/v2\/tags?post=151452"}],"curies":[{"name":"wp","href":"https:\/\/api.w.org\/{rel}","templated":true}]}}