{"id":151467,"date":"2025-12-15T07:15:23","date_gmt":"2025-12-15T07:15:23","guid":{"rendered":"https:\/\/www.europesays.com\/pl\/151467\/"},"modified":"2025-12-15T07:15:23","modified_gmt":"2025-12-15T07:15:23","slug":"krzysztof-i-joanna-cugowscy-sa-razem-od-30-lat-milosc-od-pierwszego-wejrzenia-2","status":"publish","type":"post","link":"https:\/\/www.europesays.com\/pl\/151467\/","title":{"rendered":"Krzysztof i Joanna Cugowscy s\u0105 razem od 30 lat. &#8222;Mi\u0142o\u015b\u0107 od pierwszego wejrzenia&#8221;"},"content":{"rendered":"<p class=\"Paragraph_desktopParagraph__U31Gm\"><a href=\"https:\/\/plejada.pl\/temat\/krzysztof-cugowski-muzyk\/e1w9mg1\" id=\"72bdf984-1593-49c9-b4c4-07e063e8958d\" rel=\"nofollow noopener\" target=\"_blank\">Krzysztof Cugowski<\/a> by\u0142 \u017conaty dwukrotnie. Z pierwsz\u0105 \u017con\u0105, Ma\u0142gorzat\u0105, doczeka\u0142 si\u0119 dw\u00f3ch syn\u00f3w \u2013 <a href=\"https:\/\/plejada.pl\/temat\/wojciech-cugowski\/ry5mrfr\" id=\"5149ae2a-5db6-4107-8691-ccff36ba037b\" rel=\"nofollow noopener\" target=\"_blank\">Wojciecha<\/a>, urodzonego w 1976 r. oraz <a href=\"https:\/\/plejada.pl\/temat\/piotr-cugowski\/h01gqed\" id=\"6710bb8c-d56e-4a26-947f-9bf496f290aa\" rel=\"nofollow noopener\" target=\"_blank\">Piotra<\/a>, kt\u00f3ry przyszed\u0142 na \u015bwiat trzy lata p\u00f3\u017aniej. Ich ma\u0142\u017ce\u0144stwo, zawarte w latach 70., zawsze pozostawa\u0142o w cieniu, bo artysta konsekwentnie oddziela\u0142 \u017cycie prywatne od scenicznej kariery z <a href=\"https:\/\/plejada.pl\/temat\/budka-suflera\/7vcfpwp\" id=\"2c6837fd-3e50-4d3b-8526-85e70a920f0d\" rel=\"nofollow noopener\" target=\"_blank\">Budk\u0105 Suflera<\/a>.<\/p>\n<p class=\"Paragraph_desktopParagraph__U31Gm\">Prawdziwy prze\u0142om w \u017cyciu artysty przyszed\u0142 na pocz\u0105tku lat 90. Podczas trasy koncertowej Budki Suflera w Stanach Zjednoczonych Krzysztof Cugowski pozna\u0142 Joann\u0119 \u2013 m\u0142odsz\u0105 od niego o 15 lat kobiet\u0119, kt\u00f3ra ca\u0142kowicie odmieni\u0142a jego \u017cycie. P\u0142omie\u0144 uczucia by\u0142 natychmiastowy i nie do zignorowania. Po powrocie do Polski zauroczenie tylko si\u0119 pog\u0142\u0119bia\u0142o: d\u0142ugie rozmowy telefoniczne, t\u0119sknota i potrzeba blisko\u015bci doprowadzi\u0142y do trudnej, ale szczerej decyzji. Muzyk postawi\u0142 wszystko na jedn\u0105 kart\u0119, odchodz\u0105c z ma\u0142\u017ce\u0144stwa i zabieraj\u0105c ze sob\u0105 jedynie walizk\u0119 z dokumentami. Wprost powiedzia\u0142 \u017conie, \u017ce zakocha\u0142 si\u0119 w innej kobiecie.<\/p>\n<ul class=\"OchatFollowUps_wrapper__1ry7X\">\n<li class=\"OchatFollowUps_item__Dhyly OchatFollowUps_itemDesktop__R6aBv\">Kiedy Krzysztof Cugowski pozna\u0142 Joann\u0119?<\/li>\n<li class=\"OchatFollowUps_item__Dhyly OchatFollowUps_itemDesktop__R6aBv\">Ile lat maj\u0105 synowie Krzysztofa Cugowskiego?<\/li>\n<li class=\"OchatFollowUps_item__Dhyly OchatFollowUps_itemDesktop__R6aBv\">Co Krzysztof Cugowski my\u015bli o \u015bpiewaniu kol\u0119d?<\/li>\n<li class=\"OchatFollowUps_item__Dhyly OchatFollowUps_itemDesktop__R6aBv\">Jak Joanna Cugowska opisuje swoje przygotowania do \u015bwi\u0105t?<\/li>\n<\/ul>\n<p>Krzysztof i Joanna Cugowscy s\u0105 razem od 30 lat.  &#8222;To by\u0142a mi\u0142o\u015b\u0107 od pierwszego wejrzenia&#8221; <\/p>\n<p class=\"Paragraph_desktopParagraph__U31Gm\">Dzi\u015b wiadomo, \u017ce to by\u0142 krok w dobr\u0105 stron\u0119. Krzysztof i Joanna Cugowscy s\u0105 razem od ponad 30 lat i wsp\u00f3lnie wychowali syna Chrisa, kt\u00f3ry ma ju\u017c 27 lat. O swojej historii, poznaniu si\u0119 i recepcie na udany zwi\u0105zek opowiedzieli w &#8222;Dzie\u0144 dobry TVN&#8221;. W rozmowie z <a href=\"https:\/\/plejada.pl\/temat\/damian-michalowski\/etvgypt\" id=\"f8f1095e-da4f-4fa3-a634-23ec8a52a4a1\" rel=\"nofollow noopener\" target=\"_blank\">Damianem Micha\u0142owskim<\/a> i <a href=\"https:\/\/plejada.pl\/temat\/paulina-krupinska\/blrkwd9\" id=\"cb3bd91e-a406-4569-9fde-d999f33243c3\" rel=\"nofollow noopener\" target=\"_blank\">Paulin\u0105 Krupi\u0144sk\u0105<\/a> Joanna Cugowska zdradzi\u0142a, jak dosz\u0142o do ich pierwszego spotkania:<\/p>\n<blockquote>\n<p class=\"Paragraph_desktopParagraph__U31Gm\">Polonia zamieszkiwa\u0142a mniej wi\u0119cej te same regiony. Ja mieszka\u0142am wtedy w Stanach na sta\u0142e. Jak przyje\u017cd\u017ca\u0142y jakie\u015b zespo\u0142y, jaki\u015b wokalista, jak si\u0119 chcia\u0142o pos\u0142ucha\u0107, to sz\u0142o si\u0119 w pewne miejsca. My\u015bmy si\u0119 poznali przez wsp\u00f3ln\u0105 znajom\u0105. Potem by\u0142am na paru koncertach. Ma\u0142o zna\u0142am tw\u00f3rczo\u015b\u0107, nie by\u0142am fank\u0105<\/p>\n<\/blockquote>\n<p class=\"Paragraph_desktopParagraph__U31Gm\">\u2014 m\u00f3wi\u0142a Joanna Cugowska.<\/p>\n<p><img decoding=\"async\" class=\"Image_image__0tuHp Image_autoHeight__f2n87 \" height=\"533\" width=\"940\" src=\"https:\/\/www.europesays.com\/pl\/wp-content\/uploads\/2025\/12\/6OHk9kpTURBXy9jNTI4MWMyMDQxMzBhNjFjZmU0MzQ0YjkzZGJkNDBjNS5wbmeSlQLNA6wAwsOVAgDNAkvCw94AA6EwAaExAaEzw.jpeg\" alt=\"Joanna Cugowska\" loading=\"lazy\" \/>player.pl\/dziendobrytvn<\/p>\n<p>Joanna Cugowska<\/p>\n<p class=\"Paragraph_desktopParagraph__U31Gm\">Prowadz\u0105ca Paulina Krupi\u0144ska przypomnia\u0142a powiedzenie, kt\u00f3re kiedy\u015b us\u0142ysza\u0142a, \u017ce &#8222;muzyka tak \u0142atwo kocha\u0107, a tak trudno z nim \u017cy\u0107&#8221;. Na co Joanna Cugowska z u\u015bmiechem odpowiedzia\u0142a:<\/p>\n<blockquote>\n<p class=\"Paragraph_desktopParagraph__U31Gm\">Ja si\u0119 \u015bmiej\u0119 i powtarzam cz\u0119sto, \u017ce przeczyta\u0142am instrukcj\u0119 obs\u0142ugi tym drobnym druczkiem. Wszystko, nie tylko to napisane czcionk\u0105 &#8222;14&#8221;. Teraz ma\u0142o co mnie zaskoczy<\/p>\n<\/blockquote>\n<p class=\"Paragraph_desktopParagraph__U31Gm\">Zapytana o to, kto zrobi\u0142 pierwszy krok, bez wahania wskaza\u0142a na m\u0119\u017ca i za\u017cartowa\u0142a:<\/p>\n<blockquote>\n<p class=\"Paragraph_desktopParagraph__U31Gm\">Osaczy\u0142 mnie. Opowiadaj, pochwal si\u0119<\/p>\n<\/blockquote>\n<p class=\"Paragraph_desktopParagraph__U31Gm\">Sam Krzysztof Cugowski wspomina\u0142 pocz\u0105tki ich relacji z humorem i szczero\u015bci\u0105:<\/p>\n<blockquote>\n<p class=\"Paragraph_desktopParagraph__U31Gm\">Teraz to ju\u017c wstyd m\u00f3wi\u0107. (\u015bmiech) To by\u0142a mi\u0142o\u015b\u0107 od pierwszego wejrzenia. By\u0142em u pa\u0144stwa na indyku, tak si\u0119 jako\u015b z\u0142o\u017cy\u0142o. Dokonali\u015bmy pewnego takiego skoku, \u017ce Ma\u0142ysz by si\u0119 nie powstydzi\u0142, je\u017celi chodzi o ca\u0142\u0105 akcj\u0119. Asia przyjecha\u0142a z 5-letni\u0105 c\u00f3rk\u0105 do Polski. Ja kupi\u0142em mieszkanie na kredyt, ca\u0142kowity, w og\u00f3le nie mia\u0142em pieni\u0119dzy. Gdyby to si\u0119 nie uda\u0142o, to by\u0142aby to bardzo powa\u017cna wtopa. Wszystko si\u0119 szcz\u0119\u015bliwie sko\u0144czy\u0142o, a wcale nie musia\u0142o <\/p>\n<\/blockquote>\n<p><img decoding=\"async\" class=\"Image_image__0tuHp Image_autoHeight__f2n87 \" height=\"528\" width=\"940\" src=\"https:\/\/www.europesays.com\/pl\/wp-content\/uploads\/2025\/12\/t5bk9kpTURBXy84YTI0NzZlMjRlZTZiNDRhZTBkOTNjZWNlNTAzMTFjYy5wbmeSlQLNA6wAwsOVAgDNAkvCw94AA6EwAaExAaEzw.jpeg\" alt=\"Krzysztof Cugowski i Joanna Cugowska\" loading=\"lazy\" \/>player.pl\/dziendobrytvn<\/p>\n<p>Krzysztof Cugowski i Joanna Cugowska<\/p>\n<p>Krzysztof i Joanna Cugowscy o swoim zwi\u0105zku. &#8222;Kochamy si\u0119 do dzisiaj&#8221; <\/p>\n<p class=\"Paragraph_desktopParagraph__U31Gm\">Warto podkre\u015bli\u0107, \u017ce gdy si\u0119 poznali, oboje byli ju\u017c w zwi\u0105zkach. Joanna Cugowska nie ma jednak w\u0105tpliwo\u015bci, \u017ce tak w\u0142a\u015bnie mia\u0142o by\u0107:<\/p>\n<blockquote>\n<p class=\"Paragraph_desktopParagraph__U31Gm\">My\u015bl\u0119, \u017ce to tak mia\u0142o by\u0107. O tym si\u0119 najcz\u0119\u015bciej rozmawia, \u017ce najpierw jest etap zakochania, a potem mi\u0142o\u015bci. My podj\u0119li\u015bmy najwa\u017cniejsze kroki w naszym \u017cyciu na etapie zakochania<\/p>\n<\/blockquote>\n<p class=\"Paragraph_desktopParagraph__U31Gm\">Zapytana, na jakim etapie s\u0105 dzi\u015b, odpowiedzia\u0142a \u017cartobliwie:<\/p>\n<blockquote>\n<p class=\"Paragraph_desktopParagraph__U31Gm\">Prosz\u0119 sprawdzi\u0107 PESEL-e<\/p>\n<\/blockquote>\n<p class=\"Paragraph_desktopParagraph__U31Gm\">Na co artysta natychmiast ripostowa\u0142:<\/p>\n<blockquote>\n<p class=\"Paragraph_desktopParagraph__U31Gm\">Nie, moja \u017cona opowiada tutaj bajki, bo jest o wiele lat m\u0142odsza ode mnie, \u017ce o PESEL-u to ja mog\u0119 rozmawia\u0107, ale nie ona. W ka\u017cdym razie, to si\u0119 szcz\u0119\u015bliwie wszystko sko\u0144czy\u0142o, dlatego, \u017ce si\u0119 kochamy do dzisiaj. (&#8230;) Je\u017celi chodzi o psychik\u0119 i inne sprawy, to jeste\u015bmy zupe\u0142nie innymi lud\u017ami. Diametralnie<\/p>\n<\/blockquote>\n<p class=\"Paragraph_desktopParagraph__U31Gm\">Joanna Cugowska doda\u0142a jeszcze:<\/p>\n<blockquote>\n<p class=\"Paragraph_desktopParagraph__U31Gm\"> Opr\u00f3cz uczucia jest tak\u017ce si\u0142a charakteru, konsekwencja i dobro os\u00f3b trzecich<\/p>\n<\/blockquote>\n<p><img decoding=\"async\" class=\"Image_image__0tuHp Image_autoHeight__f2n87 \" height=\"536\" width=\"940\" src=\"https:\/\/www.europesays.com\/pl\/wp-content\/uploads\/2025\/12\/WDak9kpTURBXy81OGFkYTE5NmI3NjE5MmYwZjE4NDlkNmQxMTc5ZTU1Ny5wbmeSlQLNA6wAwsOVAgDNAkvCw94AA6EwAaExAaEzw.jpeg\" alt=\"Krzysztof Cugowski i Joanna Cugowska\" loading=\"lazy\" \/>player.pl\/dziendobrytvn<\/p>\n<p>Krzysztof Cugowski i Joanna Cugowska<\/p>\n<p>\u015awi\u0119ta u Cugowskich. &#8222;Ja dyryguj\u0119&#8221; <\/p>\n<p class=\"Paragraph_desktopParagraph__U31Gm\">Podczas rozmowy nie zabrak\u0142o tak\u017ce w\u0105tku \u015bwi\u0105tecznego. Bo\u017ce Narodzenie Cugowscy sp\u0119dz\u0105 w tradycyjnym, rodzinnym gronie.<\/p>\n<blockquote>\n<p class=\"Paragraph_desktopParagraph__U31Gm\">Moja przyjaci\u00f3\u0142ka jest zawsze z nami, dzieci, wnuki, psy, koty <\/p>\n<\/blockquote>\n<p class=\"Paragraph_desktopParagraph__U31Gm\">\u2014 wyliczy\u0142a Joanna Cugowska, podkre\u015blaj\u0105c, \u017ce to ona &#8222;dyryguje&#8221; przygotowaniami.<\/p>\n<p class=\"Paragraph_desktopParagraph__U31Gm\">Krzysztof Cugowski zapytany z kolei o kol\u0119dy i \u015bpiewanie w \u015bwi\u0119ta przyzna\u0142 szczerze:<\/p>\n<blockquote>\n<p class=\"Paragraph_desktopParagraph__U31Gm\">Ja mam tego \u015bpiewania i muzyki tyle na co dzie\u0144, \u017ce jak ju\u017c tego nie robi\u0119, to nie robi\u0119 w og\u00f3le<\/p>\n<\/blockquote>\n<p><img decoding=\"async\" class=\"Image_image__0tuHp Image_autoHeight__f2n87 \" height=\"528\" width=\"940\" src=\"https:\/\/www.europesays.com\/pl\/wp-content\/uploads\/2025\/12\/eByk9kpTURBXy8xNzcxZDUzYmEzMDg4ODZiM2IyOGRkZTg1NmZlNzQ4Ni5wbmeSlQLNA6wAwsOVAgDNAkvCw94AA6EwAaExAaEzw.jpeg\" alt=\"Krzysztof Cugowski i Joanna Cugowska\" loading=\"lazy\" \/>player.pl\/dziendobrytvn<\/p>\n<p>Krzysztof Cugowski i Joanna Cugowska<\/p>\n<p><img decoding=\"async\" class=\"Image_image__0tuHp Image_autoHeight__f2n87 \" height=\"587\" width=\"880\" src=\"https:\/\/www.europesays.com\/pl\/wp-content\/uploads\/2025\/12\/7fGk9kpTURBXy8wOTc4OGRiZjk2ZjI0ZmVjNDNjODM2NGMwZjM0NGE0Yi5qcGeSlQLNA6wAwsOVAgDNAkvCw94AA6EwAaExAaEzw.jpeg\" alt=\"Rafa\u0142 Brzozowski, Piotr Cugowski, Krzysztof Cugowski, Joanna Cugowska i Chris Cugowski\" loading=\"lazy\" \/>Andras Szilagyi \/ MW Media<\/p>\n<p>Rafa\u0142 Brzozowski, Piotr Cugowski, Krzysztof Cugowski, Joanna Cugowska i Chris Cugowski<\/p>\n<p class=\"Paragraph_desktopParagraph__U31Gm\">Dzi\u0119kujemy, \u017ce przeczyta\u0142a\u015b\/e\u015b nasz artyku\u0142 do ko\u0144ca. W serwisie Plejada.pl ka\u017cdego dnia piszemy o najwa\u017cniejszych wydarzeniach show-biznesowych. B\u0105d\u017a na bie\u017c\u0105co! <a rel=\"nofollow noopener\" href=\"https:\/\/profile.google.com\/cp\/Cg0vZy8xMWJ6X19wdHBx\" id=\"88e9ccf6-96de-4e4f-a8e2-ee2616326ad4\" target=\"_blank\">Obserwuj<\/a> Plejad\u0119 w Google. Odwied\u017a nas tak\u017ce na <a rel=\"nofollow noopener\" href=\"https:\/\/www.facebook.com\/plejadapl\" id=\"c6f5236f-3f46-4979-9e6c-331eb88b45c1\" target=\"_blank\">Facebooku<\/a>, <a rel=\"nofollow noopener\" href=\"https:\/\/www.instagram.com\/plejadapl\/\" id=\"ea64a6c3-6faa-4fc6-8c68-5169b23ca380\" target=\"_blank\">Instagramie<\/a>, <a rel=\"nofollow noopener\" href=\"https:\/\/www.youtube.com\/c\/plejada\" id=\"3c960d33-7d66-48ca-bca8-480f4db61ce3\" target=\"_blank\">YouTubie<\/a> oraz <a rel=\"nofollow noopener\" href=\"https:\/\/www.tiktok.com\/@plejada_pl\" id=\"d628ee47-8b9d-4197-b1ec-35b8fbfe4162\" target=\"_blank\">TikToku<\/a>.<\/p>\n<p class=\"Paragraph_desktopParagraph__U31Gm\">Chcesz podzieli\u0107 si\u0119 ciekawym newsem lub zaproponowa\u0107 temat? Skontaktuj si\u0119 z nami, pisz\u0105c maila na adres: <a href=\"https:\/\/www.onet.pl\/styl-zycia\/plejada\/krzysztof-i-joanna-cugowscy-sa-razem-od-30-lat-milosc-od-pierwszego-wejrzenia\/mailto:plejada@redakcjaonet.pl\" id=\"92152b1c-81ce-4c05-ac8f-425cf956efe6\" rel=\"nofollow noopener\" target=\"_blank\">plejada@redakcjaon<\/a><a rel=\"nofollow noopener\" href=\"http:\/\/et.pl\" id=\"e80158ba-4188-4e41-931b-9719aabcbd40\" target=\"_blank\">et.pl<\/a>.<\/p>\n<p><script async src=\"\/\/www.instagram.com\/embed.js\"><\/script><script async src=\"\/\/www.tiktok.com\/embed.js\"><\/script><\/p>\n","protected":false},"excerpt":{"rendered":"Krzysztof Cugowski by\u0142 \u017conaty dwukrotnie. Z pierwsz\u0105 \u017con\u0105, Ma\u0142gorzat\u0105, doczeka\u0142 si\u0119 dw\u00f3ch syn\u00f3w \u2013 Wojciecha, urodzonego w 1976&hellip;\n","protected":false},"author":2,"featured_media":151468,"comment_status":"","ping_status":"","sticky":false,"template":"","format":"standard","meta":{"footnotes":""},"categories":[22],"tags":[1149,14312,3109,122,67,30357,1144,5800,53,52,68,51,55,14311,42,38,40,39,41,123,47,196,65,50,5685],"class_list":{"0":"post-151467","1":"post","2":"type-post","3":"status-publish","4":"format-standard","5":"has-post-thumbnail","7":"category-rozrywka","8":"tag-budka_suflera","9":"tag-chris_cugowski","10":"tag-dzien_dobry_tvn_program_tv","11":"tag-entertainment","12":"tag-intextvideo_splayer","13":"tag-joanna_cugowska","14":"tag-krzysztof_cugowski","15":"tag-krzysztof_cugowski_muzyk","16":"tag-new_header","17":"tag-onet3","18":"tag-onet3d","19":"tag-onet3d_2i","20":"tag-phx","21":"tag-piotr_cugowski","22":"tag-pl","23":"tag-poland","24":"tag-polish","25":"tag-polska","26":"tag-polski","27":"tag-rozrywka","28":"tag-screening_general","29":"tag-styl_zycia","30":"tag-update_me","31":"tag-v2021","32":"tag-wojciech_cugowski"},"share_on_mastodon":{"url":"https:\/\/pubeurope.com\/@pl\/115722356538374822","error":""},"_links":{"self":[{"href":"https:\/\/www.europesays.com\/pl\/wp-json\/wp\/v2\/posts\/151467","targetHints":{"allow":["GET"]}}],"collection":[{"href":"https:\/\/www.europesays.com\/pl\/wp-json\/wp\/v2\/posts"}],"about":[{"href":"https:\/\/www.europesays.com\/pl\/wp-json\/wp\/v2\/types\/post"}],"author":[{"embeddable":true,"href":"https:\/\/www.europesays.com\/pl\/wp-json\/wp\/v2\/users\/2"}],"replies":[{"embeddable":true,"href":"https:\/\/www.europesays.com\/pl\/wp-json\/wp\/v2\/comments?post=151467"}],"version-history":[{"count":0,"href":"https:\/\/www.europesays.com\/pl\/wp-json\/wp\/v2\/posts\/151467\/revisions"}],"wp:featuredmedia":[{"embeddable":true,"href":"https:\/\/www.europesays.com\/pl\/wp-json\/wp\/v2\/media\/151468"}],"wp:attachment":[{"href":"https:\/\/www.europesays.com\/pl\/wp-json\/wp\/v2\/media?parent=151467"}],"wp:term":[{"taxonomy":"category","embeddable":true,"href":"https:\/\/www.europesays.com\/pl\/wp-json\/wp\/v2\/categories?post=151467"},{"taxonomy":"post_tag","embeddable":true,"href":"https:\/\/www.europesays.com\/pl\/wp-json\/wp\/v2\/tags?post=151467"}],"curies":[{"name":"wp","href":"https:\/\/api.w.org\/{rel}","templated":true}]}}