{"id":151479,"date":"2025-12-15T07:22:18","date_gmt":"2025-12-15T07:22:18","guid":{"rendered":"https:\/\/www.europesays.com\/pl\/151479\/"},"modified":"2025-12-15T07:22:18","modified_gmt":"2025-12-15T07:22:18","slug":"mala-armia-janosika-znow-zagra-podczas-goralskiej-pasterki","status":"publish","type":"post","link":"https:\/\/www.europesays.com\/pl\/151479\/","title":{"rendered":"Ma\u0142a Armia Janosika zn\u00f3w zagra podczas G\u00f3ralskiej Pasterki"},"content":{"rendered":"<p style=\"font-weight:bold;font-size:18px;text-align:justify\">Podobnie jak przed rokiem &#8211; niezwyk\u0142a, pierwsza liturgia Bo\u017cego Narodzenia o p\u00f3\u0142nocy rozbrzmiewa\u0107 b\u0119dzie g\u00f3ralskimi kol\u0119dami w wykonaniu s\u0142ynnego, dzieci\u0119cego zespo\u0142u.<\/p>\n<p>Uroczyst\u0105 Msz\u0119 \u015bw. w ko\u015bciele \u015bw. Marii Magdaleny w Rabce-Zdroju odprawi biskup Robert Chrz\u0105szcz. Poprzednia, jubileuszowa X G\u00f3ralska Pasterka, przyci\u0105gn\u0119\u0142a t\u0142umy wiernych, przy ko\u015bciele stan\u0105\u0142 dodatkowy namiot z telebimem, by jak najwi\u0119cej os\u00f3b mog\u0142o nie tylko uczestniczy\u0107, ale tak\u017ce widzie\u0107 obraz z wn\u0119trza \u015bwi\u0105tyni. <\/p>\n<p>Ma\u0142a Armia Janosika, licz\u0105ca ponad 180 m\u0142odych muzyk\u00f3w, wykona\u0142a g\u00f3ralskie kol\u0119dy, kt\u00f3re poruszy\u0142y tak\u017ce widz\u00f3w \u015bledz\u0105cych bezpo\u015bredni\u0105 transmisje w internecie. Nagrania z uroczysto\u015bci szybko zyska\u0142y setki tysi\u0119cy wy\u015bwietle\u0144 i zainteresowanie medi\u00f3w, tak\u017ce poza granicami kraju.&#13;<\/p>\n<p>Organizatorzy zapraszaj\u0105 do wsp\u00f3lnego prze\u017cywania tej nocy rodziny, m\u0142odzie\u017c oraz wszystkich mi\u0142o\u015bnik\u00f3w tradycyjnego kol\u0119dowania. G\u00f3ralska Pasterka w Rabce-Zdroju pozostaje wydarzeniem, kt\u00f3re \u0142\u0105czy pokolenia i przypomina o duchowym oraz kulturowym wymiarze \u015bwi\u0105t Bo\u017cego Narodzenia.&#13;<\/p>\n<p>&#8211; To noc pe\u0142na modlitwy, kol\u0119d, g\u00f3ralskiej tradycji i wsp\u00f3lnoty ? noc, w kt\u00f3rej czas zwalnia, a Bo\u017ce Narodzenie staje si\u0119 naprawd\u0119 bliskie.&#13;<br \/>Przyjd\u017acie i prze\u017cyjcie z nami t\u0105 wyj\u0105tkow\u0105  noc Bo\u017cego Narodzenia  Niech g\u00f3ralskie kol\u0119dy poprowadz\u0105 nas do Betlejem &#8211; czytamy na profilu spo\u0142eczno\u015bciowym rabcza\u0144skiej parafii \u015bw. Marii Magdaleny.&#13;<br \/>fi\/&#13;<\/p>\n<p>Zobaczcie transmisj\u0119 zesz\u0142orocznej Pasterki z Ma\u0142\u0105 Armi\u0105 Janosika:&#13;<br \/>&#13;\n\t\t\t\t\t\t\t<\/p>\n","protected":false},"excerpt":{"rendered":"Podobnie jak przed rokiem &#8211; niezwyk\u0142a, pierwsza liturgia Bo\u017cego Narodzenia o p\u00f3\u0142nocy rozbrzmiewa\u0107 b\u0119dzie g\u00f3ralskimi kol\u0119dami w wykonaniu&hellip;\n","protected":false},"author":2,"featured_media":151480,"comment_status":"","ping_status":"","sticky":false,"template":"","format":"standard","meta":{"footnotes":""},"categories":[22],"tags":[9833,9834,9832,9840,9835,9836,9841,9860,122,9858,3760,9849,9846,9847,1089,9842,9843,9848,9837,9838,1568,25,9829,9828,9859,42,6253,9827,78,9855,38,40,39,41,9839,9844,9831,123,9851,9857,9850,9853,9830,3492,9845,9852,9856,26,9854,1092,1570,9507],"class_list":{"0":"post-151479","1":"post","2":"type-post","3":"status-publish","4":"format-standard","5":"has-post-thumbnail","7":"category-rozrywka","8":"tag-bailka-tatrzanska","9":"tag-bialka-tatrzanska","10":"tag-bialka","11":"tag-bialy-dunajec","12":"tag-bukowina","13":"tag-bukowina-tatrzanska","14":"tag-czarny-dunajec","15":"tag-dunajec","16":"tag-entertainment","17":"tag-gorce","18":"tag-gory","19":"tag-gron","20":"tag-gronkow","21":"tag-gronkow-lesnica","22":"tag-imprezy","23":"tag-klikuszowa","24":"tag-lasek","25":"tag-lasnica","26":"tag-male-ciche","27":"tag-murzasichle","28":"tag-narty","29":"tag-news","30":"tag-nowy-targ","31":"tag-p24","32":"tag-pieniny","33":"tag-pl","34":"tag-podhale","35":"tag-podhale24","36":"tag-pogoda","37":"tag-pogoda-na-narty","38":"tag-poland","39":"tag-polish","40":"tag-polska","41":"tag-polski","42":"tag-poronin","43":"tag-pyzowka","44":"tag-rabka","45":"tag-rozrywka","46":"tag-skitour","47":"tag-skutery-sniezne","48":"tag-snowboard","49":"tag-stoki-narciarskie","50":"tag-szczawnica","51":"tag-tatry","52":"tag-waksmund","53":"tag-warunki-narciarskie","54":"tag-warunki-pogodowe","55":"tag-wiadomosci","56":"tag-wyciagi","57":"tag-wydarzenia","58":"tag-zakopane","59":"tag-zakopianka"},"share_on_mastodon":{"url":"","error":"Validation failed: Text character limit of 500 exceeded"},"_links":{"self":[{"href":"https:\/\/www.europesays.com\/pl\/wp-json\/wp\/v2\/posts\/151479","targetHints":{"allow":["GET"]}}],"collection":[{"href":"https:\/\/www.europesays.com\/pl\/wp-json\/wp\/v2\/posts"}],"about":[{"href":"https:\/\/www.europesays.com\/pl\/wp-json\/wp\/v2\/types\/post"}],"author":[{"embeddable":true,"href":"https:\/\/www.europesays.com\/pl\/wp-json\/wp\/v2\/users\/2"}],"replies":[{"embeddable":true,"href":"https:\/\/www.europesays.com\/pl\/wp-json\/wp\/v2\/comments?post=151479"}],"version-history":[{"count":0,"href":"https:\/\/www.europesays.com\/pl\/wp-json\/wp\/v2\/posts\/151479\/revisions"}],"wp:featuredmedia":[{"embeddable":true,"href":"https:\/\/www.europesays.com\/pl\/wp-json\/wp\/v2\/media\/151480"}],"wp:attachment":[{"href":"https:\/\/www.europesays.com\/pl\/wp-json\/wp\/v2\/media?parent=151479"}],"wp:term":[{"taxonomy":"category","embeddable":true,"href":"https:\/\/www.europesays.com\/pl\/wp-json\/wp\/v2\/categories?post=151479"},{"taxonomy":"post_tag","embeddable":true,"href":"https:\/\/www.europesays.com\/pl\/wp-json\/wp\/v2\/tags?post=151479"}],"curies":[{"name":"wp","href":"https:\/\/api.w.org\/{rel}","templated":true}]}}