{"id":151483,"date":"2025-12-15T07:25:11","date_gmt":"2025-12-15T07:25:11","guid":{"rendered":"https:\/\/www.europesays.com\/pl\/151483\/"},"modified":"2025-12-15T07:25:11","modified_gmt":"2025-12-15T07:25:11","slug":"najcenniejsze-aktywo-rosji-w-europie-ukrainski-minister-mocno-o-orbanie","status":"publish","type":"post","link":"https:\/\/www.europesays.com\/pl\/151483\/","title":{"rendered":"&#8222;Najcenniejsze aktywo Rosji w Europie&#8221;. Ukrai\u0144ski minister mocno o Orbanie"},"content":{"rendered":"<p>Szef ukrai\u0144skiej dyplomacji Andrij Sybiha komentuj\u0105c w niedziel\u0119 stanowisko Viktora Orbana w sprawie decyzji Unii Europejskiej o zamro\u017ceniu rosyjskich aktyw\u00f3w w Europie na czas nieokre\u015blony stwierdzi\u0142, \u017ce premier W\u0119gier jest &#8222;najcenniejszym zamro\u017conym aktywem Federacji Rosyjskiej w Europie&#8221;.<\/p>\n<p><img decoding=\"async\" width=\"936\" height=\"527\" alt=\"Ukraina\" src=\"https:\/\/www.europesays.com\/pl\/wp-content\/uploads\/2025\/12\/MTJjYWYzYjUrCC9kdgFvIGhQez4wWGF2P0hjdXZDfmIyX2tgdhwkOC8YPCc2VComPxo4IClUPThlCyk-dgx8ey4DKic1GzR7Lwc7.jpeg\" class=\"wp-media-image\" fetchpriority=\"high\"\/>Szef ukrai\u0144skiej dyplomacji Andrij Sybiha i premier W\u0119gier Viktor Orban<\/p>\n<p>\u0179r\u00f3d\u0142o zdj\u0119\u0107: \u00a9 getty images<\/p>\n<p><img loading=\"lazy\" decoding=\"async\" src=\"https:\/\/www.europesays.com\/pl\/wp-content\/uploads\/2025\/10\/YWx1cy5qdjYZUxVKGgp7I1oLQRBcU3V1DRNZWxpFaS9MAUwdGwYpPhVWTQlZXmxmQQFSSgdDa3pVAFBJA0duY04EW1ZeEC02Cksa.jpeg\"  alt=\"Katarzyna Kalus\" height=\"40\" width=\"40\" class=\"rounded-full select-none text-[--color-neutral-650] bg-[--bg-content]\"\/>ZAPISZ ZAPISANO    UDOST\u0118PNIJ Udost\u0119pnij na X  Udost\u0119pnij na Facebooku2<\/p>\n<p>D\u017awi\u0119k zosta\u0142 wygenerowany automatycznie i mo\u017ce zawiera\u0107 b\u0142\u0119dy<\/p>\n","protected":false},"excerpt":{"rendered":"Szef ukrai\u0144skiej dyplomacji Andrij Sybiha komentuj\u0105c w niedziel\u0119 stanowisko Viktora Orbana w sprawie decyzji Unii Europejskiej o zamro\u017ceniu&hellip;\n","protected":false},"author":2,"featured_media":151484,"comment_status":"","ping_status":"","sticky":false,"template":"","format":"standard","meta":{"footnotes":""},"categories":[14],"tags":[32,33,27,34,35,28,31,25,40,41,80,29,30,26,82,83,84],"class_list":{"0":"post-151483","1":"post","2":"type-post","3":"status-publish","4":"format-standard","5":"has-post-thumbnail","7":"category-swiat","8":"tag-breaking-news","9":"tag-breakingnews","10":"tag-headlines","11":"tag-latest-news","12":"tag-latestnews","13":"tag-naglowki","14":"tag-najwazniejsze-artykuly","15":"tag-news","16":"tag-polish","17":"tag-polski","18":"tag-swiat","19":"tag-top-stories","20":"tag-topstories","21":"tag-wiadomosci","22":"tag-world","23":"tag-world-news","24":"tag-worldnews"},"share_on_mastodon":{"url":"https:\/\/pubeurope.com\/@pl\/115722396050201025","error":""},"_links":{"self":[{"href":"https:\/\/www.europesays.com\/pl\/wp-json\/wp\/v2\/posts\/151483","targetHints":{"allow":["GET"]}}],"collection":[{"href":"https:\/\/www.europesays.com\/pl\/wp-json\/wp\/v2\/posts"}],"about":[{"href":"https:\/\/www.europesays.com\/pl\/wp-json\/wp\/v2\/types\/post"}],"author":[{"embeddable":true,"href":"https:\/\/www.europesays.com\/pl\/wp-json\/wp\/v2\/users\/2"}],"replies":[{"embeddable":true,"href":"https:\/\/www.europesays.com\/pl\/wp-json\/wp\/v2\/comments?post=151483"}],"version-history":[{"count":0,"href":"https:\/\/www.europesays.com\/pl\/wp-json\/wp\/v2\/posts\/151483\/revisions"}],"wp:featuredmedia":[{"embeddable":true,"href":"https:\/\/www.europesays.com\/pl\/wp-json\/wp\/v2\/media\/151484"}],"wp:attachment":[{"href":"https:\/\/www.europesays.com\/pl\/wp-json\/wp\/v2\/media?parent=151483"}],"wp:term":[{"taxonomy":"category","embeddable":true,"href":"https:\/\/www.europesays.com\/pl\/wp-json\/wp\/v2\/categories?post=151483"},{"taxonomy":"post_tag","embeddable":true,"href":"https:\/\/www.europesays.com\/pl\/wp-json\/wp\/v2\/tags?post=151483"}],"curies":[{"name":"wp","href":"https:\/\/api.w.org\/{rel}","templated":true}]}}