{"id":151485,"date":"2025-12-15T07:26:13","date_gmt":"2025-12-15T07:26:13","guid":{"rendered":"https:\/\/www.europesays.com\/pl\/151485\/"},"modified":"2025-12-15T07:26:13","modified_gmt":"2025-12-15T07:26:13","slug":"krus-pod-presja-czy-skladka-zdrowotna-rolnikow-wzrosnie","status":"publish","type":"post","link":"https:\/\/www.europesays.com\/pl\/151485\/","title":{"rendered":"KRUS pod presj\u0105. Czy sk\u0142adka zdrowotna rolnik\u00f3w wzro\u015bnie?"},"content":{"rendered":"<p>System ochrony zdrowia znalaz\u0142 si\u0119 na granicy wydolno\u015bci finansowej, a eksperci coraz g\u0142o\u015bniej m\u00f3wi\u0105 o konieczno\u015bci likwidacji uprzywilejowanych sk\u0142adek. W centrum tej debaty stawiani s\u0105 rolnicy i system KRUS, bez kt\u00f3rego reformy \u2013 jak podkre\u015blaj\u0105 specjali\u015bci \u2013 dalsze ratowanie NFZ mo\u017ce okaza\u0107 si\u0119 niemo\u017cliwe.<\/p>\n<ul>&#13;<\/p>\n<li>Eksperci wskazuj\u0105 KRUS jako jeden z kluczowych problem\u00f3w w finansowaniu ochrony zdrowia<\/li>\n<p>&#13;<\/p>\n<li>Symboliczne sk\u0142adki wybranych grup przenosz\u0105 koszty leczenia na reszt\u0119 podatnik\u00f3w<\/li>\n<p>&#13;<\/p>\n<li>Reforma wymaga decyzji politycznych, kt\u00f3rych kolejne rz\u0105dy od lat unikaj\u0105<\/li>\n<p>&#13;\n<\/ul>\n<p>System ochrony zdrowia znalaz\u0142 si\u0119 dzi\u015b w punkcie krytycznym \u2013 ostrzega dr Bernard Wa\u015bko, dyrektor NIZP-PZH, w rozmowie z Rynkiem Zdrowia. Jego zdaniem kolejne \u201edosypywanie\u201d pieni\u0119dzy do Narodowego Funduszu Zdrowia nie poprawi sytuacji pacjent\u00f3w, bo problem tkwi znacznie g\u0142\u0119biej: w konstrukcji finansowania, wieloletnich zaniechaniach i braku odwagi do podj\u0119cia trudnych, ale koniecznych decyzji. Ekspert podkre\u015bla, \u017ce Polska przez lata \u017cy\u0142a ponad stan, a obecny model finansowy nie jest w stanie d\u0142u\u017cej ud\u017awign\u0105\u0107 rosn\u0105cych koszt\u00f3w.<\/p>\n<p>        <a href=\"https:\/\/www.farmer.pl\/prawo\/przepisy-i-regulacje\/duze-zmiany-w-pochowkach-coraz-blizej-ministerstwo-zdrowia-zajelo-stanowisko,169809.html\" class=\"read-more-box-img-cnt\" rel=\"nofollow noopener\" target=\"_blank\"><br \/>\n        \t            <img decoding=\"async\" loading=\"lazy\" src=\"https:\/\/www.europesays.com\/pl\/wp-content\/uploads\/2025\/12\/226227_r2_300.jpg\" alt=\"Du\u017ce zmiany w poch\u00f3wkach coraz bli\u017cej. Ministerstwo Zdrowia zaj\u0119\u0142o stanowisko\" class=\"read-more-box-img\"\/><br \/>\n                    <\/a><\/p>\n<p>\u0179r\u00f3d\u0142a kryzysu: b\u0142\u0119dy sprzed 25 lat<\/p>\n<p>Dzisiejszy problem nie pojawi\u0142 si\u0119 nagle wraz z rosn\u0105cymi kosztami funkcjonowania NFZ. Aby go zrozumie\u0107 \u2013 wskazuje dr Wa\u015bko \u2013 trzeba cofn\u0105\u0107 si\u0119 do 1999 roku, kiedy przeprowadzono szerok\u0105 reform\u0119 sektorow\u0105. W\u00f3wczas powo\u0142ano Kasy Chorych i zdecydowano, \u017ce system b\u0119dzie finansowany z niezale\u017cnej sk\u0142adki zdrowotnej. Z pierwotnych wylicze\u0144 Ministerstwa Zdrowia wynika\u0142o, \u017ce aby system si\u0119 bilansowa\u0142, sk\u0142adka powinna wynosi\u0107 11%. Jednak pod naciskiem Ministerstwa Finans\u00f3w obni\u017cono j\u0105 do 7,5%, argumentuj\u0105c, \u017ce spo\u0142ecze\u0144stwo \u201enie jest gotowe\u201d na wy\u017csze obci\u0105\u017cenia.<\/p>\n<p>Jakie s\u0105 problemy i wyzwania w polskim rolnictwie? We\u017a udzia\u0142 w<br \/>og\u00f3lnopolskim badaniu portalu Farmera i wyra\u017a swoj\u0105 opini\u0119. Kliknij<br \/>w poni\u017cszy link, aby wzi\u0105\u0107 udzia\u0142 w badaniu:\u00a0<a href=\"https:\/\/www.farmer.pl\/ogolnopolskie-badanie-farmera\/ankieta\/\" target=\"_blank\" rel=\"nofollow noopener\">Badanie Farmera<\/a><\/p>\n<p>Pierwszy kryzys i d\u0142ug sp\u0142acany latami<\/p>\n<p>Skutki tamtej decyzji by\u0142y widoczne b\u0142yskawicznie. Ju\u017c po dw\u00f3ch latach funkcjonowania systemu Kasy Chorych znalaz\u0142y si\u0119 na skraju bankructwa. Ratunkiem by\u0142a komercyjna po\u017cyczka, kt\u00f3r\u0105 dopiero po wielu latach sp\u0142aci\u0142 Narodowy Fundusz Zdrowia. Cho\u0107 z czasem sk\u0142adka wzros\u0142a do 9%, przez wi\u0119kszo\u015b\u0107 lat 7,75% z niej obni\u017ca\u0142o podatek, co dodatkowo ogranicza\u0142o realny poziom finansowania ochrony zdrowia. \u2013 Od wymaganych 11% dzieli nas wci\u0105\u017c przepa\u015b\u0107 \u2013 dodaje Wa\u015bko, wskazuj\u0105c, \u017ce pierwotne decyzje oraz p\u00f3\u017aniejsze zaniechania kolejnych rz\u0105d\u00f3w doprowadzi\u0142y do obecnej sytuacji.<\/p>\n<p>        <a href=\"https:\/\/www.farmer.pl\/finanse\/7000-zl-jednorazowo-dla-kazdego-wyplaty-od-1-stycznia-2026-wchodzi-nowe-prawo,164002.html\" class=\"read-more-box-img-cnt\" rel=\"nofollow noopener\" target=\"_blank\"><br \/>\n        \t            <img decoding=\"async\" loading=\"lazy\" src=\"https:\/\/www.europesays.com\/pl\/wp-content\/uploads\/2025\/12\/226056_r2_300.jpg\" alt=\"7000 z\u0142 jednorazowo dla ka\u017cdego. Wyp\u0142aty od 1 stycznia 2026. Wchodzi nowe prawo\" class=\"read-more-box-img\"\/><br \/>\n                    <\/a><\/p>\n<p>Dzisiejsze wyzwania i zapowied\u017a trudnych rozstrzygni\u0119\u0107<\/p>\n<p>Cho\u0107 braki finansowe NFZ uwidoczni\u0142y si\u0119 szczeg\u00f3lnie w ostatnich miesi\u0105cach, ekspert przypomina, \u017ce nie jest to pierwszy tak powa\u017cny moment w historii funduszu. Obecna kumulacja problem\u00f3w \u2013 rosn\u0105ce koszty leczenia, starzej\u0105ce si\u0119 spo\u0142ecze\u0144stwo, zwi\u0119kszone oczekiwania pacjent\u00f3w i presja p\u0142acowa \u2013 sprawia jednak, \u017ce dalsze utrzymywanie status quo staje si\u0119 niemo\u017cliwe. Zdaniem dr. Wa\u015bki potrzebna b\u0119dzie rzeczywista racjonalizacja \u015bwiadcze\u0144 i koszt\u00f3w, a wi\u0119c decyzje, kt\u00f3re mog\u0105 okaza\u0107 si\u0119 politycznie trudne.<\/p>\n<p>        <a href=\"https:\/\/www.farmer.pl\/prawo\/przepisy-i-regulacje\/5000-zl-mandatu-za-pranie-brzmi-absurdalnie-ale-to-realne,169774.html\" class=\"read-more-box-img-cnt\" rel=\"nofollow noopener\" target=\"_blank\"><br \/>\n        \t            <img decoding=\"async\" loading=\"lazy\" src=\"https:\/\/www.europesays.com\/pl\/wp-content\/uploads\/2025\/12\/226343_r2_300.jpg\" alt=\"5000 z\u0142 mandatu za pranie? Brzmi absurdalnie, ale to realne\" class=\"read-more-box-img\"\/><br \/>\n                    <\/a><\/p>\n<p>Za ratowanie systemu zap\u0142ac\u0105 rolnicy?\u00a0<\/p>\n<p>Eksperci podkre\u015blaj\u0105, \u017ce nawet je\u015bli uda si\u0119 dora\u017anie ustabilizowa\u0107 finanse ochrony zdrowia, to w d\u0142u\u017cszej perspektywie Polska i tak stanie przed konieczno\u015bci\u0105 g\u0142\u0119bokiej przebudowy systemu finansowania. Starzej\u0105ce si\u0119 spo\u0142ecze\u0144stwo oraz kurcz\u0105ca si\u0119 populacja os\u00f3b pracuj\u0105cych b\u0119d\u0105 coraz mocniej obci\u0105\u017ca\u0107 bud\u017cet zdrowia. W\u0142a\u015bnie dlatego coraz cz\u0119\u015bciej m\u00f3wi si\u0119 o likwidacji przywilej\u00f3w w zakresie sk\u0142adek zdrowotnych \u2013 a na pierwszym planie tej dyskusji pojawiaj\u0105 si\u0119 rolnicy, stanowi\u0105cy\u00a0jedn\u0105 z grup uprzywilejowanych.\u00a0<\/p>\n<blockquote><p>&#13;<\/p>\n<p>Bie\u017c\u0105cy kryzys systemu to jedno. W d\u0142u\u017cszej perspektywie czasowej na\u0142o\u017c\u0105 si\u0119 na niego tak\u017ce skutki zmian demograficznych: w polskiej populacji b\u0119dzie coraz wi\u0119cej senior\u00f3w wymagaj\u0105cych wi\u0119kszej liczby coraz dro\u017cszych \u015bwiadcze\u0144, a jednocze\u015bnie zmniejszy si\u0119 populacja os\u00f3b pracuj\u0105cych. Z ca\u0142\u0105 pewno\u015bci\u0105 nale\u017cy d\u0105\u017cy\u0107 do pe\u0142nego osk\u0142adkowania grup dotychczas uprzywilejowanych, takie dzia\u0142ania podj\u0119to niedawno w Rumunii, cho\u0107 by\u0142y to decyzje bardzo niepopularne politycznie, jednak niezb\u0119dne \u2013 m\u00f3wi Wa\u015bko.<\/p>\n<p>&#13;\n<\/p><\/blockquote>\n<p>To w\u0142a\u015bnie system KRUS i symboliczne sk\u0142adki rolnik\u00f3w eksperci najcz\u0119\u015bciej wskazuj\u0105 jako przyk\u0142ad strukturalnej niesprawiedliwo\u015bci, kt\u00f3ra obci\u0105\u017ca pozosta\u0142ych podatnik\u00f3w. Rolnicy p\u0142ac\u0105 sk\u0142adk\u0119 nie od dochodu, lecz od hektara, podczas gdy reszt\u0119 dop\u0142aca pa\u0144stwo. W ocenie specjalist\u00f3w nie ma uzasadnienia, by tak liczna grupa spo\u0142eczna by\u0142a finansowana na tak preferencyjnych zasadach, zw\u0142aszcza dzi\u015b, gdy wiele gospodarstw osi\u0105ga stabilne, a nawet wysokie dochody. Lista uprzywilejowanych jest d\u0142u\u017csza, ale to rolnicy pozostaj\u0105 jej najbardziej znacz\u0105cym elementem.<\/p>\n<blockquote><p>&#13;<\/p>\n<p>Zmieni\u0107 si\u0119 powinno tak\u017ce to, co wydaje si\u0119 jedn\u0105 z najwi\u0119kszych naszych polskich bol\u0105czek. Mianowicie prosz\u0119 zauwa\u017cy\u0107 i policzy\u0107, ile milion\u00f3w ludzi w Polsce nie p\u0142aci sk\u0142adki zdrowotnej lub op\u0142aca j\u0105 w marginalnie niskiej kwocie. Mam tu na my\u015bli chocia\u017cby rolnik\u00f3w, kt\u00f3rzy stanowi\u0105 najwi\u0119ksz\u0105 tak\u0105 grup\u0119. P\u0142ac\u0105 oni od hektara zaledwie kilka z\u0142otych, a reszt\u0119 dop\u0142aca pa\u0144stwo z naszych podatk\u00f3w. Sk\u0142adki zdrowotnej nie p\u0142ac\u0105 tak\u017ce s\u0142u\u017cby mundurowe zawodowi, policjanci, s\u0142u\u017cby celne, stra\u017cacy, sk\u0142adki zdrowotnej nie p\u0142ac\u0105 tak\u017ce kap\u0142ani i alumni wszystkich wyzna\u0144 zarejestrowanych w Polsce, oczywi\u015bcie w wi\u0119kszo\u015bci s\u0105 to ksi\u0119\u017c\u0105 katoliccy. W przypadku rolnik\u00f3w, w du\u017cej cz\u0119\u015bci nie stanowi\u0105 oni ju\u017c najbiedniejszej grupy spo\u0142ecznej &#8211;\u00a0m\u00f3wi dr n. med. Piotr Warczy\u0144ski w rozmowie w fxmag.pl.<\/p>\n<p>&#13;\n<\/p><\/blockquote>\n<p>Zdaniem ekspert\u00f3w w\u0142a\u015bnie ta grupa \u2013 najliczniejsza i korzystaj\u0105ca z jednego z najbardziej preferencyjnych modeli \u2013 powinna zosta\u0107 obj\u0119ta zmianami w pierwszej kolejno\u015bci. Oczywi\u015bcie istniej\u0105 gospodarstwa ma\u0142e, dochodowo s\u0142absze, ale \u2013 jak podkre\u015blaj\u0105 rozm\u00f3wcy \u2013 mo\u017cna wprowadzi\u0107 osobn\u0105 \u015bcie\u017ck\u0119 ochronn\u0105, kt\u00f3ra ich nie obci\u0105\u017cy. Problemem pozostaje jednak polityczna odwaga.<\/p>\n<blockquote><p>&#13;<\/p>\n<p>\u2013 Oczywi\u015bcie, \u017ce tak. Pozostaj\u0105 biedniejsi rolnicy, dawniej zwani ma\u0142orolnymi, ale dla nich mo\u017cna zrobi\u0107 specjaln\u0105 regulacj\u0119. Nikt nie chce tego zrobi\u0107, bo ka\u017cda partia boi si\u0119 utraty rzeszy wyborc\u00f3w. Gdyby Platforma Obywatelska chcia\u0142a to zmieni\u0107, to Polskie Stronnictwo Ludowe zapewne wysz\u0142oby z koalicji \u2013 dodaje Warczy\u0144ski.<\/p>\n<p>&#13;\n<\/p><\/blockquote>\n<p>        <a href=\"https:\/\/www.farmer.pl\/energia\/oze\/polska-federacja-rolna-tlumaczy-dlaczego-rolnicy-nie-moga-budowac-biogazowni,169823.html\" class=\"read-more-box-img-cnt\" rel=\"nofollow noopener\" target=\"_blank\"><br \/>\n        \t            <img decoding=\"async\" loading=\"lazy\" src=\"https:\/\/www.europesays.com\/pl\/wp-content\/uploads\/2025\/12\/226116_r2_300.jpg\" alt=\"Polska Federacja Rolna t\u0142umaczy dlaczego rolnicy nie mog\u0105 budowa\u0107 biogazowni\" class=\"read-more-box-img\"\/><br \/>\n                    <\/a><\/p>\n<p>\u00a9<\/p>\n<p>\t\tMateria\u0142 chroniony prawem autorskim &#8211; zasady przedruk\u00f3w okre\u015bla <a href=\"https:\/\/www.farmer.pl\/regulamin\/\" rel=\"nofollow noopener\" target=\"_blank\">regulamin<\/a>.<\/p>\n","protected":false},"excerpt":{"rendered":"System ochrony zdrowia znalaz\u0142 si\u0119 na granicy wydolno\u015bci finansowej, a eksperci coraz g\u0142o\u015bniej m\u00f3wi\u0105 o konieczno\u015bci likwidacji uprzywilejowanych&hellip;\n","protected":false},"author":2,"featured_media":151486,"comment_status":"","ping_status":"","sticky":false,"template":"","format":"standard","meta":{"footnotes":""},"categories":[12],"tags":[32,33,36,37,27,34,35,28,31,25,42,38,40,39,41,29,30,26],"class_list":{"0":"post-151485","1":"post","2":"type-post","3":"status-publish","4":"format-standard","5":"has-post-thumbnail","7":"category-polska","8":"tag-breaking-news","9":"tag-breakingnews","10":"tag-featured-news","11":"tag-featurednews","12":"tag-headlines","13":"tag-latest-news","14":"tag-latestnews","15":"tag-naglowki","16":"tag-najwazniejsze-artykuly","17":"tag-news","18":"tag-pl","19":"tag-poland","20":"tag-polish","21":"tag-polska","22":"tag-polski","23":"tag-top-stories","24":"tag-topstories","25":"tag-wiadomosci"},"share_on_mastodon":{"url":"https:\/\/pubeurope.com\/@pl\/115722399591374366","error":""},"_links":{"self":[{"href":"https:\/\/www.europesays.com\/pl\/wp-json\/wp\/v2\/posts\/151485","targetHints":{"allow":["GET"]}}],"collection":[{"href":"https:\/\/www.europesays.com\/pl\/wp-json\/wp\/v2\/posts"}],"about":[{"href":"https:\/\/www.europesays.com\/pl\/wp-json\/wp\/v2\/types\/post"}],"author":[{"embeddable":true,"href":"https:\/\/www.europesays.com\/pl\/wp-json\/wp\/v2\/users\/2"}],"replies":[{"embeddable":true,"href":"https:\/\/www.europesays.com\/pl\/wp-json\/wp\/v2\/comments?post=151485"}],"version-history":[{"count":0,"href":"https:\/\/www.europesays.com\/pl\/wp-json\/wp\/v2\/posts\/151485\/revisions"}],"wp:featuredmedia":[{"embeddable":true,"href":"https:\/\/www.europesays.com\/pl\/wp-json\/wp\/v2\/media\/151486"}],"wp:attachment":[{"href":"https:\/\/www.europesays.com\/pl\/wp-json\/wp\/v2\/media?parent=151485"}],"wp:term":[{"taxonomy":"category","embeddable":true,"href":"https:\/\/www.europesays.com\/pl\/wp-json\/wp\/v2\/categories?post=151485"},{"taxonomy":"post_tag","embeddable":true,"href":"https:\/\/www.europesays.com\/pl\/wp-json\/wp\/v2\/tags?post=151485"}],"curies":[{"name":"wp","href":"https:\/\/api.w.org\/{rel}","templated":true}]}}