{"id":151487,"date":"2025-12-15T07:27:18","date_gmt":"2025-12-15T07:27:18","guid":{"rendered":"https:\/\/www.europesays.com\/pl\/151487\/"},"modified":"2025-12-15T07:27:18","modified_gmt":"2025-12-15T07:27:18","slug":"telewidzowie-zdecydowali-znamy-zwyciezce-eurowizji-junior-2025","status":"publish","type":"post","link":"https:\/\/www.europesays.com\/pl\/151487\/","title":{"rendered":"Telewidzowie zdecydowali! Znamy zwyci\u0119zc\u0119 Eurowizji Junior 2025"},"content":{"rendered":"<p class=\"ods-c-paragraph \">Lou Deleuze wygra\u0142a tegoroczn\u0105 Eurowizj\u0119 Junior, kt\u00f3ra odbywa\u0142a si\u0119 w Tblisi. Reprezentantka Francji zapewni\u0142a tym samym temu pa\u0144stwu ju\u017c czwarte zwyci\u0119stwo w konkursie. 11-letnia artystka wyst\u0105pi\u0142a z utworem &#8222;Ce Monde&#8221;, prezentuj\u0105c sw\u00f3j talent na mi\u0119dzynarodowej scenie. M\u0142oda wokalistka, mimo m\u0142odego wieku, zd\u0105\u017cy\u0142a ju\u017c zdoby\u0107 bogate do\u015bwiadczenie w \u015bwiecie filmu i telewizji.<\/p>\n<p> Kto wygra\u0142 Eurowizj\u0119 Junior 2025? <\/p>\n<p> Na kt\u00f3rym miejscu znalaz\u0142a si\u0119 Polka? <\/p>\n<p> Jakie miejsce zaj\u0119\u0142a Marianna K\u0142os? <\/p>\n<p> Ile punkt\u00f3w zdoby\u0142a reprezentantka Francji? <\/p>\n<p class=\"ods-c-paragraph \">Reprezentantka Francji zdoby\u0142a w g\u0142osowaniu telewidz\u00f3w 96 punkt\u00f3w. Po zsumowaniu z punktami, kt\u00f3re otrzyma\u0142a od jury, \u0142\u0105cznie zdoby\u0142a 248, pewnie wyprzedzaj\u0105c Ukraink\u0119 Sofi\u0119 Nersesian, kt\u00f3ra zdoby\u0142a 177 punkt\u00f3w. Podium zamkn\u0119\u0142a reprezentuj\u0105ca Gruzj\u0119 Anita Abgariani, kt\u00f3ra zdoby\u0142a 176 punkt\u00f3w.<\/p>\n<p class=\"ods-c-paragraph \">Lou Deleuze by\u0142a wyra\u017anie wzruszona, kiedy pojawi\u0142a si\u0119 na scenie po og\u0142oszeniu wynik\u00f3w. W wywiadach przed wyst\u0119pem podkre\u015bla\u0142a, \u017ce je\u015bli zdob\u0119dzie popularno\u015b\u0107, chcia\u0142aby wykorzystywa\u0107 j\u0105 do &#8222;wprowadzania pozytywnych zmian&#8221;. Dzi\u0119ki Eurowizji Junior podzieli\u0142a si\u0119 ze \u015bwiatem przes\u0142aniem nadziei i wiary w lepsz\u0105 przysz\u0142o\u015b\u0107.<\/p>\n<p class=\"ods-c-paragraph \">Marianna K\u0142os, kt\u00f3ra wyst\u0105pi\u0142a w barwach bia\u0142o-czerwonych, uzyska\u0142a od telewidz\u00f3w i jury \u0142\u0105cznie 139 punkt\u00f3w, plasuj\u0105c si\u0119 na 8 miejscu. <\/p>\n","protected":false},"excerpt":{"rendered":"Lou Deleuze wygra\u0142a tegoroczn\u0105 Eurowizj\u0119 Junior, kt\u00f3ra odbywa\u0142a si\u0119 w Tblisi. Reprezentantka Francji zapewni\u0142a tym samym temu pa\u0144stwu&hellip;\n","protected":false},"author":2,"featured_media":151488,"comment_status":"","ping_status":"","sticky":false,"template":"","format":"standard","meta":{"footnotes":""},"categories":[5],"tags":[32,33,29907,36,37,27,34,35,1252,28,919,31,48,25,46,42,38,40,39,41,47,29,30,26],"class_list":{"0":"post-151487","1":"post","2":"type-post","3":"status-publish","4":"format-standard","5":"has-post-thumbnail","7":"category-naglowki","8":"tag-breaking-news","9":"tag-breakingnews","10":"tag-eurowizja_junior","11":"tag-featured-news","12":"tag-featurednews","13":"tag-headlines","14":"tag-latest-news","15":"tag-latestnews","16":"tag-muzyka","17":"tag-naglowki","18":"tag-najnowsze_wiadomosci_kultura","19":"tag-najwazniejsze-artykuly","20":"tag-nat_styl","21":"tag-news","22":"tag-omp","23":"tag-pl","24":"tag-poland","25":"tag-polish","26":"tag-polska","27":"tag-polski","28":"tag-screening_general","29":"tag-top-stories","30":"tag-topstories","31":"tag-wiadomosci"},"share_on_mastodon":{"url":"https:\/\/pubeurope.com\/@pl\/115722403478536079","error":""},"_links":{"self":[{"href":"https:\/\/www.europesays.com\/pl\/wp-json\/wp\/v2\/posts\/151487","targetHints":{"allow":["GET"]}}],"collection":[{"href":"https:\/\/www.europesays.com\/pl\/wp-json\/wp\/v2\/posts"}],"about":[{"href":"https:\/\/www.europesays.com\/pl\/wp-json\/wp\/v2\/types\/post"}],"author":[{"embeddable":true,"href":"https:\/\/www.europesays.com\/pl\/wp-json\/wp\/v2\/users\/2"}],"replies":[{"embeddable":true,"href":"https:\/\/www.europesays.com\/pl\/wp-json\/wp\/v2\/comments?post=151487"}],"version-history":[{"count":0,"href":"https:\/\/www.europesays.com\/pl\/wp-json\/wp\/v2\/posts\/151487\/revisions"}],"wp:featuredmedia":[{"embeddable":true,"href":"https:\/\/www.europesays.com\/pl\/wp-json\/wp\/v2\/media\/151488"}],"wp:attachment":[{"href":"https:\/\/www.europesays.com\/pl\/wp-json\/wp\/v2\/media?parent=151487"}],"wp:term":[{"taxonomy":"category","embeddable":true,"href":"https:\/\/www.europesays.com\/pl\/wp-json\/wp\/v2\/categories?post=151487"},{"taxonomy":"post_tag","embeddable":true,"href":"https:\/\/www.europesays.com\/pl\/wp-json\/wp\/v2\/tags?post=151487"}],"curies":[{"name":"wp","href":"https:\/\/api.w.org\/{rel}","templated":true}]}}