{"id":151489,"date":"2025-12-15T07:28:08","date_gmt":"2025-12-15T07:28:08","guid":{"rendered":"https:\/\/www.europesays.com\/pl\/151489\/"},"modified":"2025-12-15T07:28:08","modified_gmt":"2025-12-15T07:28:08","slug":"wielka-katastrofa-w-legii-warszawa-jest-w-miejscu-w-ktorym-nie-powinna-sie-znalezc-2","status":"publish","type":"post","link":"https:\/\/www.europesays.com\/pl\/151489\/","title":{"rendered":"Wielka katastrofa w Legii Warszawa. Jest w miejscu, w kt\u00f3rym nie powinna si\u0119 znale\u017a\u0107"},"content":{"rendered":"<p class=\"Paragraph_desktopParagraph__Fd2e9\">Wszystko si\u0119 przeci\u0105gn\u0119\u0142o, troch\u0119 sytuacja by\u0142a przypudrowana zwyci\u0119stwem nad Szachtarem Donieck (2:1) i dwoma golami Rafa\u0142a Augustyniaka. Nie mo\u017ce to jednak a\u017c tak usprawiedliwia\u0107 obecnej katastrofy.<\/p>\n<p>Kamil Kosowski: Inaki Astiz potrzebuje wi\u0119cej czasu, kt\u00f3rego nie dostanie<\/p>\n<p class=\"Paragraph_desktopParagraph__Fd2e9\">Wida\u0107 jak na d\u0142oni, \u017ce Astiz potrzebuje wi\u0119cej czasu, kt\u00f3rego nie dostanie. Pewnie odejdzie, bo nie s\u0105dz\u0119, \u017ceby zosta\u0142 przy nowym trenerze, je\u015bli b\u0119dzie nim Marek Papszun. Sam jestem ciekawy, jak to si\u0119 rozwinie. To by\u0142a szansa dla Astiza, by pokaza\u0107 si\u0119 z dobrej strony, nawet w tak trudnym momencie. Przypominam sobie sytuacj\u0119 sprzed czterech lat, gdy b\u0119d\u0105cy nadal na kontrakcie w klubie, ale odsuni\u0119ty od prowadzenia zespo\u0142u Aleksandar Vukovi\u0107 zosta\u0142 poproszony o ponowne obj\u0119cie b\u0119d\u0105cej w strefie spadkowej dru\u017cyny i wyprowadzi\u0142 Legi\u0119 z kryzysu, potrafi\u0142 j\u0105 podnie\u015b\u0107.<\/p>\n<p class=\"VideoPlayerText_videoPlayerText__zrtJk\">Dalszy ci\u0105g materia\u0142u pod wideo<\/p>\n<p class=\"Paragraph_desktopParagraph__Fd2e9\">To dobre por\u00f3wnanie, mo\u017cemy obserwowa\u0107 dwa r\u00f3\u017cne sposoby zarz\u0105dzania zespo\u0142em, ale te\u017c dwa r\u00f3\u017cne charaktery zawodnik\u00f3w, kt\u00f3rych widzia\u0142em na boisku jeszcze jako pi\u0142karz. Inaki by\u0142 dobrym pi\u0142karzem, eleganckim i stroni\u0105cym od konflikt\u00f3w. Natomiast &#8222;Vuko&#8221; prezentowa\u0142 zadziorno\u015b\u0107, charakter, niekiedy konfliktowo\u015b\u0107 na murawie, ale w \u015brodku pola takich pi\u0142karzy r\u00f3wnie\u017c potrzeba. Ten charakter z boiska zauwa\u017cyli\u015bmy tak\u017ce u niego na \u0142awce trenerskiej.<\/p>\n<p class=\"Paragraph_desktopParagraph__Fd2e9\">Vukovi\u0107 si\u0119 sprawdzi\u0142, Astiz jako pierwszy trener na razie nie. Kibicowa\u0142em mu, my\u015bla\u0142em, \u017ce da rad\u0119, bo Legia to jednak Legia, i s\u0105dzi\u0142em, \u017ce zesp\u00f3\u0142 w ko\u0144cu si\u0119 podniesie, a dzieje si\u0119 co\u015b odwrotnego. Jeszcze raz musia\u0142bym wr\u00f3ci\u0107 do wcze\u015bniejszych felieton\u00f3w, gdy pisa\u0142em, \u017ce na \u0141azienkowskiej praktycznie nie ma lider\u00f3w, kt\u00f3rzy z tym klubem si\u0119 po prostu identyfikuj\u0105 \u2014 tak jak Artur J\u0119drzejczyk, kt\u00f3ry jest w zasadzie jedn\u0105 nog\u0105 na pi\u0142karskiej emeryturze. Nowi tego nie maj\u0105, cz\u0119\u015b\u0107 zagranicznych zawodnik\u00f3w pewnie nawet tego nie rozumie.<\/p>\n<p><img decoding=\"async\" src=\"https:\/\/www.europesays.com\/pl\/wp-content\/uploads\/2025\/12\/inaki-astiz.jpg\" alt=\"Inaki Astiz\" width=\"944\" height=\"630\" loading=\"lazy\" class=\"\" \/>Inaki Astiz (Foto: Wojciech Dobrzy\u0144ski \/ newspix.pl)Legia znajduje si\u0119 w miejscu, w kt\u00f3rym nigdy nie powinna si\u0119 znale\u017a\u0107<\/p>\n<p class=\"Paragraph_desktopParagraph__Fd2e9\">Legia w tym momencie znajduje si\u0119 w miejscu, w kt\u00f3rym nigdy nie powinna si\u0119 znale\u017a\u0107. Chyba nikt przed sezonem nie wyobra\u017ca\u0142 sobie takiego scenariusza. Trzeba pokaza\u0107 jaja, charakter, wyplu\u0107 flaki i zacz\u0105\u0107 dzia\u0142a\u0107. \u0141atwo si\u0119 m\u00f3wi, ale trzeba wszystko pokaza\u0107 na boisku, bo jak na razie jest zupe\u0142nie inaczej. To \u017caden aspekt fizyczny, tylko mentalny, bo kiedy jest zwyci\u0119stwo lub remis, to jest w porz\u0105dku, ale kiedy Legia traci bramk\u0119, zaczyna si\u0119 kosmos. W tak uznanym klubie to niedopuszczalne.<\/p>\n<p class=\"Paragraph_desktopParagraph__Fd2e9\">Wszystko przestaje dzia\u0142a\u0107, nie wida\u0107 hartu ducha, kt\u00f3ry pozwoli\u0142by, \u017ceby wr\u00f3ci\u0107 do meczu i go wygra\u0107. W ekstraklasowej tabeli te\u017c jest szale\u0144stwo, mocno namiesza\u0142y Wis\u0142a P\u0142ock i G\u00f3rnik Zabrze, inne zespo\u0142y wykorzystuj\u0105 b\u0142\u0119dy wi\u0119kszych rywali. W czwartek na wyje\u017adzie przeciwko Noah Erywa\u0144 (1:2) Legia przecie\u017c musia\u0142a widzie\u0107, jakie b\u0142\u0119dy pope\u0142nia linia defensywna gospodarzy, ile jest przestrzeni, zreszt\u0105 obserwowali\u015bmy, w jakich okoliczno\u015bciach gola strzeli\u0142 Mileta Rajovi\u0107. Co si\u0119 sta\u0142o p\u00f3\u017aniej? Szkoda nawet do tego wraca\u0107. Legia jest bardzo przewidywalna, zbyt czytelna i ca\u0142y czas gubi si\u0119 w defensywie.<\/p>\n<p class=\"Paragraph_desktopParagraph__Fd2e9\">Jak spogl\u0105dali\u015bmy na niekt\u00f3rych pi\u0142karzy warszawskiej dru\u017cyny przed sezonem, wydawa\u0142o si\u0119, \u017ce wszystko jest na odpowiednim miejscu, by porz\u0105dnie przygotowa\u0107 si\u0119 do rozgrywek i gra\u0107 na trzech frontach. Pami\u0119tamy ko\u0144c\u00f3wk\u0119 okna transferowego, poka\u017ane wzmocnienia. Trener Papszun przejmie Legi\u0119 w bardzo g\u0142\u0119bokim kryzysie, a ten urlop, kt\u00f3ry lada chwila si\u0119 zacznie, przyda si\u0119 wszystkim na \u0141azienkowskiej. Nie tylko pi\u0142karzom, ale te\u017c prezesom, dyrektorom sportowym. Oni wprawdzie klasycznego urlopu mie\u0107 nie b\u0119d\u0105, ale niech przewietrz\u0105 g\u0142owy. Niech spojrz\u0105 na to z innej perspektywy i poczyni\u0105 ruchy, \u017ceby naprawi\u0107 ca\u0142y proces. Nie jestem w stanie sobie wyobrazi\u0107, \u017ce na wiosn\u0119 Legia b\u0119dzie gra\u0142a tak fatalnie jak obecnie.<\/p>\n","protected":false},"excerpt":{"rendered":"Wszystko si\u0119 przeci\u0105gn\u0119\u0142o, troch\u0119 sytuacja by\u0142a przypudrowana zwyci\u0119stwem nad Szachtarem Donieck (2:1) i dwoma golami Rafa\u0142a Augustyniaka. Nie&hellip;\n","protected":false},"author":2,"featured_media":151490,"comment_status":"","ping_status":"","sticky":false,"template":"","format":"standard","meta":{"footnotes":""},"categories":[24],"tags":[16990,9272,3106,274,67,2563,2561,948,42,38,40,39,41,136,128,47,127,135,126,10862,130],"class_list":{"0":"post-151489","1":"post","2":"type-post","3":"status-publish","4":"format-standard","5":"has-post-thumbnail","7":"category-sport","8":"tag-aleksandar_vukovic","9":"tag-artur_jedrzejczyk","10":"tag-dzis_pisza_dla_was","11":"tag-ekstraklasa","12":"tag-intextvideo_splayer","13":"tag-legia_warszawa","14":"tag-marek_papszun","15":"tag-pilka_nozna","16":"tag-pl","17":"tag-poland","18":"tag-polish","19":"tag-polska","20":"tag-polski","21":"tag-ps_detal_new","22":"tag-psv2","23":"tag-screening_general","24":"tag-sport","25":"tag-sport_sport","26":"tag-sports","27":"tag-trener","28":"tag-wiadomosci_sportowe"},"share_on_mastodon":{"url":"https:\/\/pubeurope.com\/@pl\/115722407883208058","error":""},"_links":{"self":[{"href":"https:\/\/www.europesays.com\/pl\/wp-json\/wp\/v2\/posts\/151489","targetHints":{"allow":["GET"]}}],"collection":[{"href":"https:\/\/www.europesays.com\/pl\/wp-json\/wp\/v2\/posts"}],"about":[{"href":"https:\/\/www.europesays.com\/pl\/wp-json\/wp\/v2\/types\/post"}],"author":[{"embeddable":true,"href":"https:\/\/www.europesays.com\/pl\/wp-json\/wp\/v2\/users\/2"}],"replies":[{"embeddable":true,"href":"https:\/\/www.europesays.com\/pl\/wp-json\/wp\/v2\/comments?post=151489"}],"version-history":[{"count":0,"href":"https:\/\/www.europesays.com\/pl\/wp-json\/wp\/v2\/posts\/151489\/revisions"}],"wp:featuredmedia":[{"embeddable":true,"href":"https:\/\/www.europesays.com\/pl\/wp-json\/wp\/v2\/media\/151490"}],"wp:attachment":[{"href":"https:\/\/www.europesays.com\/pl\/wp-json\/wp\/v2\/media?parent=151489"}],"wp:term":[{"taxonomy":"category","embeddable":true,"href":"https:\/\/www.europesays.com\/pl\/wp-json\/wp\/v2\/categories?post=151489"},{"taxonomy":"post_tag","embeddable":true,"href":"https:\/\/www.europesays.com\/pl\/wp-json\/wp\/v2\/tags?post=151489"}],"curies":[{"name":"wp","href":"https:\/\/api.w.org\/{rel}","templated":true}]}}