{"id":151497,"date":"2025-12-15T07:33:13","date_gmt":"2025-12-15T07:33:13","guid":{"rendered":"https:\/\/www.europesays.com\/pl\/151497\/"},"modified":"2025-12-15T07:33:13","modified_gmt":"2025-12-15T07:33:13","slug":"wgotowosci-rowniez-w-wielkopolsce-po-raz-ostatni-w-tym-roku","status":"publish","type":"post","link":"https:\/\/www.europesays.com\/pl\/151497\/","title":{"rendered":"&#8222;wGotowo\u015bci&#8221; r\u00f3wnie\u017c w Wielkopolsce. Po raz ostatni w tym roku"},"content":{"rendered":"<p>    W weekend, 12 Wielkopolska Brygada Obrony Terytorialnej przeprowadzi\u0142a powszechne dobrowolne szkolenia obronne we wszystkich swoich batalionach.<\/p>\n<p>Biedrusko, Leszno, Dolaszewo &#8211; to w\u0142a\u015bnie tam odby\u0142y si\u0119 ostatnie szkolenia &#8222;wGotowo\u015bci&#8221;, przygotowane dla spo\u0142ecze\u0144stwa przez wielkopolskich Terytorials\u00f3w. Uczestnicy projektu podkre\u015blaj\u0105, \u017ce bior\u0105 w nim udzia\u0142, aby zdoby\u0107 wiedz\u0119 przydatn\u0105 dla siebie i swojego otoczenia. &#8222;wGotowo\u015bci&#8221; to inicjatywa Ministerstwa Obrony Narodowej oraz Sztabu Generalnego Wojska Polskiego. W Nowym Roku ruszy kolejna edycja szkole\u0144. <\/p>\n<p><a href=\"https:\/\/epoznan.pl\/adsysClick?id=20738\" target=\"_blank\" rel=\"nofollow noopener\">Bo\u017ce Narodzenie w Linea Mare to spokojny, rodzinny czas nad morzem: kol\u0119dy, rado\u015b\u0107 dzieci czekaj\u0105cych na Miko\u0142aja i wieczorny relaks 350 m do pla\u017cy &#8211; \u015awi\u0119ta, kt\u00f3re zapami\u0119tasz.<\/a><\/p>\n<p>REKLAMA<\/p>\n<p style=\"margin-top: 0;\">Program obejmuje dwie \u015bcie\u017cki: odporno\u015bci i rezerwy. \u015acie\u017cka odporno\u015bci jest przeznaczona dla wszystkich obywateli, w tym pracownik\u00f3w instytucji publicznych. Sk\u0142ada si\u0119 z czterech jednodniowych kurs\u00f3w tematycznych: bezpiecze\u0144stwa, przetrwania, medycznego oraz cyberhigieny. Szkolenia ucz\u0105 m.in. przygotowania siebie i domu na sytuacje kryzysowe, udzielania pierwszej pomocy, reagowania na zagro\u017cenia oraz ochrony danych w sieci. <\/p>\n<p>&#8222;Od 2026 roku planowane jest uruchomienie otwartych zapis\u00f3w na szkolenia grupowe poprzez formularz online i aplikacj\u0119 mObywatel&#8221;- zapowiada kpt. Anna Jasi\u0144ska-Pawlikowska, oficer prasowy 12. Wielkopolskiej Brygady Obrony Terytorialnej. <\/p>\n<p>\u015acie\u017cka rezerwy skierowana jest do os\u00f3b bez przeszkolenia wojskowego, \u017co\u0142nierzy rezerwy i kandydat\u00f3w na oficer\u00f3w. Obejmuje szkolenia podstawowe, kursy doskonal\u0105ce i trzyletnie kursy oficerskie przy uczelniach cywilnych.<br \/>&#8222;Pilota\u017cowa edycja by\u0142a realizowana w oparciu o \u015bcie\u017ck\u0119 odporno\u015bci. Na szkoleniach z \u017co\u0142nierzami 12 WBOT, uczestnicy nauczyli si\u0119 m.in.: udzielania pierwszej pomocy. Ratownicy medyczni u\u015bwiadomili, \u017ce jest to wa\u017cny aspekt w naszym \u017cyciu. Nigdy nie wiadomo, kiedy b\u0119dziemy musieli wykorzysta\u0107 t\u0119 wiedz\u0119 w praktyce. Osoby uczestnicz\u0105ce w szkoleniu obronnym, mia\u0142y okazj\u0119 wzi\u0105\u0107 udzia\u0142 w zaj\u0119ciach z pierwszej pomocy medycznej. \u017bo\u0142nierze &#8211; ratownicy medyczni, wyt\u0142umaczyli, jak zaj\u0105\u0107 si\u0119 osob\u0105, kt\u00f3ra np. straci\u0142a przytomno\u015b\u0107. Kursanci uczyli si\u0119 m. in. resuscytacji kr\u0105\u017ceniowo-oddechowej (RKO) i wykorzystania AED, tamowania masywnych krwotok\u00f3w, czy u\u017cywania opaski uciskowej. Zaj\u0119cia mia\u0142y charakter warsztatowy, wi\u0119c ka\u017cdy uczestnik mia\u0142 okazj\u0119 prze\u0107wiczy\u0107 procedur\u0119&#8221;- doda\u0142a rzeczniczka. <\/p>\n<p>Kolejne zagadnienia dotyczy\u0142y przetrwania. \u017bo\u0142nierze pokazywali uczestnikom, jak w prosty spos\u00f3b korzysta\u0107 z mapy, przygotowa\u0107 si\u0119 do dzia\u0142a\u0144 w sytuacjach kryzysowych, rozpali\u0107 ogie\u0144 oraz zapewni\u0107 wod\u0119 do picia i schronienie. <\/p>\n<p>&#8222;Zainteresowaniem cieszy\u0142o si\u0119 tak\u017ce szkolenie z zakresu cyberhigieny, gdzie kursanci dowiedzieli si\u0119, jak dba\u0107 o swoje bezpiecze\u0144stwo w sieci, jak nie pa\u015b\u0107 ofiar\u0105 cho\u0107by &#8222;phishingu&#8221;. Szkolenia s\u0105 dobrowolne i dost\u0119pne dla wszystkich pe\u0142noletnich obywateli. Program przygotowuje na r\u00f3\u017cne sytuacje, takie jak wypadki komunikacyjne, po\u017cary czy awarie infrastruktury&#8221; &#8211; przekazuje kpt. Jasi\u0144ska-Pawlikowska. <\/p>\n<p>&#8222;wGotowo\u015bci&#8221; uczy, jak reagowa\u0107 w sytuacjach kryzysowych, pomaga\u0107 s\u0142u\u017cbom ratowniczym i zachowa\u0107 spok\u00f3j w stresie. To praktyczne szkolenie, kt\u00f3re daje realne umiej\u0119tno\u015bci &#8211; mog\u0105ce uratowa\u0107 \u017cycie swoje i innych&#8221;- ko\u0144czy. <\/p>\n<p style=\"margin-bottom: 6px;\">Autor: <a href=\"https:\/\/epoznan.pl\/newsListAuthor-j\" rel=\"nofollow noopener\" target=\"_blank\">j<\/a><\/p>\n<p>Dodano: 14 grudnia 2025 r. godz. 14:02<\/p>\n","protected":false},"excerpt":{"rendered":"W weekend, 12 Wielkopolska Brygada Obrony Terytorialnej przeprowadzi\u0142a powszechne dobrowolne szkolenia obronne we wszystkich swoich batalionach. Biedrusko, Leszno,&hellip;\n","protected":false},"author":2,"featured_media":151498,"comment_status":"","ping_status":"","sticky":false,"template":"","format":"standard","meta":{"footnotes":""},"categories":[12],"tags":[32,33,36,37,27,34,35,28,31,25,42,38,40,39,41,29,30,26,161],"class_list":{"0":"post-151497","1":"post","2":"type-post","3":"status-publish","4":"format-standard","5":"has-post-thumbnail","7":"category-polska","8":"tag-breaking-news","9":"tag-breakingnews","10":"tag-featured-news","11":"tag-featurednews","12":"tag-headlines","13":"tag-latest-news","14":"tag-latestnews","15":"tag-naglowki","16":"tag-najwazniejsze-artykuly","17":"tag-news","18":"tag-pl","19":"tag-poland","20":"tag-polish","21":"tag-polska","22":"tag-polski","23":"tag-top-stories","24":"tag-topstories","25":"tag-wiadomosci","26":"tag-wojsko"},"share_on_mastodon":{"url":"https:\/\/pubeurope.com\/@pl\/115722427033133362","error":""},"_links":{"self":[{"href":"https:\/\/www.europesays.com\/pl\/wp-json\/wp\/v2\/posts\/151497","targetHints":{"allow":["GET"]}}],"collection":[{"href":"https:\/\/www.europesays.com\/pl\/wp-json\/wp\/v2\/posts"}],"about":[{"href":"https:\/\/www.europesays.com\/pl\/wp-json\/wp\/v2\/types\/post"}],"author":[{"embeddable":true,"href":"https:\/\/www.europesays.com\/pl\/wp-json\/wp\/v2\/users\/2"}],"replies":[{"embeddable":true,"href":"https:\/\/www.europesays.com\/pl\/wp-json\/wp\/v2\/comments?post=151497"}],"version-history":[{"count":0,"href":"https:\/\/www.europesays.com\/pl\/wp-json\/wp\/v2\/posts\/151497\/revisions"}],"wp:featuredmedia":[{"embeddable":true,"href":"https:\/\/www.europesays.com\/pl\/wp-json\/wp\/v2\/media\/151498"}],"wp:attachment":[{"href":"https:\/\/www.europesays.com\/pl\/wp-json\/wp\/v2\/media?parent=151497"}],"wp:term":[{"taxonomy":"category","embeddable":true,"href":"https:\/\/www.europesays.com\/pl\/wp-json\/wp\/v2\/categories?post=151497"},{"taxonomy":"post_tag","embeddable":true,"href":"https:\/\/www.europesays.com\/pl\/wp-json\/wp\/v2\/tags?post=151497"}],"curies":[{"name":"wp","href":"https:\/\/api.w.org\/{rel}","templated":true}]}}