{"id":151508,"date":"2025-12-15T07:39:08","date_gmt":"2025-12-15T07:39:08","guid":{"rendered":"https:\/\/www.europesays.com\/pl\/151508\/"},"modified":"2025-12-15T07:39:08","modified_gmt":"2025-12-15T07:39:08","slug":"rob-reiner-nie-zyje-rezyser-zostal-znaleziony-wraz-z-zona","status":"publish","type":"post","link":"https:\/\/www.europesays.com\/pl\/151508\/","title":{"rendered":"Rob Reiner nie \u017cyje. Re\u017cyser zosta\u0142 znaleziony wraz z \u017con\u0105"},"content":{"rendered":"<p>Funkcjonariusz organ\u00f3w \u015bcigania pod warunkiem zachowania anonimowo\u015bci ujawni\u0142 agencji Associated Press, \u017ce na zw\u0142okach Roba Reinera i jego \u017cony Michele \u015bledczy ujawnili rany. Przes\u0142uchany mia\u0142 zosta\u0107 cz\u0142onek rodziny zmar\u0142ego ma\u0142\u017ce\u0144stwa.<\/p>\n<p>\u00a0<\/p>\n<p>Wcze\u015bniej stra\u017c po\u017carna poda\u0142a, \u017ce kr\u00f3tko po godzinie 15:30 (czasu miejscowego) zareagowa\u0142a na pro\u015bb\u0119 o pomoc medyczn\u0105 i znalaz\u0142a w domu cia\u0142a 78-letniego m\u0119\u017cczyzny i 68-letniej kobiety. Reiner sko\u0144czy\u0142 78 lat w marcu.\u00a0<\/p>\n<p>Rob Reiner nie \u017cyje. Zosta\u0142 znaleziony wraz z \u017con\u0105 we w\u0142asnym domu<\/p>\n<p>Kapitan Mike Bland z policji Los Angeles poinformowa\u0142, \u017ce detektywi prowadz\u0105 dochodzenie w sprawie &#8222;prawdopodobnego zab\u00f3jstwa&#8221;.<\/p>\n<p>\u00a0<\/p>\n<p>ZOBACZ: <a href=\"https:\/\/www.polsatnews.pl\/wiadomosc\/2025-12-13\/nie-zyje-aktor-peter-greene-jego-wystep-w-pulp-fiction-stal-sie-kultowy\/\" rel=\"nofollow noopener\" target=\"_blank\">Nie \u017cyje aktor Peter Greene. Jego wyst\u0119p w &#8222;Pulp Fiction&#8221; sta\u0142 si\u0119 kultowy<\/a><\/p>\n<p>\u00a0<\/p>\n<p>Jednocze\u015bnie &#8211; jak poda\u0142a AP &#8211; w\u0142adze Los Angeles nie potwierdzi\u0142y to\u017csamo\u015bci os\u00f3b znalezionych w rezydencji w ekskluzywnej dzielnicy Brentwood, w zachodniej cz\u0119\u015bci miasta, w kt\u00f3rej mieszka wielu s\u0142awnych ludzi.<\/p>\n<p>\u00a0<\/p>\n<p>Szczyt popularno\u015bci Reinera przypad\u0142 na lata 80. i 90. Wyre\u017cyserowa\u0142 w\u00f3wczas m.in. &#8222;Misery&#8221; (1990), &#8222;Ludzi honoru&#8221; (1992) oraz &#8222;Kiedy Harry pozna\u0142 Sally&#8221; (1989), a zagra\u0142 m.in. w &#8222;Oto Spinal Tap&#8221; (1984) czy &#8222;Wilku z Wall Street&#8221; (2013).<\/p>\n<p>\u00a0<\/p>\n<p>Widzia\u0142e\u015b co\u015b wa\u017cnego? Przy\u015blij zdj\u0119cie, film lub napisz, co si\u0119 sta\u0142o. Skorzystaj z naszej <a href=\"https:\/\/www.polsatnews.pl\/platforma-widzow\/\" target=\"_blank\" rel=\"noopener noreferrer nofollow\">Wrzutni<\/a><\/p>\n<p>                <a class=\"news__read-more-button\" href=\"https:\/\/www.polsatnews.pl\/\" rel=\"nofollow noopener\" target=\"_blank\">Czytaj wi\u0119cej<\/a><\/p>\n<p>\t\t\tChcesz by\u0107 na bie\u017c\u0105co z najnowszymi newsami?<\/p>\n<p class=\"app-ad__preview\">Jeste\u015bmy w aplikacji na Tw\u00f3j telefon. Sprawd\u017a\u00a0nas!<\/p>\n","protected":false},"excerpt":{"rendered":"Funkcjonariusz organ\u00f3w \u015bcigania pod warunkiem zachowania anonimowo\u015bci ujawni\u0142 agencji Associated Press, \u017ce na zw\u0142okach Roba Reinera i jego&hellip;\n","protected":false},"author":2,"featured_media":151509,"comment_status":"","ping_status":"","sticky":false,"template":"","format":"standard","meta":{"footnotes":""},"categories":[14],"tags":[32,33,27,34,35,28,31,25,40,41,80,29,30,26,82,83,84],"class_list":{"0":"post-151508","1":"post","2":"type-post","3":"status-publish","4":"format-standard","5":"has-post-thumbnail","7":"category-swiat","8":"tag-breaking-news","9":"tag-breakingnews","10":"tag-headlines","11":"tag-latest-news","12":"tag-latestnews","13":"tag-naglowki","14":"tag-najwazniejsze-artykuly","15":"tag-news","16":"tag-polish","17":"tag-polski","18":"tag-swiat","19":"tag-top-stories","20":"tag-topstories","21":"tag-wiadomosci","22":"tag-world","23":"tag-world-news","24":"tag-worldnews"},"share_on_mastodon":{"url":"","error":""},"_links":{"self":[{"href":"https:\/\/www.europesays.com\/pl\/wp-json\/wp\/v2\/posts\/151508","targetHints":{"allow":["GET"]}}],"collection":[{"href":"https:\/\/www.europesays.com\/pl\/wp-json\/wp\/v2\/posts"}],"about":[{"href":"https:\/\/www.europesays.com\/pl\/wp-json\/wp\/v2\/types\/post"}],"author":[{"embeddable":true,"href":"https:\/\/www.europesays.com\/pl\/wp-json\/wp\/v2\/users\/2"}],"replies":[{"embeddable":true,"href":"https:\/\/www.europesays.com\/pl\/wp-json\/wp\/v2\/comments?post=151508"}],"version-history":[{"count":0,"href":"https:\/\/www.europesays.com\/pl\/wp-json\/wp\/v2\/posts\/151508\/revisions"}],"wp:featuredmedia":[{"embeddable":true,"href":"https:\/\/www.europesays.com\/pl\/wp-json\/wp\/v2\/media\/151509"}],"wp:attachment":[{"href":"https:\/\/www.europesays.com\/pl\/wp-json\/wp\/v2\/media?parent=151508"}],"wp:term":[{"taxonomy":"category","embeddable":true,"href":"https:\/\/www.europesays.com\/pl\/wp-json\/wp\/v2\/categories?post=151508"},{"taxonomy":"post_tag","embeddable":true,"href":"https:\/\/www.europesays.com\/pl\/wp-json\/wp\/v2\/tags?post=151508"}],"curies":[{"name":"wp","href":"https:\/\/api.w.org\/{rel}","templated":true}]}}