{"id":151510,"date":"2025-12-15T07:40:16","date_gmt":"2025-12-15T07:40:16","guid":{"rendered":"https:\/\/www.europesays.com\/pl\/151510\/"},"modified":"2025-12-15T07:40:16","modified_gmt":"2025-12-15T07:40:16","slug":"potezny-antycyklon-frieda-blisko-polski-wiemy-jaka-przyniesie-nam-dzis-pogode","status":"publish","type":"post","link":"https:\/\/www.europesays.com\/pl\/151510\/","title":{"rendered":"Pot\u0119\u017cny antycyklon Frieda blisko Polski. Wiemy, jak\u0105 przyniesie nam dzi\u015b pogod\u0119"},"content":{"rendered":"<p class=\"ods-c-paragraph \">Od rana rozpogadza si\u0119 tylko na kra\u0144cach po\u0142udniowych i tam zarazem chwyci\u0142 lekki mr\u00f3z. Poza tym jest pochmurno, z dodatni\u0105 temperatur\u0105, ale sucho. Gdzieniegdzie utworzy\u0142y si\u0119 silne zamglenia, a na po\u0142udniu r\u00f3wnie\u017c <a href=\"https:\/\/wiadomosci.onet.pl\/mgly\" id=\"4da6794d-eb43-4f30-8634-17b77713a854\" rel=\"nofollow noopener\" target=\"_blank\">mg\u0142y<\/a>, niekt\u00f3re marzn\u0105ce.<\/p>\n<p>Mamy pogod\u0119 na dzi\u015b. Polska si\u0119 podzieli. Cz\u0119\u015b\u0107 kraju s\u0142oneczna, ale b\u0119d\u0105 te\u017c regiony zachmurzone<\/p>\n<p class=\"ods-c-paragraph \">W kolejnych godzinach \u0142adn\u0105 pogod\u0119 zapowiadamy na zachodzie, po\u0142udniu i w centrum, gdzie nie b\u0119dzie pada\u0107 i nie zabraknie <a href=\"https:\/\/wiadomosci.onet.pl\/slonce\" id=\"252c8732-56b9-4ca3-ae97-e5a68810666d\" rel=\"nofollow noopener\" target=\"_blank\">s\u0142o\u0144ca<\/a>. Im dalej na wsch\u00f3d i p\u00f3\u0142noc, tym czeka nas gorsza aura. G\u0119ste, niskie chmury (kt\u00f3re nie przynios\u0105 opad\u00f3w) prawdopodobnie nie odpuszcz\u0105 i lokalnie ca\u0142y czas mog\u0105 im towarzyszy\u0107 zamglenia.<\/p>\n<p>   <img decoding=\"async\" src=\"https:\/\/www.europesays.com\/pl\/wp-content\/uploads\/2025\/12\/0B1k9lBaHR0cHM6Ly9vY2RuLmV1L3B1bHNjbXMvTURBXy9hM2I3YjU5MDg1NGMwMTllNDViYzYxOThmNTY0ZWRmNC5wbmeRlQLNB.jpeg\" height=\"1142\" width=\"940\" alt=\"W wi\u0119kszo\u015bci kraju poniedzia\u0142ek b\u0119dzie pogodny. Najwi\u0119ksze zachmurzenie utrzyma si\u0119 na p\u00f3\u0142nocy\" loading=\"lazy\" class=\"ods-c-image__img ods-c-image__img--vertical\"\/><\/p>\n<p>W wi\u0119kszo\u015bci kraju poniedzia\u0142ek b\u0119dzie pogodny. Najwi\u0119ksze zachmurzenie utrzyma si\u0119 na p\u00f3\u0142nocyArkadiusz P\u0142achta \/ Onet<\/p>\n<p class=\"ods-c-paragraph \">Termometry na przewa\u017caj\u0105cym obszarze kraju poka\u017c\u0105 dzi\u015b 4-6 st. C. Jeszcze cieplej b\u0119dzie na po\u0142udniowym zachodzie i kra\u0144cach po\u0142udniowych, gdzie odnotujemy nawet 7-8 st. C.<\/p>\n<p>Dalszy ci\u0105g artyku\u0142u pod materia\u0142em wideo<\/p>\n<p> Jaka pogoda b\u0119dzie dzi\u015b w Polsce? <\/p>\n<p> Czy b\u0119d\u0105 opady deszczu? <\/p>\n<p> Jakie b\u0119d\u0105 temperatury w r\u00f3\u017cnych regionach? <\/p>\n<p> Jakie zjawiska atmosferyczne mog\u0105 wyst\u0105pi\u0107 w nocy? <\/p>\n<p class=\"ods-c-paragraph \">Wiatr powieje z kierunk\u00f3w zachodnich i po\u0142udniowych, s\u0142abo b\u0105d\u017a umiarkowanie, na wschodzie okresami porywi\u015bcie. Na wschodzie i p\u00f3\u0142nocy, z racji chmur, odczujemy ch\u0142\u00f3d, a biomet nie b\u0119dzie dobry. W innych regionach zrobi si\u0119 nam komfortowo, a nawet ciep\u0142o, z kolei <a href=\"https:\/\/wiadomosci.onet.pl\/pogoda\" id=\"ce934707-8a7b-46dc-8d21-b85e1084f361\" rel=\"nofollow noopener\" target=\"_blank\">pogoda<\/a> zdecydowanie lepiej wp\u0142ynie na nasze samopoczucie.<\/p>\n<p>W nocy pogoda nie wsz\u0119dzie b\u0119dzie sprzyja\u0107. Pojawi\u0105 si\u0119 liczne przymrozki i g\u0119ste, marzn\u0105ce mg\u0142y   <\/p>\n<p class=\"ods-c-paragraph \">W nocy na p\u00f3\u0142nocy na og\u00f3\u0142 b\u0119dzie pochmurno, ale ju\u017c w g\u0142\u0119bi kraju nie zabraknie rozpogodze\u0144. Pada\u0107 nigdzie nie powinno, ale nad ranem w wielu miejscach ponownie utworz\u0105 si\u0119 g\u0119ste mg\u0142y i zamglenia, niekt\u00f3re marzn\u0105ce. Najwi\u0119cej pojawi si\u0119 ich na wschodzie, po\u0142udniu oraz na granicy woj. dolno\u015bl\u0105skiego z lubuskim. Najsilniejsze ogranicz\u0105 widzialno\u015b\u0107 poni\u017cej 100 m.<\/p>\n<p>   <img decoding=\"async\" src=\"https:\/\/www.europesays.com\/pl\/wp-content\/uploads\/2025\/12\/zHHk9lBaHR0cHM6Ly9vY2RuLmV1L3B1bHNjbXMvTURBXy83OWY0MGQzNTI2NzUzNDg4ZWNkOTdiMjk0MzVlOGY0NC5wbmeRlQLNB.jpeg\" height=\"1142\" width=\"940\" alt=\"W nocy pojawi\u0105 si\u0119 mg\u0142y i przymrozki\" loading=\"lazy\" class=\"ods-c-image__img ods-c-image__img--vertical\"\/><\/p>\n<p>W nocy pojawi\u0105 si\u0119 mg\u0142y i przymrozkiArkadiusz P\u0142achta \/ Onet<\/p>\n<p class=\"ods-c-paragraph \">Temperatura minimalna wyniesie od -5 st. C w Zakopanem, -2 st. C w centrum do 3 st. C nad morzem. Wiatr s\u0142aby i umiarkowany, w g\u00f3rach silniejszy, z kierunk\u00f3w po\u0142udniowych.<\/p>\n","protected":false},"excerpt":{"rendered":"Od rana rozpogadza si\u0119 tylko na kra\u0144cach po\u0142udniowych i tam zarazem chwyci\u0142 lekki mr\u00f3z. Poza tym jest pochmurno,&hellip;\n","protected":false},"author":2,"featured_media":151511,"comment_status":"","ping_status":"","sticky":false,"template":"","format":"standard","meta":{"footnotes":""},"categories":[12],"tags":[32,33,36,37,27,34,35,10372,28,31,48,25,46,42,78,38,40,39,41,3324,47,1984,29,30,26],"class_list":{"0":"post-151510","1":"post","2":"type-post","3":"status-publish","4":"format-standard","5":"has-post-thumbnail","7":"category-polska","8":"tag-breaking-news","9":"tag-breakingnews","10":"tag-featured-news","11":"tag-featurednews","12":"tag-headlines","13":"tag-latest-news","14":"tag-latestnews","15":"tag-mgla","16":"tag-naglowki","17":"tag-najwazniejsze-artykuly","18":"tag-nat_styl","19":"tag-news","20":"tag-omp","21":"tag-pl","22":"tag-pogoda","23":"tag-poland","24":"tag-polish","25":"tag-polska","26":"tag-polski","27":"tag-przymrozki","28":"tag-screening_general","29":"tag-slonce","30":"tag-top-stories","31":"tag-topstories","32":"tag-wiadomosci"},"share_on_mastodon":{"url":"https:\/\/pubeurope.com\/@pl\/115722454954098757","error":""},"_links":{"self":[{"href":"https:\/\/www.europesays.com\/pl\/wp-json\/wp\/v2\/posts\/151510","targetHints":{"allow":["GET"]}}],"collection":[{"href":"https:\/\/www.europesays.com\/pl\/wp-json\/wp\/v2\/posts"}],"about":[{"href":"https:\/\/www.europesays.com\/pl\/wp-json\/wp\/v2\/types\/post"}],"author":[{"embeddable":true,"href":"https:\/\/www.europesays.com\/pl\/wp-json\/wp\/v2\/users\/2"}],"replies":[{"embeddable":true,"href":"https:\/\/www.europesays.com\/pl\/wp-json\/wp\/v2\/comments?post=151510"}],"version-history":[{"count":0,"href":"https:\/\/www.europesays.com\/pl\/wp-json\/wp\/v2\/posts\/151510\/revisions"}],"wp:featuredmedia":[{"embeddable":true,"href":"https:\/\/www.europesays.com\/pl\/wp-json\/wp\/v2\/media\/151511"}],"wp:attachment":[{"href":"https:\/\/www.europesays.com\/pl\/wp-json\/wp\/v2\/media?parent=151510"}],"wp:term":[{"taxonomy":"category","embeddable":true,"href":"https:\/\/www.europesays.com\/pl\/wp-json\/wp\/v2\/categories?post=151510"},{"taxonomy":"post_tag","embeddable":true,"href":"https:\/\/www.europesays.com\/pl\/wp-json\/wp\/v2\/tags?post=151510"}],"curies":[{"name":"wp","href":"https:\/\/api.w.org\/{rel}","templated":true}]}}