{"id":151512,"date":"2025-12-15T07:41:14","date_gmt":"2025-12-15T07:41:14","guid":{"rendered":"https:\/\/www.europesays.com\/pl\/151512\/"},"modified":"2025-12-15T07:41:14","modified_gmt":"2025-12-15T07:41:14","slug":"polska-stocznia-podwaja-zatrudnienie-w-gre-wchodza-nawet-okrety-podwodne","status":"publish","type":"post","link":"https:\/\/www.europesays.com\/pl\/151512\/","title":{"rendered":"Polska stocznia podwaja zatrudnienie. W gr\u0119 wchodz\u0105 nawet okr\u0119ty podwodne"},"content":{"rendered":"<ul>&#13;<\/p>\n<li>W programie Orka Polska kupi okr\u0119ty podwodne w Szwecji, w zamian Szwecja ma kupi\u0107 w Polsce okr\u0119t ratowniczy podobny do budowanego w PGZ Stoczni Wojennej Ratownika.<\/li>\n<p>&#13;<\/p>\n<li>Prezes stoczni Marcin Ryngwelski nie tylko liczy na szwedzkie zam\u00f3wienie, ale \u2013 jak m\u00f3wi \u2013 nie wyobra\u017ca sobie, \u017ceby jego firma nie by\u0142a wiod\u0105c\u0105 w serwisowaniu okr\u0119t\u00f3w podwodnych. &#8211; Plan jest taki, \u017ce ju\u017c na etapie budowy b\u0119dziemy w tym bardzo mocno uczestniczy\u0107. B\u0119dziemy tam je\u017adzi\u0107 i si\u0119 szkoli\u0107 &#8211; t\u0142umaczy w rozmowie z WNP.<\/li>\n<p>&#13;<\/p>\n<li>Stocznia Wojenna nie tylko buduje Ratownika i fregaty rakietowe w programie Miecznik. Aktualnie remontuje te\u017c trzy ma\u0142e okr\u0119ty rakietowe typu Orkan, ale ju\u017c my\u015bli o pracy przy wi\u0119kszej korwecie patrolowej ORP \u015al\u0105zak.<\/li>\n<p>&#13;<\/p>\n<li>Prezes Ryngwelski podkre\u015bla, \u017ce to stocznia z Gdyni powinna wykonywa\u0107 remonty wszystkich okr\u0119t\u00f3w bojowych \u2013 podwodnych i nawodnych rakietowych. &#8211; One powinny by\u0107 naprawiane, utrzymywane i modernizowane w tej stoczni &#8211; m\u00f3wi w wywiadzie dla WNP.<\/li>\n<p>&#13;\n<\/ul>\n<p>PGZ Stocznia Wojenna w Gdyni zajmuje si\u0119 budow\u0105 i remontami okr\u0119t\u00f3w dla si\u0142 zbrojnych. Nie dzia\u0142a natomiast na rynku cywilnym. Najwi\u0119ksz\u0105 obecnie budow\u0105 s\u0105 fregaty rakietowe. Powstaj\u0105 w programie, kt\u00f3remu wojsko nada\u0142o kryptonim Miecznik i kt\u00f3ry wart jest oko\u0142o 15 miliard\u00f3w z\u0142otych.<\/p>\n<p>Pierwszy okr\u0119t, przysz\u0142y ORP Wicher, jest na zaawansowanym etapie budowy i latem 2026 r. ma zosta\u0107 zwodowany. Druga fregata, Burza za kilka dni doczeka si\u0119 po\u0142o\u017cenia st\u0119pki, czyli pocz\u0105tku budowy. Pod koniec listopada w stoczni rozpocz\u0119\u0142o si\u0119 palenie, czyli ci\u0119cie blach pod przysz\u0142y okr\u0119t ratowniczy (program Ratownik z umow\u0105 wart\u0105 oko\u0142o 1 miliarda z\u0142otych). Stocznia Wojenna ma tak\u017ce udzia\u0142 w budowie niszczycieli min typu Kormoran. To ma\u0142e wyspecjalizowane jednostki powstaj\u0105ce w ramach konsorcjum, kt\u00f3rego liderem jest Remontowa Shipbuilding z Gda\u0144ska. Ostatni, sz\u00f3sty okr\u0119t zosta\u0142 zwodowany 11 grudnia.<\/p>\n<p>Aktualnie w Stoczni Wojennej trwaj\u0105 remonty trzech ma\u0142ych okr\u0119t\u00f3w rakietowych typu Orkan. Firma liczy te\u017c na zam\u00f3wienie zwi\u0105zane z dozbrojeniem ORP \u015al\u0105zak. To okr\u0119t, kt\u00f3ry powstawa\u0142 jako korweta rakietowa w programie Gawron, ale po 18 latach budowy zosta\u0142 wcielony do s\u0142u\u017cby jako znacznie l\u017cej uzbrojony patrolowiec. Przeci\u0105ganie si\u0119 programu Gawron przyczyni\u0142o si\u0119 do upad\u0142o\u015bci Stoczni Marynarki Wojennej, kt\u00f3ra nale\u017ca\u0142a do Ministerstwa Obrony Narodowej. To w\u0142a\u015bnie na jej miejsce na prze\u0142omie 2017\/18 r. powo\u0142ano PGZ Stoczni\u0119 Wojenn\u0105, kt\u00f3ra nale\u017cy do pa\u0144stwowej Polskiej Grupy Zbrojeniowej.<\/p>\n<p>Z prezesem Stoczni Wojennej Marcinem Ryngwelskim redakcja WNP rozmawia\u0142a o budowie i remontach okr\u0119t\u00f3w, kszta\u0142ceniu i zatrudnianiu m\u0142odzie\u017cy i powolnej odbudowie kompetencji w przemy\u015ble okr\u0119towym.<\/p>\n<p>Fregaty rakietowe w programie Miecznik<\/p>\n<p>W programie Miecznik PGZ Stocznia Wojenna buduje fregaty rakietowe. Pierwszy okr\u0119t, przysz\u0142y Wicher, jest w hali monta\u017cowej, a tymczasem 18 grudnia ma by\u0107 po\u0142o\u017cenie st\u0119pki kolejnej fregaty, kt\u00f3ra b\u0119dzie nazywa\u0142a si\u0119 Burza. Jest do\u015b\u0107 miejsca w stoczni na prac\u0119 przy obu okr\u0119tach?<\/p>\n<p>&#8211; Najpierw b\u0119dziemy budowali du\u017cy blok \u015br\u00f3dokr\u0119cia Burzy. Z nim wjedziemy do hali, gdy Wicher wyjedzie w sierpniu na wodowanie. Miejsca jest do\u015b\u0107. Trzeba zrobi\u0107 remonty nabrze\u017cy, budujemy now\u0105 malarni\u0119, kilka innych rzeczy.<\/p>\n<p>Ile kosztuj\u0105 te inwestycje?<\/p>\n<p>&#8211; To jest procent od kwoty kontraktu na Mieczniki. Jest czym\u015b normalnym w przemy\u015ble okr\u0119towym, gdzie dostaje si\u0119 \u015brodki na budowanie potencja\u0142u i przygotowanie infrastruktury. My nie uczestniczymy w projektach cywilnych, tylko na rzecz obronno\u015bci pa\u0144stwa.<\/p>\n<p>Czy budowa Wichra idzie zgodnie z harmonogramem?<\/p>\n<blockquote><p>&#13;<\/p>\n<p>&#8211; Tak. W sierpniu wodujemy. Potem dwa lata na wyposa\u017cenie, do ko\u0144ca wakacji 2028 r. Nast\u0119pnie pr\u00f3by na uwi\u0119zi i w marcu 2029 r. idzie w morze. Oddajemy go na koniec roku 2029. Robimy swoje.<\/p>\n<p>&#13;\n<\/p><\/blockquote>\n<p>Ratownik i Orka &#8211; powi\u0105zane programy okr\u0119towe<\/p>\n<p>Pod koniec listopada odby\u0142o si\u0119 ci\u0119cie pierwszych blach pod okr\u0119t ratowniczy budowany w ramach programu Ratownik. Akurat tego samego dnia Ministerstwo Obrony Narodowej og\u0142osi\u0142o, \u017ce Szwecja ma zam\u00f3wi\u0107 w Polsce podobn\u0105 jednostk\u0119. Liczycie na to zam\u00f3wienie?<\/p>\n<p>&#8211; Mamy nadziej\u0119, dlatego \u017ce to nie jest licencja zagraniczna. To jest polska my\u015bl techniczna i mo\u017ce by\u0107 produktem eksportowym.<\/p>\n<p><a href=\"https:\/\/pliki.wnp.pl\/d\/54\/56\/12\/545612.jpg\" class=\"figure-link\" rel=\"nofollow noopener\" target=\"_blank\"><img decoding=\"async\" class=\"figure-img\" loading=\"lazy\" alt=\"Ceremonia ci\u0119cia pierwszej blachy na przysz\u0142y okr\u0119t ratowniczy. Fot. Rafa\u0142 Lesiecki \/ PTWP\" src=\"https:\/\/www.europesays.com\/pl\/wp-content\/uploads\/2025\/11\/545612_940.jpg\" data-big=\"https:\/\/pliki.wnp.pl\/d\/54\/56\/12\/545612.jpg\"\/><\/a>Ceremonia ci\u0119cia pierwszej blachy na przysz\u0142y okr\u0119t ratowniczy. Fot. Rafa\u0142 Lesiecki \/ PTWP<\/p>\n<p>Jakie ma pan do\u015bwiadczenia z firm\u0105 Saab i stoczni\u0105 Kockums, kt\u00f3ra b\u0119dzie budowa\u0142a okr\u0119ty podwodne dla Polski w programie, kt\u00f3ry wojsko nazwa\u0142o Orka?<\/p>\n<p>&#8211; Gratuluj\u0119 Szwedom. Mam bardzo du\u017ce do\u015bwiadczenie z Saabem z czas\u00f3w pracy w Remontowej Shipbuilding. Miesi\u0105cami przygotowywali\u015bmy si\u0119 i negocjowali\u015bmy okr\u0119ty rozpoznania radioelektrycznego Delfin. Du\u017co wcze\u015bniej na Kormoranach instalowali\u015bmy bezza\u0142ogowe pojazdy podwodne od Saaba.<\/p>\n<p>Polska Grupa Zbrojeniowa, czyli wasza sp\u00f3\u0142ka matka, chce zaj\u0105\u0107 si\u0119 serwisowaniem okr\u0119t\u00f3w podwodnych. Tymczasem w portfolio PGZ s\u0105 dwie stocznie \u2013 wojenna i s\u0105siednia Stocznia Remontowa Nauta.<\/p>\n<blockquote><p>&#13;<\/p>\n<p>&#8211; To pozostawiam strategii PGZ, ale nie wyobra\u017cam sobie, \u017ceby\u015bmy to my nie byli wiod\u0105c\u0105 stoczni\u0105 w tym zakresie. Plan jest taki, \u017ce ju\u017c na etapie budowy b\u0119dziemy w tym bardzo mocno uczestniczy\u0107. B\u0119dziemy tam je\u017adzi\u0107 i si\u0119 szkoli\u0107.<\/p>\n<p>&#13;\n<\/p><\/blockquote>\n<p>Tym bardziej, \u017ce chcia\u0142bym, \u017ceby powsta\u0142a w stoczni druga hala, taka sama jak dla Miecznika, \u017ceby zmie\u015bci\u0107 w niej dok p\u0142ywaj\u0105cy. Wtedy okr\u0119ty podwodne mog\u0142yby tu wp\u0142ywa\u0107 na remonty.<\/p>\n<p>Zatrudnienie w PGZ Stoczni Wojennej<\/p>\n<p>Jak stocznia godzi budow\u0119 Miecznik\u00f3w i Ratownika z remontami starszych okr\u0119t\u00f3w?<\/p>\n<p>&#8211; Jeste\u015bmy jedyn\u0105 stoczni\u0105 w kraju, kt\u00f3ra wykonuje budowy i remonty, je\u017celi chodzi o okr\u0119ty wojenne. Praca jest podzielona na dwie dywizje. Jedna zajmuje si\u0119 nowymi budowami, a druga modernizacjami i modyfikacjami. Ci, kt\u00f3rzy uczestnicz\u0105 w remontach, na przyk\u0142ad teraz Orkan\u00f3w albo tra\u0142owc\u00f3w, nie uczestnicz\u0105 w Mieczniku. To s\u0105 zupe\u0142nie inni specjali\u015bci. Tak samo biuro projektowe \u2013 120 os\u00f3b pracuje przy Mieczniku, kolejne 30 os\u00f3b zajmuje si\u0119 Ratownikiem, a kolejne 25 os\u00f3b zajmuje si\u0119 remontami. Mamy bardzo du\u017ce biuro projektowe.<\/p>\n<p>Przy okazji palenia blach dla Ratownika us\u0142yszeli\u015bmy, \u017ce w kilkana\u015bcie miesi\u0119cy zatrudnienie w Stoczni Wojennej wzros\u0142o z nieca\u0142ych 600 do ponad 900 pracownik\u00f3w.<\/p>\n<p>&#8211; By\u0142o dok\u0142adnie 560, a teraz jest 913.<\/p>\n<p>Pracujecie na dwie zmiany, na trzy?<\/p>\n<p>&#8211; Na nocnej zmianie s\u0105 prace konserwacyjno-malarskie. Wiadomo, \u017ce jak Mieczniki i Ratownik b\u0119d\u0105 na etapie wyposa\u017cania, to na trzeci\u0105 zmian\u0119 b\u0119d\u0105 przychodzi\u0142y firmy i wydzia\u0142y wyposa\u017ceniowe.<\/p>\n<p>Jaka jest \u015brednia wieku w stoczni?<\/p>\n<blockquote><p>&#13;<\/p>\n<p>&#8211; Spad\u0142a poni\u017cej 50. roku \u017cycia. Jeszcze niedawno bardzo si\u0119 ba\u0142em, bo mia\u0142em wyliczenia, \u017ce w najbli\u017cszych 15 latach 60 procent kadry odejdzie na emerytur\u0119. Dzisiaj to si\u0119 przed\u0142u\u017cy\u0142o do 22 lat. To oznacza, \u017ce mamy dodatkowe siedem lat na szukanie nast\u0119pc\u00f3w.<\/p>\n<p>&#13;\n<\/p><\/blockquote>\n<p>Pod koniec listopada w stoczni widzia\u0142em zar\u00f3wno pracownik\u00f3w bardzo dojrza\u0142ych, jak i bardzo m\u0142odych.<\/p>\n<p>&#8211; Jako zarz\u0105d bardzo stawiamy na rozw\u00f3j m\u0142odych. Prowadz\u0119 zaj\u0119cia na Akademii Marynarki Wojennej z teorii budowy okr\u0119t\u00f3w, wi\u0119c mam bardzo du\u017c\u0105 styczno\u015b\u0107 z m\u0142odzie\u017c\u0105. Na LinkedInie publikuj\u0119 posty pod has\u0142em &#8222;przemys\u0142 okr\u0119towy jest sztos&#8221;. Dla wielu ludzi to jest nowo\u015b\u0107. Nawet na Pomorzu to si\u0119 kojarzy\u0142o z Lechem Wa\u0142\u0119sa, upad\u0142ymi stoczniami i ci\u0105g\u0142ymi problemami.<\/p>\n<p>Odk\u0105d obecny zarz\u0105d przej\u0105\u0142 kierowanie firm\u0105, najtrudniejsza by\u0142a zmiana mentalno\u015bci. Wiele os\u00f3b pami\u0119ta Stoczni\u0119 Marynarki Wojennej (poprzedniczk\u0119 PGZ Stoczni Wojennej \u2013 przyp. WNP), upad\u0142o\u015b\u0107, problemy. Wprawdzie budowa\u0142y si\u0119 hale, ale dop\u00f3ki nie ma okr\u0119tu w metalu, to dla wielu stoczniowc\u00f3w nie ma pracy. Dopiero teraz, jak widz\u0105, \u017ce Miecznik \u017cyje i w\u0142a\u015bnie dochodzi Ratownik, to powoduje zupe\u0142nie inne podej\u015bcie ludzi do pracy. Ludzie chc\u0105, pr\u00f3buj\u0105, ch\u0119tnie chodz\u0105 na szkolenia, wierz\u0105 w to miejsce pracy jako miejsce docelowe dla siebie, dla swoich rodzin. To jest dla nas najwa\u017cniejsze.<\/p>\n<p><a href=\"https:\/\/pliki.wnp.pl\/d\/54\/71\/43\/547143.jpg\" class=\"figure-link\" rel=\"nofollow noopener\" target=\"_blank\"><img decoding=\"async\" class=\"figure-img\" loading=\"lazy\" alt=\"Wed\u0142ug stanu na ostatnie tygodnie 2025 roku w PGZ Stoczni Wojennej pracowa\u0142o ponad 900 os\u00f3b. Fot: Materia\u0142y prasowe \/ PGZ Stocznia Wojenna\" src=\"https:\/\/www.europesays.com\/pl\/wp-content\/uploads\/2025\/12\/547143_940.jpg\" data-big=\"https:\/\/pliki.wnp.pl\/d\/54\/71\/43\/547143.jpg\"\/><\/a>Wed\u0142ug stanu na ostatnie tygodnie 2025 roku w PGZ Stoczni Wojennej pracowa\u0142o ponad 900 os\u00f3b. Fot: Materia\u0142y prasowe \/ PGZ Stocznia Wojenna<\/p>\n<p>Staramy si\u0119, \u017ceby m\u0142odzi ludzie s\u0142yszeli o Stoczni Wojennej. Dlatego weszli\u015bmy w sponsoring lokalnych klub\u00f3w sportowych. Budujemy \u015bwiadomo\u015b\u0107, \u017ce to jest stabilny pracodawca, rozwojowy, \u017ce mamy prac\u0119 na siedem lat.<\/p>\n<p>Ilu pracownik\u00f3w potrzebuje stocznia?<\/p>\n<p>Ma pan ponad 900 ludzi, a ilu tak naprawd\u0119 potrzeba przy obecnym portfelu zam\u00f3wie\u0144?<\/p>\n<p>&#8211; Dojdziemy na pewno do nie mniej ni\u017c 1200. Wtedy zmieni\u0105 si\u0119 proporcje zatrudnienia i b\u0119dzie 65 procent pracownik\u00f3w na bezpo\u015bredniej produkcji i 35 procent w biurach. Jeszcze niedawno by\u0142o 50 na 50.<\/p>\n<p>W tej chwili ile jest?<\/p>\n<p>&#8211; 60 do 40.<\/p>\n<p>W jednej z wypowiedzi zwraca\u0142 pan uwag\u0119, \u017ce miedzy po\u0142ow\u0105 lat 80. XX wieku a rokiem 2013 nie by\u0142o w Polsce zam\u00f3wie\u0144 na okr\u0119ty, wi\u0119c nie ma co si\u0119 dziwi\u0107, \u017ce mozolnie odbudowujemy kompetencje, je\u015bli chodzi o szko\u0142y, in\u017cynier\u00f3w i dostawc\u00f3w. Jak to si\u0119 przek\u0142ada na pa\u0144skie codzienne funkcjonowanie?<\/p>\n<blockquote><p>&#13;<\/p>\n<p>&#8211; Im wi\u0119cej mamy zam\u00f3wie\u0144, tym wi\u0119cej pojawia si\u0119 firm i specjalist\u00f3w, tym wi\u0119cej ludzi przychodzi do stoczni, tym wi\u0119cej idzie do szk\u00f3\u0142. My otwieramy swoje klasy w szko\u0142ach \u015brednich. Na Akademii Marynarki Wojennej otworzyli\u015bmy kierunek technologiczne wsparcie budowy okr\u0119t\u00f3w. To normalne studia in\u017cynierskie, nasi specjali\u015bci tam ucz\u0105. Za 2-3 lata b\u0119dziemy mieli kolejny narybek m\u0142odych ludzi, kt\u00f3rych sami przygotowujemy i naturalnie kadra w stoczni b\u0119dzie si\u0119 wymienia\u0107.<\/p>\n<p>&#13;\n<\/p><\/blockquote>\n<p>Je\u017celi chodzi o firmy i dostawc\u00f3w, to ten proces te\u017c si\u0119 przesuwa w dobr\u0105 stron\u0119, ale to wymaga czasu.<\/p>\n<p>Ten m\u0142ody narybek to ilu m\u0142odych pracownik\u00f3w rocznie?<\/p>\n<p>&#8211; Aktualnie mamy 75 uczni\u00f3w na praktykach, czyli po jednej klasie w trzech rocznikach. S\u0105 dwa dni w tygodniu u nas i trzy dni w szkole. Musimy otworzy\u0107 kolejn\u0105 sal\u0119 dydaktyczn\u0105 w stoczni.<\/p>\n<p>Remonty &#8211; Orkany i ORP \u015al\u0105zak<\/p>\n<p>Do kiedy potrwaj\u0105 prace przy Orkanach?<\/p>\n<p>&#8211; Pierwszy b\u0119dzie oddany w styczniu-lutym, drugi w czerwcu-lipcu, a trzeci w listopadzie 2026 roku.<\/p>\n<p><a href=\"https:\/\/www.europesays.com\/pl\/wp-content\/uploads\/2025\/12\/547142.jpg\" class=\"figure-link\"><img decoding=\"async\" class=\"figure-img\" loading=\"lazy\" alt=\"Prezes PGZ Stoczni Wojennej Marcin Ryngwelski (po prawej) Fot: Materia\u0142y prasowe \/ PGZ Stocznia Wojenna\" src=\"https:\/\/www.europesays.com\/pl\/wp-content\/uploads\/2025\/12\/547142.jpg\" data-big=\"https:\/\/www.europesays.com\/pl\/wp-content\/uploads\/2025\/12\/547142.jpg\"\/><\/a>Prezes PGZ Stoczni Wojennej Marcin Ryngwelski (po prawej) Fot: Materia\u0142y prasowe \/ PGZ Stocznia Wojenna<\/p>\n<p>Gdyby zapad\u0142a decyzja o modernizacji i dozbrojeniu ORP \u015al\u0105zak, to m\u00f3j zesp\u00f3\u0142, kt\u00f3ry obecnie pracuje przy Orkanach, jest gotowy, \u017ceby p\u0142ynnie przej\u015b\u0107 na \u015al\u0105zaka. Przetrenowa\u0142 si\u0119 na mniejszych okr\u0119tach i b\u0119dzie gotowy, \u017ceby wej\u015b\u0107 na wi\u0119kszy.<\/p>\n<p>Czyli z waszego punktu widzenia idealnie by\u0142oby, gdyby\u015bcie ruszyli ze \u015al\u0105zakiem na pocz\u0105tku 2027 roku?<\/p>\n<blockquote><p>&#13;<\/p>\n<p>&#8211; Wyobra\u017cam sobie to tak, \u017ce do po\u0142owy 2026 roku przychodzi do nas zaproszenie do negocjacji z Agencji Uzbrojenia, a nast\u0119pnie przez p\u00f3\u0142 roku ustalamy wszystkie rzeczy podczas dialogu technicznego z Marynark\u0105 Wojenn\u0105 i wchodzimy w 2027 rok z nowym projektem.<\/p>\n<p>&#13;\n<\/p><\/blockquote>\n<p>Szanse eksportowe Kormoran\u00f3w i przysz\u0142o\u015b\u0107 przemys\u0142u okr\u0119towego w Polsce<\/p>\n<p>Pan ju\u017c kiedy\u015b publicznie m\u00f3wi\u0142 o szansach eksportowych niszczycieli min typu Kormoran na Morzu Czarnym. Po zako\u0144czeniu wojny w Ukrainie trzeba b\u0119dzie oczy\u015bci\u0107 szlaki komunikacyjne. Tylko dlaczego Stocznia Wojenna bierze si\u0119 za eksport Kormoran\u00f3w, kt\u00f3re by\u0142y budowane w Remontowej Shipbuilding?<\/p>\n<p>&#8211; Licencja nale\u017cy do Agencji Uzbrojenia. Podpisali\u015bmy porozumienie z Remontow\u0105 Shipbuilding i Centrum Techniki Morskiej, jeste\u015bmy w konsorcjum i wsp\u00f3lnie szukamy nowych rynk\u00f3w zbytu. Na niedawnej uroczysto\u015bci palenia blach pod Ratownika nie by\u0142o cz\u0119\u015bci os\u00f3b, bo by\u0142y w innym kraju na spotkaniach w sprawie sprzeda\u017cy Kormorana.<\/p>\n<p>Remontowa, gdzie by\u0142em prezesem, jest liderem, ma najwi\u0119kszy udzia\u0142 w Kormoranach, ale nie zapominajmy o innych cz\u0142onkach konsorcjum.<\/p>\n<p>Jaka jest rola Stoczni Wojennej w Kormoranie?<\/p>\n<p>&#8211; Robimy system artyleryjski, czyli armaty, wielkokalibrowe karabiny maszynowe i dostarczamy r\u0119czne zestawy przeciwlotnicze Piorun. My dajemy ca\u0142y system \u0142\u0105czno\u015bci wewn\u0119trznej i zewn\u0119trznej, ca\u0142y system \u0142\u0105czno\u015bci satelitarnej, ca\u0142\u0105 nawigacj\u0119. To wszystko jest po naszej stronie, wi\u0119c nasz wk\u0142ad w Kormorana jest bardzo du\u017cy.<\/p>\n<p>M\u00f3wi pan, \u017ce stocznia ma zam\u00f3wienia na siedem lat do przodu. To bardzo dobry wynik, ale co dalej po 2032 roku?<\/p>\n<p>&#8211; Patrz\u0105c na plan modernizacji technicznej si\u0142 zbrojnych, ile okr\u0119t\u00f3w jest jeszcze do wybudowania, nasza stocznia czy Remontowa w Gda\u0144sku, bo tam te\u017c s\u0105 budowane okr\u0119ty, na pewno maja si\u0119 czym podzieli\u0107. To samo si\u0119 tyczy remont\u00f3w.<\/p>\n<blockquote><p>&#13;<\/p>\n<p>Uwa\u017cam, \u017ce PGZ Stocznia Wojenna powinna wykonywa\u0107 remonty okr\u0119t\u00f3w bojowych \u2013 Miecznik\u00f3w, okr\u0119t\u00f3w podwodnych, wszystkich okr\u0119t\u00f3w rakietowych. One powinny by\u0107 naprawiane, utrzymywane i modernizowane w tej stoczni. Z kolei pomocnicze jednostki, jak zaopatrzeniowe czy hydrograficzne, mog\u0105 obs\u0142ugiwa\u0107 inne stocznie, na przyk\u0142ad przez Naut\u0119 z naszej Grupy.<\/p>\n<p>&#13;\n<\/p><\/blockquote>\n<p>Jakby pan por\u00f3wna\u0142 prac\u0119 w prywatnym i pa\u0144stwowym przemy\u015ble stoczniowym?<\/p>\n<p>&#8211; Wszystko zale\u017cy od ludzi. Od polityki jest Warszawa, a w takich czy innych zak\u0142adach zbrojeniowych czy jakichkolwiek pa\u0144stwowych, kt\u00f3re wytwarzaj\u0105 konkretny produkt, to powinno by\u0107 ponad polityk\u0105, tu powinni by\u0107 tylko fachowcy, kt\u00f3rzy to robi\u0105. Wtedy nie ma \u017cadnej r\u00f3\u017cnicy mi\u0119dzy pa\u0144stwowym a prywatnym, bo tu i tu jest firma produkcyjna, wi\u0119c musi dostarczy\u0107 produkt.<\/p>\n","protected":false},"excerpt":{"rendered":"&#13; W programie Orka Polska kupi okr\u0119ty podwodne w Szwecji, w zamian Szwecja ma kupi\u0107 w Polsce okr\u0119t&hellip;\n","protected":false},"author":2,"featured_media":151513,"comment_status":"","ping_status":"","sticky":false,"template":"","format":"standard","meta":{"footnotes":""},"categories":[5],"tags":[32,33,36,37,27,34,35,28,31,25,42,38,40,39,41,29,30,26],"class_list":{"0":"post-151512","1":"post","2":"type-post","3":"status-publish","4":"format-standard","5":"has-post-thumbnail","7":"category-naglowki","8":"tag-breaking-news","9":"tag-breakingnews","10":"tag-featured-news","11":"tag-featurednews","12":"tag-headlines","13":"tag-latest-news","14":"tag-latestnews","15":"tag-naglowki","16":"tag-najwazniejsze-artykuly","17":"tag-news","18":"tag-pl","19":"tag-poland","20":"tag-polish","21":"tag-polska","22":"tag-polski","23":"tag-top-stories","24":"tag-topstories","25":"tag-wiadomosci"},"share_on_mastodon":{"url":"https:\/\/pubeurope.com\/@pl\/115722458770870332","error":""},"_links":{"self":[{"href":"https:\/\/www.europesays.com\/pl\/wp-json\/wp\/v2\/posts\/151512","targetHints":{"allow":["GET"]}}],"collection":[{"href":"https:\/\/www.europesays.com\/pl\/wp-json\/wp\/v2\/posts"}],"about":[{"href":"https:\/\/www.europesays.com\/pl\/wp-json\/wp\/v2\/types\/post"}],"author":[{"embeddable":true,"href":"https:\/\/www.europesays.com\/pl\/wp-json\/wp\/v2\/users\/2"}],"replies":[{"embeddable":true,"href":"https:\/\/www.europesays.com\/pl\/wp-json\/wp\/v2\/comments?post=151512"}],"version-history":[{"count":0,"href":"https:\/\/www.europesays.com\/pl\/wp-json\/wp\/v2\/posts\/151512\/revisions"}],"wp:featuredmedia":[{"embeddable":true,"href":"https:\/\/www.europesays.com\/pl\/wp-json\/wp\/v2\/media\/151513"}],"wp:attachment":[{"href":"https:\/\/www.europesays.com\/pl\/wp-json\/wp\/v2\/media?parent=151512"}],"wp:term":[{"taxonomy":"category","embeddable":true,"href":"https:\/\/www.europesays.com\/pl\/wp-json\/wp\/v2\/categories?post=151512"},{"taxonomy":"post_tag","embeddable":true,"href":"https:\/\/www.europesays.com\/pl\/wp-json\/wp\/v2\/tags?post=151512"}],"curies":[{"name":"wp","href":"https:\/\/api.w.org\/{rel}","templated":true}]}}