{"id":151514,"date":"2025-12-15T07:42:16","date_gmt":"2025-12-15T07:42:16","guid":{"rendered":"https:\/\/www.europesays.com\/pl\/151514\/"},"modified":"2025-12-15T07:42:16","modified_gmt":"2025-12-15T07:42:16","slug":"ms-u20-w-hokeju-na-lodzie-reprezentacja-polski-przegrala-z-litwa-bez-szans-na-awans-do-elity-sport-tvp-pl","status":"publish","type":"post","link":"https:\/\/www.europesays.com\/pl\/151514\/","title":{"rendered":"M\u015a U20 w hokeju na lodzie. Reprezentacja Polski przegra\u0142a z Litw\u0105. Bez szans na awans do Elity &#8211; sport.tvp.pl"},"content":{"rendered":"<ol>\n<li><a href=\"https:\/\/news.google.com\/rss\/articles\/CBMivwFBVV95cUxQbC1mQ1NjVk04c0pQTmFLQTFNWktIREtKeUNKdzgySFdVZk4tMVJ2S0V4Wlo2NjF3c2U5eW5Bd2xTWi1ELTRHbElJaHIzTzlHRGhPWkh6S2RJUTRjOVVOenFEdkZEaWFwOXk1bE1pcG9hRnBrMGlaT24zSXhMTDRVSmhabDQ1WGdyTi15ZmFSWDdMeUZpdzZBWjVNX1NFYzN5YjhONV9LM3lFeUt6S0RZUDgxWDR0T0l1X0hnU0FDY9IBxAFBVV95cUxNSUxOMlRsX0UxTUc2WDNBUE5PQ0NSQ1NXR1V5VFl2TUZybExJdnlmRWVBbmx4b2tpeGViOGdjWm96UE01VkZ2d052MDNBQ1lPYkZHSWpnUXF1dHRkRFhTdlEzQXJqODBYS01waHdMOE4xT2RNclFxRUJHZThYSlVHbVdpTDh6V09VZi1oRVpzdlBGZEc3QmxPMmtBVkFpNHRJZE1Wb2RITG9hVEh1WDBRTEdqSzY3OEcxNXE2ZTBGdGFUTnJJ?oc=5\" target=\"_blank\" rel=\"nofollow noopener\">M\u015a U20 w hokeju na lodzie. Reprezentacja Polski przegra\u0142a z Litw\u0105. Bez szans na awans do Elity<\/a>&nbsp;&nbsp;sport.tvp.pl<\/li>\n<li><a href=\"https:\/\/news.google.com\/rss\/articles\/CBMiqgFBVV95cUxNNzhNY3BfckhzREh2RGVNNUZUVUlEZV9KS3A4UnBWOFRhTkJVTzRzTjZRQjdFUFFRcUF4d2J6RzVMR0hhTkY3TFkwY3ZWd09NV0hsSTViNU1MbzliVGdPUEYyaVNHaTNjaW84N08yaUxpcUtXSmhXMkhCcjVxLXRnNDRyckNHWHM0MXU0RHhGQUtUV0xEY21VaWZrZXdJTUFxdkFIVFdxdnZXQQ?oc=5\" target=\"_blank\" rel=\"nofollow noopener\">Wielki pech m\u0142odych Polak\u00f3w! Zadecydowa\u0142 jeden gol<\/a>&nbsp;&nbsp;Przegl\u0105d Sportowy Onet<\/li>\n<li><a href=\"https:\/\/news.google.com\/rss\/articles\/CBMiZ0FVX3lxTFBIenprWVJQd1BHT1psNXY5VTI1MkhCUEVNUHBUVlNHcVZ3bzEyc3JScmZ1bHl5RnRCblA5UDdmSGprd1RtMFlOejdkMVlxSlc3d3hOUlc3V0pMTjZzOFVMYnM3SHI3a3M?oc=5\" target=\"_blank\" rel=\"nofollow noopener\">M\u015a U20 IB Na \u017bywo: Polska-Litwa 0:1<\/a>&nbsp;&nbsp;Hokej.Net<\/li>\n<li><a href=\"https:\/\/news.google.com\/rss\/articles\/CBMi8gFBVV95cUxOMTRFZnhPalpubUtEWjVpWkM3S3pPOHFVdXRCTnJCeGc4WUw1ZkR2RG04ZFBVYVd4NlNoc1p4cFNtMTlsYlY3ZTlMVm5UNEFlZWt2UW9KYndIb2FhVk5fWHNfTXc1T3czb2JnUGU0TjhvZXp1dmdJamdRWEU5LUhvbEx4dHNlVXNoN2luXy1MbnFKYk1XdDhrNDNpOEpCMG5VRHVaMEUxYUc4V3V4RXl3R3QxQWhBdzlNWTJ1ZE9PMm1mN2tTcng3Tmg4X0MwQlJGZWZNOS0xVDdaR1JmM2g5bVF2S0lHblhUOTNJWmFFeDY4QQ?oc=5\" target=\"_blank\" rel=\"nofollow noopener\">M\u0142odzi Polacy znakomicie rozpocz\u0119li mistrzostwa \u015bwiata<\/a>&nbsp;&nbsp;Eurosport Polska<\/li>\n<li><a href=\"https:\/\/news.google.com\/rss\/articles\/CBMitgFBVV95cUxQa0JwdGo1Y29SbGhxZFV4VEVTVEQ4amRycklNc1Zsd0pRVnNLRVdUY21GM1M0X3NyMmRZUFZHRFZuR1hmNFNyUE5ZRFlXSkVOclFRZk9XQzlkMTVoUTdOMV9adlJvejFwUGVHRkNxVWliUjNNS3oyQVNrdmZaYzJjRm9YYUFvVkZ4clk0Y2dCMlM4N0tyRS0wSlpSSjhQLURXbXhZVWxKLXJWejRvdGpmX1JNdnFodw?oc=5\" target=\"_blank\" rel=\"nofollow noopener\">M\u0142odzi hokei\u015bci przed wielkim zadaniem! Ruszaj\u0105 z nadziejami i bojowym nastawieniem<\/a>&nbsp;&nbsp;TVP Katowice<\/li>\n<\/ol>\n","protected":false},"excerpt":{"rendered":"M\u015a U20 w hokeju na lodzie. Reprezentacja Polski przegra\u0142a z Litw\u0105. Bez szans na awans do Elity&nbsp;&nbsp;sport.tvp.pl Wielki&hellip;\n","protected":false},"author":2,"featured_media":151515,"comment_status":"","ping_status":"","sticky":false,"template":"","format":"standard","meta":{"footnotes":""},"categories":[24],"tags":[30524,30526,42,38,40,39,41,30525,127,334,126],"class_list":{"0":"post-151514","1":"post","2":"type-post","3":"status-publish","4":"format-standard","5":"has-post-thumbnail","7":"category-sport","8":"tag-hokej-na-lodzie","9":"tag-ms-u20-w-hokeju-na-lodzie","10":"tag-pl","11":"tag-poland","12":"tag-polish","13":"tag-polska","14":"tag-polski","15":"tag-reprezentacja-polski-hokeja-na-lodzie-u20","16":"tag-sport","17":"tag-sport-tvp-pl","18":"tag-sports"},"share_on_mastodon":{"url":"https:\/\/pubeurope.com\/@pl\/115722462487034717","error":""},"_links":{"self":[{"href":"https:\/\/www.europesays.com\/pl\/wp-json\/wp\/v2\/posts\/151514","targetHints":{"allow":["GET"]}}],"collection":[{"href":"https:\/\/www.europesays.com\/pl\/wp-json\/wp\/v2\/posts"}],"about":[{"href":"https:\/\/www.europesays.com\/pl\/wp-json\/wp\/v2\/types\/post"}],"author":[{"embeddable":true,"href":"https:\/\/www.europesays.com\/pl\/wp-json\/wp\/v2\/users\/2"}],"replies":[{"embeddable":true,"href":"https:\/\/www.europesays.com\/pl\/wp-json\/wp\/v2\/comments?post=151514"}],"version-history":[{"count":0,"href":"https:\/\/www.europesays.com\/pl\/wp-json\/wp\/v2\/posts\/151514\/revisions"}],"wp:featuredmedia":[{"embeddable":true,"href":"https:\/\/www.europesays.com\/pl\/wp-json\/wp\/v2\/media\/151515"}],"wp:attachment":[{"href":"https:\/\/www.europesays.com\/pl\/wp-json\/wp\/v2\/media?parent=151514"}],"wp:term":[{"taxonomy":"category","embeddable":true,"href":"https:\/\/www.europesays.com\/pl\/wp-json\/wp\/v2\/categories?post=151514"},{"taxonomy":"post_tag","embeddable":true,"href":"https:\/\/www.europesays.com\/pl\/wp-json\/wp\/v2\/tags?post=151514"}],"curies":[{"name":"wp","href":"https:\/\/api.w.org\/{rel}","templated":true}]}}