{"id":151522,"date":"2025-12-15T07:46:12","date_gmt":"2025-12-15T07:46:12","guid":{"rendered":"https:\/\/www.europesays.com\/pl\/151522\/"},"modified":"2025-12-15T07:46:12","modified_gmt":"2025-12-15T07:46:12","slug":"wojna-w-ukrainie-atak-na-rosje-uszkodzona-elektrocieplownia-i-nalot-na-moskwe","status":"publish","type":"post","link":"https:\/\/www.europesays.com\/pl\/151522\/","title":{"rendered":"Wojna w Ukrainie. Atak na Rosj\u0119, uszkodzona elektrociep\u0142ownia i nalot na Moskw\u0119"},"content":{"rendered":"<p>W skr\u00f3cie<\/p>\n<ul class=\"typography ids-typeset-body ids-typeset-body--preset-large list ids-list ids-list--unordered ids-list--size-large \" datatype=\"disc\">\n<li class=\"ids-list-item\">\n<p>Noc\u0105 dosz\u0142o do zmasowanego ataku dron\u00f3w na Moskw\u0119 oraz obwody bie\u0142gorodzki, rostowski i astracha\u0144ski.<\/p>\n<\/li>\n<li class=\"ids-list-item\">\n<p>Rosyjskie w\u0142adze informuj\u0105 o zestrzeleniu \u0142\u0105cznie 130 dron\u00f3w, w tym 18 lac\u0105cych na Moskw\u0119.<\/p>\n<\/li>\n<li class=\"ids-list-item\">\n<p>W Bie\u0142gorodzie dosz\u0142o do powa\u017cnych uszkodze\u0144 infrastruktury oraz przerw w dostawie pr\u0105du.<\/p>\n<\/li>\n<li class=\"ids-list-item\"><\/li>\n<\/ul>\n<p class=\"typography ids-typeset-body ids-typeset-body--preset-large link paragraph ids-paragraph ids-paragraph--default\">Rankiem 15 grudnia rosyjski resort obrony przekaza\u0142, \u017ce w nocy uda\u0142o si\u0119 zestrzeli\u0107 130 dron\u00f3w. Najbardziej atakowanym regionem mia\u0142 by\u0107 obw\u00f3d astracha\u0144ski, gdzie rzekomo zestrzelono 38 dron\u00f3w. W obwodach\u00a0rostowskim i bie\u0142gorodzkim Rosjanie mieli zniszczy\u0107 osiem bezza\u0142ogowc\u00f3w.<\/p>\n<p class=\"typography ids-typeset-body ids-typeset-body--preset-large link paragraph ids-paragraph ids-paragraph--default\">Mer <a href=\"https:\/\/wydarzenia.interia.pl\/tematy-moskwa,gsbi,4412\" rel=\"nofollow noopener\" target=\"_blank\">Moskwy<\/a> Siergiej Sobianin przekaza\u0142, \u017ce <a href=\"https:\/\/geekweek.interia.pl\/marki-i-produkty-drony,gsbi,2809\" rel=\"nofollow noopener\" target=\"_blank\">drony<\/a> zacz\u0119\u0142y atakowa\u0107 stolic\u0119 w niedziel\u0119 wieczorem. Do poniedzia\u0142kowego poranka obrona przeciwlotnicza mia\u0142a zestrzeli\u0107 18 z nich. Na razie nie ma informacji o zniszczeniach lub ofiarach.<\/p>\n<p class=\"typography ids-typeset-body ids-typeset-body--preset-large link paragraph ids-paragraph ids-paragraph--default\">Drony nadlecia\u0142y z zachodu i wi\u0119kszo\u015b\u0107 eksplozji podczas obrony przed atakiem odnotowano w rejonie istri\u0144skim pod Moskw\u0105. Rosjanie musieli tymczasowo zatrzyma\u0107 dzia\u0142anie mi\u0119dzy innymi port\u00f3w lotniczych Domodiedowo i Szeremietiewo.<\/p>\n<p>Atak dron\u00f3w na Rosj\u0119. Przerwy w dostawach pr\u0105du<\/p>\n<p class=\"typography ids-typeset-body ids-typeset-body--preset-large link paragraph ids-paragraph ids-paragraph--default\">Tymczasem gubernator obwodu bie\u0142gorodziego Wiaczes\u0142aw G\u0142adkow przekaza\u0142, \u017ce &#8222;w wyniku ostrza\u0142u dosz\u0142o do powa\u017cnych uszkodze\u0144 infrastruktury in\u017cynieryjnej&#8221;.<\/p>\n<p class=\"typography ids-typeset-body ids-typeset-body--preset-large link paragraph ids-paragraph ids-paragraph--default\">G\u0142adkow nie poda\u0142 dok\u0142adniejszych informacji o uszkodzeniach, ale mieszka\u0144cy regionu w mediach spo\u0142eczno\u015bciowych informowali o s\u0142upie dymu w pobli\u017cu elektrociep\u0142owni \u0141ucz. Publikowali r\u00f3wnie\u017c zdj\u0119cia potwierdzaj\u0105ce uszkodzenia.<\/p>\n<p class=\"typography ids-typeset-body ids-typeset-body--preset-large link paragraph ids-paragraph ids-paragraph--default\">P\u00f3\u017aniej w ich relacjach pojawi\u0142y si\u0119 r\u00f3wnie\u017c doniesienia o przerwach w dostawie energii elektrycznej w Bie\u0142gorodzie.<\/p>\n<p>&#8222;Wydarzenia&#8221;: Wr\u00f3ci powszechny pob\u00f3r? Ministerstwo stawia spraw\u0119 jasnoPolsat News<\/p>\n<p><a class=\"ids-undecorated-link source ids-page-info--source__link\" href=\"https:\/\/www.interia.pl\" rel=\"nofollow noopener\" target=\"_blank\"><img decoding=\"async\" class=\"ids-image-holder__img\" loading=\"lazy\" alt=\"\" title=\"\" height=\"24px\" src=\"https:\/\/www.europesays.com\/pl\/wp-content\/uploads\/2025\/12\/1765749733_358_0009A60QQ5I2TYF7-C202-F4.webp.webp\"\/><\/a><\/p>\n<p>Masz sugestie, uwagi albo widzisz b\u0142\u0105d? Napisz do nas<\/p>\n","protected":false},"excerpt":{"rendered":"W skr\u00f3cie Noc\u0105 dosz\u0142o do zmasowanego ataku dron\u00f3w na Moskw\u0119 oraz obwody bie\u0142gorodzki, rostowski i astracha\u0144ski. Rosyjskie w\u0142adze&hellip;\n","protected":false},"author":2,"featured_media":151523,"comment_status":"","ping_status":"","sticky":false,"template":"","format":"standard","meta":{"footnotes":""},"categories":[14],"tags":[32,33,27,34,35,28,31,25,40,41,80,29,30,26,82,83,84],"class_list":{"0":"post-151522","1":"post","2":"type-post","3":"status-publish","4":"format-standard","5":"has-post-thumbnail","7":"category-swiat","8":"tag-breaking-news","9":"tag-breakingnews","10":"tag-headlines","11":"tag-latest-news","12":"tag-latestnews","13":"tag-naglowki","14":"tag-najwazniejsze-artykuly","15":"tag-news","16":"tag-polish","17":"tag-polski","18":"tag-swiat","19":"tag-top-stories","20":"tag-topstories","21":"tag-wiadomosci","22":"tag-world","23":"tag-world-news","24":"tag-worldnews"},"share_on_mastodon":{"url":"https:\/\/pubeurope.com\/@pl\/115722478756706552","error":""},"_links":{"self":[{"href":"https:\/\/www.europesays.com\/pl\/wp-json\/wp\/v2\/posts\/151522","targetHints":{"allow":["GET"]}}],"collection":[{"href":"https:\/\/www.europesays.com\/pl\/wp-json\/wp\/v2\/posts"}],"about":[{"href":"https:\/\/www.europesays.com\/pl\/wp-json\/wp\/v2\/types\/post"}],"author":[{"embeddable":true,"href":"https:\/\/www.europesays.com\/pl\/wp-json\/wp\/v2\/users\/2"}],"replies":[{"embeddable":true,"href":"https:\/\/www.europesays.com\/pl\/wp-json\/wp\/v2\/comments?post=151522"}],"version-history":[{"count":0,"href":"https:\/\/www.europesays.com\/pl\/wp-json\/wp\/v2\/posts\/151522\/revisions"}],"wp:featuredmedia":[{"embeddable":true,"href":"https:\/\/www.europesays.com\/pl\/wp-json\/wp\/v2\/media\/151523"}],"wp:attachment":[{"href":"https:\/\/www.europesays.com\/pl\/wp-json\/wp\/v2\/media?parent=151522"}],"wp:term":[{"taxonomy":"category","embeddable":true,"href":"https:\/\/www.europesays.com\/pl\/wp-json\/wp\/v2\/categories?post=151522"},{"taxonomy":"post_tag","embeddable":true,"href":"https:\/\/www.europesays.com\/pl\/wp-json\/wp\/v2\/tags?post=151522"}],"curies":[{"name":"wp","href":"https:\/\/api.w.org\/{rel}","templated":true}]}}