{"id":151524,"date":"2025-12-15T07:47:18","date_gmt":"2025-12-15T07:47:18","guid":{"rendered":"https:\/\/www.europesays.com\/pl\/151524\/"},"modified":"2025-12-15T07:47:18","modified_gmt":"2025-12-15T07:47:18","slug":"nagranie-z-poznania-niesie-sie-po-sieci-internauci-oburzeni-paranoja-2","status":"publish","type":"post","link":"https:\/\/www.europesays.com\/pl\/151524\/","title":{"rendered":"Nagranie z Poznania niesie si\u0119 po sieci. Internauci oburzeni. &#8222;Paranoja&#8221;"},"content":{"rendered":"<p class=\"ods-c-paragraph \">Pozna\u0144 w sobot\u0119 (13 grudnia) przyci\u0105gn\u0105\u0142 t\u0142umy mieszka\u0144c\u00f3w na Plac Wolno\u015bci. Wszystko za spraw\u0105 charakterystycznej czerwonej ci\u0119\u017car\u00f3wki Coca-Coli, kt\u00f3ra sta\u0142a si\u0119 lokaln\u0105 atrakcj\u0105. Portal epoznan.pl pokaza\u0142 nagranie z tego wydarzenia, kt\u00f3re w kr\u00f3tkim czasie zdoby\u0142o ogromn\u0105 popularno\u015b\u0107 w sieci.<\/p>\n<p>Dalszy ci\u0105g artyku\u0142u pod materia\u0142em wideo<\/p>\n<p> Gdzie by\u0142a charakterystyczna czerwona ci\u0119\u017car\u00f3wka Coca-Coli? <\/p>\n<p> Czego dotyczy\u0142o nagranie z Poznania? <\/p>\n<p> Kiedy ci\u0119\u017car\u00f3wka Coca-Coli przyjedzie do E\u0142ku? <\/p>\n<p> Jakie by\u0142y reakcje internaut\u00f3w na wydarzenie w Poznaniu? <\/p>\n<p>  Nagranie z Poznania niesie si\u0119 po sieci<\/p>\n<p class=\"ods-c-paragraph \">Na materiale wida\u0107 rzesze ludzi zgromadzonych wok\u00f3\u0142 pojazdu. Transmisj\u0119, kt\u00f3ra by\u0142a prowadzona na \u017cywo, obejrza\u0142o ju\u017c ponad 60 tys. internaut\u00f3w.<\/p>\n<blockquote class=\"ods-o-quota\">\n<p class=\"ods-o-quota__paragraph\">Wielki t\u0142um przyszed\u0142 zobaczy\u0107 wyj\u0105tkow\u0105 czerwon\u0105 ci\u0119\u017car\u00f3wk\u0119<\/p>\n<\/blockquote>\n<p class=\"ods-c-paragraph \">\u2014 czytamy w opisie filmu.<\/p>\n<p>Pokazali, co dzia\u0142o si\u0119 w Poznaniu. Internauci oburzeni   <\/p>\n<p class=\"ods-c-paragraph \">Na reakcje internaut\u00f3w d\u0142ugo nie trzeba by\u0142o czeka\u0107. Cz\u0119\u015b\u0107 z nich by\u0142a rozbawiona, inni narzekali na t\u0142ok i utrudnienia w ruchu.<\/p>\n<blockquote class=\"ods-o-quota\">\n<p class=\"ods-o-quota__paragraph\">&#8222;Super!&#8221;, &#8222;Coraz bli\u017cej \u015bwi\u0105t&#8221;, &#8222;Super, weso\u0142ych wspomnie\u0144 \u017cycz\u0119 wszystkim&#8221;<\/p>\n<\/blockquote>\n<p class=\"ods-c-paragraph \">\u2014 pisz\u0105<\/p>\n<p class=\"ods-c-paragraph \">&#8222;I p\u00f3\u0142 miasta zakorkowane. Do domu nie idzie dojecha\u0107&#8221;, &#8222;Stoj\u0105 dwie godziny, \u017ceby dosta\u0107 col\u0119 za darmo&#8221;, &#8222;Komercjalizacja \u015bwi\u0105t&#8221;, &#8222;Paranoja&#8221;, &#8222;Tylko wsp\u00f3\u0142czu\u0107&#8221;, &#8222;Wystarczy puszka darmowej coli i t\u0142um kupiony&#8221;, &#8222;A to ci\u0119\u017car\u00f3wki nigdy nie widzieli?&#8221;, &#8222;Wstyd, \u017ce doro\u015bli ustawiaj\u0105 si\u0119 w kolejce za puszk\u0105 coli&#8221; \u2014 dodaj\u0105 kolejni.<\/p>\n<p class=\"ods-c-paragraph \">Ostatnim przystankiem tej charakterystycznej ci\u0119\u017car\u00f3wki b\u0119dzie E\u0142k, gdzie pojawi si\u0119 15 grudnia.<\/p>\n","protected":false},"excerpt":{"rendered":"Pozna\u0144 w sobot\u0119 (13 grudnia) przyci\u0105gn\u0105\u0142 t\u0142umy mieszka\u0144c\u00f3w na Plac Wolno\u015bci. Wszystko za spraw\u0105 charakterystycznej czerwonej ci\u0119\u017car\u00f3wki Coca-Coli,&hellip;\n","protected":false},"author":2,"featured_media":151525,"comment_status":"","ping_status":"","sticky":false,"template":"","format":"standard","meta":{"footnotes":""},"categories":[12],"tags":[210,32,33,30274,36,37,27,34,35,28,31,48,25,46,42,38,40,39,41,1817,47,29,30,26],"class_list":{"0":"post-151524","1":"post","2":"type-post","3":"status-publish","4":"format-standard","5":"has-post-thumbnail","7":"category-polska","8":"tag-aktualnosci","9":"tag-breaking-news","10":"tag-breakingnews","11":"tag-coca_cola","12":"tag-featured-news","13":"tag-featurednews","14":"tag-headlines","15":"tag-latest-news","16":"tag-latestnews","17":"tag-naglowki","18":"tag-najwazniejsze-artykuly","19":"tag-nat_styl","20":"tag-news","21":"tag-omp","22":"tag-pl","23":"tag-poland","24":"tag-polish","25":"tag-polska","26":"tag-polski","27":"tag-poznan","28":"tag-screening_general","29":"tag-top-stories","30":"tag-topstories","31":"tag-wiadomosci"},"share_on_mastodon":{"url":"https:\/\/pubeurope.com\/@pl\/115722482201701211","error":""},"_links":{"self":[{"href":"https:\/\/www.europesays.com\/pl\/wp-json\/wp\/v2\/posts\/151524","targetHints":{"allow":["GET"]}}],"collection":[{"href":"https:\/\/www.europesays.com\/pl\/wp-json\/wp\/v2\/posts"}],"about":[{"href":"https:\/\/www.europesays.com\/pl\/wp-json\/wp\/v2\/types\/post"}],"author":[{"embeddable":true,"href":"https:\/\/www.europesays.com\/pl\/wp-json\/wp\/v2\/users\/2"}],"replies":[{"embeddable":true,"href":"https:\/\/www.europesays.com\/pl\/wp-json\/wp\/v2\/comments?post=151524"}],"version-history":[{"count":0,"href":"https:\/\/www.europesays.com\/pl\/wp-json\/wp\/v2\/posts\/151524\/revisions"}],"wp:featuredmedia":[{"embeddable":true,"href":"https:\/\/www.europesays.com\/pl\/wp-json\/wp\/v2\/media\/151525"}],"wp:attachment":[{"href":"https:\/\/www.europesays.com\/pl\/wp-json\/wp\/v2\/media?parent=151524"}],"wp:term":[{"taxonomy":"category","embeddable":true,"href":"https:\/\/www.europesays.com\/pl\/wp-json\/wp\/v2\/categories?post=151524"},{"taxonomy":"post_tag","embeddable":true,"href":"https:\/\/www.europesays.com\/pl\/wp-json\/wp\/v2\/tags?post=151524"}],"curies":[{"name":"wp","href":"https:\/\/api.w.org\/{rel}","templated":true}]}}